{"id":105350,"date":"2024-10-11T17:04:10","date_gmt":"2024-10-11T21:04:10","guid":{"rendered":"https:\/\/wekh.ca\/?p=105350"},"modified":"2026-02-03T14:13:07","modified_gmt":"2026-02-03T19:13:07","slug":"valorisation-des-femmes-entrepreneures-le-diversity-institute-a-francotech-2024","status":"publish","type":"post","link":"https:\/\/wekh.ca\/fr\/valorisation-des-femmes-entrepreneures-le-diversity-institute-a-francotech-2024\/","title":{"rendered":"Valorisation des femmes entrepreneures : Le diversity Institute \u00e0 FrancoTech 2024"},"content":{"rendered":"<?xml encoding=\"utf-8\" ?><p class=\"has-medium-font-size\" role=\"heading\">Dans le cadre de la d&eacute;l&eacute;gation ontarienne, l&rsquo;institut a renforc&eacute; ses liens avec l&rsquo;&eacute;cosyst&egrave;me entrepreneurial francophone.<\/p><figure class=\"wp-block-image size-large\">\r\n<figcaption class=\"wp-element-caption\"><em role=\"heading\">Premier rang, de gauche &agrave; droite : Richard Kempler, directeur g&eacute;n&eacute;ral de la F&eacute;d&eacute;ration des gens d&rsquo;affaires francophones de l&rsquo;Ontario, Dominic Mailloux, pr&eacute;sident de la F&eacute;d&eacute;ration des gens d&rsquo;affaires francophones de l&rsquo;Ontario, l&rsquo;Honorable Caroline Mulroney, Ministre des Affaires francophones de l&rsquo;Ontario, Justin Trudeau, Premier ministre du Canada, et Sabine Soumare, directrice g&eacute;n&eacute;rale&nbsp; du Portail de Connaissances pour les Femmes en Entrepreneuriat (PCFE) Credit photo: Jos&eacute; Mafra Vilarim da Costa<\/em><\/figcaption>\r\n<\/figure><p role=\"heading\">Cette ann&eacute;e, la France a accueilli le <a href=\"https:\/\/www.francophonie.org\/\" target=\"_blank\" rel=\"noreferrer noopener\">19e Sommet de la Francophonie<\/a> et a simultan&eacute;ment organis&eacute; <a href=\"https:\/\/salon-francotech.org\/\" target=\"_blank\" rel=\"noreferrer noopener\">FrancoTech 2024<\/a>, qui s&rsquo;est tenu les 3 et 4 octobre &agrave; Station F &agrave; Paris, en France. Le <a href=\"https:\/\/www.torontomu.ca\/diversity\/\" target=\"_blank\" rel=\"noreferrer noopener\">Diversity Institute<\/a>, repr&eacute;sent&eacute; par Sabine Soumare, directrice g&eacute;n&eacute;rale du Portail de Connaissances pour les Femmes en Entrepreneuriat (PCFE) du Diversity Institute, a particip&eacute; en tant que membre de la d&eacute;l&eacute;gation ontarienne. L&rsquo;objectif &eacute;tait de renforcer les liens avec l&rsquo;&eacute;cosyst&egrave;me entrepreneurial francophone mondial. Organis&eacute; par le <a href=\"https:\/\/www.diplomatie.gouv.fr\/fr\/\" target=\"_blank\" rel=\"noreferrer noopener\">Minist&egrave;re fran&ccedil;ais de l&rsquo;Europe et des Affaires &eacute;trang&egrave;res<\/a>, <a href=\"https:\/\/www.businessfrance.fr\/en\/home\" target=\"_blank\" rel=\"noreferrer noopener\">Business France<\/a> et <a href=\"https:\/\/www.patronats-francophones.org\/\" target=\"_blank\" rel=\"noreferrer noopener\">l&rsquo;Alliance des Patronats Francophones<\/a>, cet &eacute;v&eacute;nement international a rassembl&eacute; des dirigeants pour explorer les mutations &eacute;conomiques, technologiques et soci&eacute;tales ayant un impact sur la communaut&eacute; francophone mondiale.<\/p><figure class=\"wp-block-image size-large\"><img decoding=\"async\" class=\"lazyload_inited wp-image-100333\" src=\"https:\/\/wekh.ca\/wp-content\/uploads\/2024\/10\/Francotech_2-1-1024x768.jpg\" alt=\"Deux femmes et un homme souriant &agrave; la cam&eacute;ra lors d'une conf&eacute;rence\">\r\n<figcaption class=\"wp-element-caption\"><em role=\"heading\">De gauche &agrave; droite : Sabine Soumare, directrice g&eacute;n&eacute;rale&nbsp; du Portail de Connaissances pour les Femmes en Entrepreneuriat (PCFE), l&rsquo;Honorable Colton LeBlanc, Ministre des Affaires Acadiennes et de la Francophonie, et Sylvie Painchaud, directrice ex&eacute;cutive du Conseil des Ministres sur la Francophonie canadienne.<\/em><\/figcaption>\r\n<\/figure><p role=\"heading\">Soumare a assist&eacute; &agrave; la conf&eacute;rence aux c&ocirc;t&eacute;s de dirigeants tels que l&rsquo;Honorable Colton LeBlanc, Ministre des Affaires Acadiennes et de la Francophonie, et Sylvie Painchaud, directrice ex&eacute;cutive du Conseil des Ministres sur la Francophonie canadienne. Un moment particuli&egrave;rement m&eacute;morable fut l&rsquo;opportunit&eacute; pour la d&eacute;l&eacute;gation ontarienne de rencontrer le Pr&eacute;sident de la France, Emmanuel Macron, qui les a salu&eacute;s personnellement. Le deuxi&egrave;me jour, le Premier Ministre du Canada, Justin Trudeau, l&rsquo;Honorable M&eacute;lanie Joly, Ministre des Affaires &eacute;trang&egrave;res du Canada, et l&rsquo;Honorable Caroline Mulroney, Ministre des Affaires francophones de l&rsquo;Ontario, ont particip&eacute; &agrave; des discussions concernant l&rsquo;intelligence artificielle (IA) et les technologies num&eacute;riques, ainsi que l&rsquo;immense potentiel de ces secteurs pour les femmes entrepreneures francophones.<\/p><p role=\"heading\">Le Diversity Institute a particip&eacute; &agrave; FrancoTech 2024 gr&acirc;ce &agrave; une invitation de la <a href=\"https:\/\/fedefranco.ca\/\" target=\"_blank\" rel=\"noreferrer noopener\">F&eacute;d&eacute;ration des gens d&rsquo;affaires francophones de l&rsquo;Ontario<\/a> et du <a href=\"https:\/\/www.ontario.ca\/fr\/page\/gouvernement-de-lontario\" target=\"_blank\" rel=\"noreferrer noopener\">gouvernement de l&rsquo;Ontario<\/a>, qui ont jou&eacute; un r&ocirc;le cl&eacute; dans l&rsquo;&eacute;tablissement de nouveaux partenariats et l&rsquo;&eacute;largissement des discussions sur l&rsquo;entrepreneuriat, l&rsquo;innovation et l&rsquo;IA en tant que moteurs d&rsquo;une Francophonie dynamique.<\/p>\n","protected":false},"excerpt":{"rendered":"<p>&hellip;<\/p>\n","protected":false},"author":8230,"featured_media":104875,"comment_status":"closed","ping_status":"closed","sticky":false,"template":"","format":"standard","meta":{"_acf_changed":false,"_bbp_topic_count":0,"_bbp_reply_count":0,"_bbp_total_topic_count":0,"_bbp_total_reply_count":0,"_bbp_voice_count":0,"_bbp_anonymous_reply_count":0,"_bbp_topic_count_hidden":0,"_bbp_reply_count_hidden":0,"_bbp_forum_subforum_count":0,"footnotes":""},"categories":[6331,6329],"tags":[],"class_list":["post-105350","post","type-post","status-publish","format-standard","has-post-thumbnail","hentry","category-evenements","category-femmes-entrepreneures"],"acf":[],"yoast_head":"<!-- This site is optimized with the Yoast SEO plugin v27.5 - https:\/\/yoast.com\/product\/yoast-seo-wordpress\/ -->\n<title>Valorisation des femmes entrepreneures : Le diversity Institute \u00e0 FrancoTech 2024 - WEKH-PCFE<\/title>\n<meta name=\"robots\" content=\"index, follow, max-snippet:-1, max-image-preview:large, max-video-preview:-1\" \/>\n<link rel=\"canonical\" href=\"https:\/\/wekh.ca\/fr\/valorisation-des-femmes-entrepreneures-le-diversity-institute-a-francotech-2024\/\" \/>\n<meta property=\"og:locale\" content=\"fr_FR\" \/>\n<meta property=\"og:type\" content=\"article\" \/>\n<meta property=\"og:title\" content=\"Valorisation des femmes entrepreneures : Le diversity Institute \u00e0 FrancoTech 2024 - WEKH-PCFE\" \/>\n<meta property=\"og:description\" content=\"&hellip;\" \/>\n<meta property=\"og:url\" content=\"https:\/\/wekh.ca\/fr\/valorisation-des-femmes-entrepreneures-le-diversity-institute-a-francotech-2024\/\" \/>\n<meta property=\"og:site_name\" content=\"WEKH-PCFE\" \/>\n<meta property=\"article:published_time\" content=\"2024-10-11T21:04:10+00:00\" \/>\n<meta property=\"article:modified_time\" content=\"2026-02-03T19:13:07+00:00\" \/>\n<meta property=\"og:image\" content=\"https:\/\/wekh.ca\/wp-content\/uploads\/2024\/10\/Francotech_1.jpg\" \/>\n\t<meta property=\"og:image:width\" content=\"1200\" \/>\n\t<meta property=\"og:image:height\" content=\"675\" \/>\n\t<meta property=\"og:image:type\" content=\"image\/jpeg\" \/>\n<meta name=\"author\" content=\"Deirdre O&#039;Beirne-Rosaeg\" \/>\n<meta name=\"twitter:card\" content=\"summary_large_image\" \/>\n<meta name=\"twitter:label1\" content=\"\u00c9crit par\" \/>\n\t<meta name=\"twitter:data1\" content=\"Deirdre O&#039;Beirne-Rosaeg\" \/>\n\t<meta name=\"twitter:label2\" content=\"Dur\u00e9e de lecture estim\u00e9e\" \/>\n\t<meta name=\"twitter:data2\" content=\"3 minutes\" \/>\n<script type=\"application\/ld+json\" class=\"yoast-schema-graph\">{\"@context\":\"https:\\\/\\\/schema.org\",\"@graph\":[{\"@type\":\"Article\",\"@id\":\"https:\\\/\\\/wekh.ca\\\/fr\\\/valorisation-des-femmes-entrepreneures-le-diversity-institute-a-francotech-2024\\\/#article\",\"isPartOf\":{\"@id\":\"https:\\\/\\\/wekh.ca\\\/fr\\\/valorisation-des-femmes-entrepreneures-le-diversity-institute-a-francotech-2024\\\/\"},\"author\":{\"name\":\"Deirdre O'Beirne-Rosaeg\",\"@id\":\"https:\\\/\\\/wekh.ca\\\/#\\\/schema\\\/person\\\/0ef71c822bc3208949644604ff2b1bc3\"},\"headline\":\"Valorisation des femmes entrepreneures : Le diversity Institute \u00e0 FrancoTech 2024\",\"datePublished\":\"2024-10-11T21:04:10+00:00\",\"dateModified\":\"2026-02-03T19:13:07+00:00\",\"mainEntityOfPage\":{\"@id\":\"https:\\\/\\\/wekh.ca\\\/fr\\\/valorisation-des-femmes-entrepreneures-le-diversity-institute-a-francotech-2024\\\/\"},\"wordCount\":482,\"publisher\":{\"@id\":\"https:\\\/\\\/wekh.ca\\\/#organization\"},\"image\":{\"@id\":\"https:\\\/\\\/wekh.ca\\\/fr\\\/valorisation-des-femmes-entrepreneures-le-diversity-institute-a-francotech-2024\\\/#primaryimage\"},\"thumbnailUrl\":\"https:\\\/\\\/wekh.ca\\\/wp-content\\\/uploads\\\/2024\\\/10\\\/Francotech_1.jpg\",\"articleSection\":[\"\u00c9v\u00e9nements\",\"Femmes Entrepreneures\"],\"inLanguage\":\"fr-FR\"},{\"@type\":\"WebPage\",\"@id\":\"https:\\\/\\\/wekh.ca\\\/fr\\\/valorisation-des-femmes-entrepreneures-le-diversity-institute-a-francotech-2024\\\/\",\"url\":\"https:\\\/\\\/wekh.ca\\\/fr\\\/valorisation-des-femmes-entrepreneures-le-diversity-institute-a-francotech-2024\\\/\",\"name\":\"Valorisation des femmes entrepreneures : Le diversity Institute \u00e0 FrancoTech 2024 - WEKH-PCFE\",\"isPartOf\":{\"@id\":\"https:\\\/\\\/wekh.ca\\\/#website\"},\"primaryImageOfPage\":{\"@id\":\"https:\\\/\\\/wekh.ca\\\/fr\\\/valorisation-des-femmes-entrepreneures-le-diversity-institute-a-francotech-2024\\\/#primaryimage\"},\"image\":{\"@id\":\"https:\\\/\\\/wekh.ca\\\/fr\\\/valorisation-des-femmes-entrepreneures-le-diversity-institute-a-francotech-2024\\\/#primaryimage\"},\"thumbnailUrl\":\"https:\\\/\\\/wekh.ca\\\/wp-content\\\/uploads\\\/2024\\\/10\\\/Francotech_1.jpg\",\"datePublished\":\"2024-10-11T21:04:10+00:00\",\"dateModified\":\"2026-02-03T19:13:07+00:00\",\"breadcrumb\":{\"@id\":\"https:\\\/\\\/wekh.ca\\\/fr\\\/valorisation-des-femmes-entrepreneures-le-diversity-institute-a-francotech-2024\\\/#breadcrumb\"},\"inLanguage\":\"fr-FR\",\"potentialAction\":[{\"@type\":\"ReadAction\",\"target\":[\"https:\\\/\\\/wekh.ca\\\/fr\\\/valorisation-des-femmes-entrepreneures-le-diversity-institute-a-francotech-2024\\\/\"]}]},{\"@type\":\"ImageObject\",\"inLanguage\":\"fr-FR\",\"@id\":\"https:\\\/\\\/wekh.ca\\\/fr\\\/valorisation-des-femmes-entrepreneures-le-diversity-institute-a-francotech-2024\\\/#primaryimage\",\"url\":\"https:\\\/\\\/wekh.ca\\\/wp-content\\\/uploads\\\/2024\\\/10\\\/Francotech_1.jpg\",\"contentUrl\":\"https:\\\/\\\/wekh.ca\\\/wp-content\\\/uploads\\\/2024\\\/10\\\/Francotech_1.jpg\",\"width\":1200,\"height\":675},{\"@type\":\"BreadcrumbList\",\"@id\":\"https:\\\/\\\/wekh.ca\\\/fr\\\/valorisation-des-femmes-entrepreneures-le-diversity-institute-a-francotech-2024\\\/#breadcrumb\",\"itemListElement\":[{\"@type\":\"ListItem\",\"position\":1,\"name\":\"Home\",\"item\":\"https:\\\/\\\/wekh.ca\\\/\"},{\"@type\":\"ListItem\",\"position\":2,\"name\":\"Valorisation des femmes entrepreneures : Le diversity Institute \u00e0 FrancoTech 2024\"}]},{\"@type\":\"WebSite\",\"@id\":\"https:\\\/\\\/wekh.ca\\\/#website\",\"url\":\"https:\\\/\\\/wekh.ca\\\/\",\"name\":\"WEKH-PCFE\",\"description\":\"Women Entrepreneurship Knowledge Hub\",\"publisher\":{\"@id\":\"https:\\\/\\\/wekh.ca\\\/#organization\"},\"potentialAction\":[{\"@type\":\"SearchAction\",\"target\":{\"@type\":\"EntryPoint\",\"urlTemplate\":\"https:\\\/\\\/wekh.ca\\\/?s={search_term_string}\"},\"query-input\":{\"@type\":\"PropertyValueSpecification\",\"valueRequired\":true,\"valueName\":\"search_term_string\"}}],\"inLanguage\":\"fr-FR\"},{\"@type\":\"Organization\",\"@id\":\"https:\\\/\\\/wekh.ca\\\/#organization\",\"name\":\"WEKH-PCFE\",\"url\":\"https:\\\/\\\/wekh.ca\\\/\",\"logo\":{\"@type\":\"ImageObject\",\"inLanguage\":\"fr-FR\",\"@id\":\"https:\\\/\\\/wekh.ca\\\/#\\\/schema\\\/logo\\\/image\\\/\",\"url\":\"https:\\\/\\\/wekh.ca\\\/wp-content\\\/uploads\\\/2024\\\/09\\\/Wekh-PCFE-Logo.png\",\"contentUrl\":\"https:\\\/\\\/wekh.ca\\\/wp-content\\\/uploads\\\/2024\\\/09\\\/Wekh-PCFE-Logo.png\",\"width\":917,\"height\":498,\"caption\":\"WEKH-PCFE\"},\"image\":{\"@id\":\"https:\\\/\\\/wekh.ca\\\/#\\\/schema\\\/logo\\\/image\\\/\"}},{\"@type\":\"Person\",\"@id\":\"https:\\\/\\\/wekh.ca\\\/#\\\/schema\\\/person\\\/0ef71c822bc3208949644604ff2b1bc3\",\"name\":\"Deirdre O'Beirne-Rosaeg\",\"image\":{\"@type\":\"ImageObject\",\"inLanguage\":\"fr-FR\",\"@id\":\"\\\/\\\/www.gravatar.com\\\/avatar\\\/98f91f9a9ad188875b736ec7873d9e41?s=96&#038;r=g&#038;d=mm\",\"url\":\"\\\/\\\/www.gravatar.com\\\/avatar\\\/98f91f9a9ad188875b736ec7873d9e41?s=96&#038;r=g&#038;d=mm\",\"contentUrl\":\"\\\/\\\/www.gravatar.com\\\/avatar\\\/98f91f9a9ad188875b736ec7873d9e41?s=96&#038;r=g&#038;d=mm\",\"caption\":\"Deirdre O'Beirne-Rosaeg\"},\"url\":\"https:\\\/\\\/wekh.ca\\\/fr\\\/author\\\/deirdre\\\/\"}]}<\/script>\n<!-- \/ Yoast SEO plugin. -->","yoast_head_json":{"title":"Valorisation des femmes entrepreneures : Le diversity Institute \u00e0 FrancoTech 2024 - WEKH-PCFE","robots":{"index":"index","follow":"follow","max-snippet":"max-snippet:-1","max-image-preview":"max-image-preview:large","max-video-preview":"max-video-preview:-1"},"canonical":"https:\/\/wekh.ca\/fr\/valorisation-des-femmes-entrepreneures-le-diversity-institute-a-francotech-2024\/","og_locale":"fr_FR","og_type":"article","og_title":"Valorisation des femmes entrepreneures : Le diversity Institute \u00e0 FrancoTech 2024 - WEKH-PCFE","og_description":"&hellip;","og_url":"https:\/\/wekh.ca\/fr\/valorisation-des-femmes-entrepreneures-le-diversity-institute-a-francotech-2024\/","og_site_name":"WEKH-PCFE","article_published_time":"2024-10-11T21:04:10+00:00","article_modified_time":"2026-02-03T19:13:07+00:00","og_image":[{"width":1200,"height":675,"url":"https:\/\/wekh.ca\/wp-content\/uploads\/2024\/10\/Francotech_1.jpg","type":"image\/jpeg"}],"author":"Deirdre O'Beirne-Rosaeg","twitter_card":"summary_large_image","twitter_misc":{"\u00c9crit par":"Deirdre O'Beirne-Rosaeg","Dur\u00e9e de lecture estim\u00e9e":"3 minutes"},"schema":{"@context":"https:\/\/schema.org","@graph":[{"@type":"Article","@id":"https:\/\/wekh.ca\/fr\/valorisation-des-femmes-entrepreneures-le-diversity-institute-a-francotech-2024\/#article","isPartOf":{"@id":"https:\/\/wekh.ca\/fr\/valorisation-des-femmes-entrepreneures-le-diversity-institute-a-francotech-2024\/"},"author":{"name":"Deirdre O'Beirne-Rosaeg","@id":"https:\/\/wekh.ca\/#\/schema\/person\/0ef71c822bc3208949644604ff2b1bc3"},"headline":"Valorisation des femmes entrepreneures : Le diversity Institute \u00e0 FrancoTech 2024","datePublished":"2024-10-11T21:04:10+00:00","dateModified":"2026-02-03T19:13:07+00:00","mainEntityOfPage":{"@id":"https:\/\/wekh.ca\/fr\/valorisation-des-femmes-entrepreneures-le-diversity-institute-a-francotech-2024\/"},"wordCount":482,"publisher":{"@id":"https:\/\/wekh.ca\/#organization"},"image":{"@id":"https:\/\/wekh.ca\/fr\/valorisation-des-femmes-entrepreneures-le-diversity-institute-a-francotech-2024\/#primaryimage"},"thumbnailUrl":"https:\/\/wekh.ca\/wp-content\/uploads\/2024\/10\/Francotech_1.jpg","articleSection":["\u00c9v\u00e9nements","Femmes Entrepreneures"],"inLanguage":"fr-FR"},{"@type":"WebPage","@id":"https:\/\/wekh.ca\/fr\/valorisation-des-femmes-entrepreneures-le-diversity-institute-a-francotech-2024\/","url":"https:\/\/wekh.ca\/fr\/valorisation-des-femmes-entrepreneures-le-diversity-institute-a-francotech-2024\/","name":"Valorisation des femmes entrepreneures : Le diversity Institute \u00e0 FrancoTech 2024 - WEKH-PCFE","isPartOf":{"@id":"https:\/\/wekh.ca\/#website"},"primaryImageOfPage":{"@id":"https:\/\/wekh.ca\/fr\/valorisation-des-femmes-entrepreneures-le-diversity-institute-a-francotech-2024\/#primaryimage"},"image":{"@id":"https:\/\/wekh.ca\/fr\/valorisation-des-femmes-entrepreneures-le-diversity-institute-a-francotech-2024\/#primaryimage"},"thumbnailUrl":"https:\/\/wekh.ca\/wp-content\/uploads\/2024\/10\/Francotech_1.jpg","datePublished":"2024-10-11T21:04:10+00:00","dateModified":"2026-02-03T19:13:07+00:00","breadcrumb":{"@id":"https:\/\/wekh.ca\/fr\/valorisation-des-femmes-entrepreneures-le-diversity-institute-a-francotech-2024\/#breadcrumb"},"inLanguage":"fr-FR","potentialAction":[{"@type":"ReadAction","target":["https:\/\/wekh.ca\/fr\/valorisation-des-femmes-entrepreneures-le-diversity-institute-a-francotech-2024\/"]}]},{"@type":"ImageObject","inLanguage":"fr-FR","@id":"https:\/\/wekh.ca\/fr\/valorisation-des-femmes-entrepreneures-le-diversity-institute-a-francotech-2024\/#primaryimage","url":"https:\/\/wekh.ca\/wp-content\/uploads\/2024\/10\/Francotech_1.jpg","contentUrl":"https:\/\/wekh.ca\/wp-content\/uploads\/2024\/10\/Francotech_1.jpg","width":1200,"height":675},{"@type":"BreadcrumbList","@id":"https:\/\/wekh.ca\/fr\/valorisation-des-femmes-entrepreneures-le-diversity-institute-a-francotech-2024\/#breadcrumb","itemListElement":[{"@type":"ListItem","position":1,"name":"Home","item":"https:\/\/wekh.ca\/"},{"@type":"ListItem","position":2,"name":"Valorisation des femmes entrepreneures : Le diversity Institute \u00e0 FrancoTech 2024"}]},{"@type":"WebSite","@id":"https:\/\/wekh.ca\/#website","url":"https:\/\/wekh.ca\/","name":"WEKH-PCFE","description":"Women Entrepreneurship Knowledge Hub","publisher":{"@id":"https:\/\/wekh.ca\/#organization"},"potentialAction":[{"@type":"SearchAction","target":{"@type":"EntryPoint","urlTemplate":"https:\/\/wekh.ca\/?s={search_term_string}"},"query-input":{"@type":"PropertyValueSpecification","valueRequired":true,"valueName":"search_term_string"}}],"inLanguage":"fr-FR"},{"@type":"Organization","@id":"https:\/\/wekh.ca\/#organization","name":"WEKH-PCFE","url":"https:\/\/wekh.ca\/","logo":{"@type":"ImageObject","inLanguage":"fr-FR","@id":"https:\/\/wekh.ca\/#\/schema\/logo\/image\/","url":"https:\/\/wekh.ca\/wp-content\/uploads\/2024\/09\/Wekh-PCFE-Logo.png","contentUrl":"https:\/\/wekh.ca\/wp-content\/uploads\/2024\/09\/Wekh-PCFE-Logo.png","width":917,"height":498,"caption":"WEKH-PCFE"},"image":{"@id":"https:\/\/wekh.ca\/#\/schema\/logo\/image\/"}},{"@type":"Person","@id":"https:\/\/wekh.ca\/#\/schema\/person\/0ef71c822bc3208949644604ff2b1bc3","name":"Deirdre O'Beirne-Rosaeg","image":{"@type":"ImageObject","inLanguage":"fr-FR","@id":"\/\/www.gravatar.com\/avatar\/98f91f9a9ad188875b736ec7873d9e41?s=96&#038;r=g&#038;d=mm","url":"\/\/www.gravatar.com\/avatar\/98f91f9a9ad188875b736ec7873d9e41?s=96&#038;r=g&#038;d=mm","contentUrl":"\/\/www.gravatar.com\/avatar\/98f91f9a9ad188875b736ec7873d9e41?s=96&#038;r=g&#038;d=mm","caption":"Deirdre O'Beirne-Rosaeg"},"url":"https:\/\/wekh.ca\/fr\/author\/deirdre\/"}]}},"_links":{"self":[{"href":"https:\/\/wekh.ca\/fr\/wp-json\/wp\/v2\/posts\/105350","targetHints":{"allow":["GET"]}}],"collection":[{"href":"https:\/\/wekh.ca\/fr\/wp-json\/wp\/v2\/posts"}],"about":[{"href":"https:\/\/wekh.ca\/fr\/wp-json\/wp\/v2\/types\/post"}],"author":[{"embeddable":true,"href":"https:\/\/wekh.ca\/fr\/wp-json\/wp\/v2\/users\/8230"}],"replies":[{"embeddable":true,"href":"https:\/\/wekh.ca\/fr\/wp-json\/wp\/v2\/comments?post=105350"}],"version-history":[{"count":2,"href":"https:\/\/wekh.ca\/fr\/wp-json\/wp\/v2\/posts\/105350\/revisions"}],"predecessor-version":[{"id":141584,"href":"https:\/\/wekh.ca\/fr\/wp-json\/wp\/v2\/posts\/105350\/revisions\/141584"}],"wp:featuredmedia":[{"embeddable":true,"href":"https:\/\/wekh.ca\/fr\/wp-json\/wp\/v2\/media\/104875"}],"wp:attachment":[{"href":"https:\/\/wekh.ca\/fr\/wp-json\/wp\/v2\/media?parent=105350"}],"wp:term":[{"taxonomy":"category","embeddable":true,"href":"https:\/\/wekh.ca\/fr\/wp-json\/wp\/v2\/categories?post=105350"},{"taxonomy":"post_tag","embeddable":true,"href":"https:\/\/wekh.ca\/fr\/wp-json\/wp\/v2\/tags?post=105350"}],"curies":[{"name":"wp","href":"https:\/\/api.w.org\/{rel}","templated":true}]}}