{"id":105355,"date":"2023-12-07T13:36:32","date_gmt":"2023-12-07T18:36:32","guid":{"rendered":"https:\/\/wekh.ca\/?p=105355"},"modified":"2026-02-03T14:12:34","modified_gmt":"2026-02-03T19:12:34","slug":"voir-rechie-valdez-et-marci-ien-se-joignent-au-pcfe-pour-ouvrir-la-bourse-de-toronto-a-loccasion-de-la-journee-de-lentrepreneuriat-feminin-langfr","status":"publish","type":"post","link":"https:\/\/wekh.ca\/fr\/voir-rechie-valdez-et-marci-ien-se-joignent-au-pcfe-pour-ouvrir-la-bourse-de-toronto-a-loccasion-de-la-journee-de-lentrepreneuriat-feminin-langfr\/","title":{"rendered":"VOIR : Rechie Valdez et Marci Ien se joignent\u00a0au PCFE pour ouvrir la Bourse de Toronto \u00e0 l\u2019occasion de la Journ\u00e9e de l\u2019entrepreneuriat f\u00e9minin"},"content":{"rendered":"<?xml encoding=\"utf-8\" ?><figure class=\"wp-block-embed is-type-video is-provider-youtube wp-block-embed-youtube wp-embed-aspect-16-9 wp-has-aspect-ratio\">\r\n<div class=\"wp-block-embed__wrapper\">https:\/\/www.youtube.com\/watch?v=0FVl4CqAEDY<\/div>\r\n<figcaption class=\"wp-element-caption\">Des membres du Portail de connaissances pour les femmes en entrepreneuriat (PCFE) et de WEDO Canada c&eacute;l&egrave;brent la Journ&eacute;e de l&rsquo;entrepreneuriat f&eacute;minin et une c&eacute;r&eacute;monie d&rsquo;ouverture des march&eacute;s TSX &agrave; Toronto avec divers entrepreneurs et partenaires de l&rsquo;&eacute;cosyst&egrave;me. La ministre de la Petite Entreprise, l&rsquo;honorable Rechie Valdez, accompagn&eacute;e de la ministre des Femmes, de l&rsquo;&Eacute;galit&eacute; des genres et de la Jeunesse, l&rsquo;honorable Marci Ien, a annonc&eacute; un financement de pr&egrave;s de 4 millions de dollars pour le Portail.<\/figcaption>\r\n<\/figure>\n","protected":false},"excerpt":{"rendered":"","protected":false},"author":8230,"featured_media":104893,"comment_status":"closed","ping_status":"closed","sticky":false,"template":"","format":"standard","meta":{"_acf_changed":false,"_bbp_topic_count":0,"_bbp_reply_count":0,"_bbp_total_topic_count":0,"_bbp_total_reply_count":0,"_bbp_voice_count":0,"_bbp_anonymous_reply_count":0,"_bbp_topic_count_hidden":0,"_bbp_reply_count_hidden":0,"_bbp_forum_subforum_count":0,"footnotes":""},"categories":[6331,6329],"tags":[],"class_list":["post-105355","post","type-post","status-publish","format-standard","has-post-thumbnail","hentry","category-evenements","category-femmes-entrepreneures"],"acf":[],"yoast_head":"<!-- This site is optimized with the Yoast SEO plugin v27.5 - https:\/\/yoast.com\/product\/yoast-seo-wordpress\/ -->\n<title>VOIR : Rechie Valdez et Marci Ien se joignent\u00a0au PCFE pour ouvrir la Bourse de Toronto \u00e0 l\u2019occasion de la Journ\u00e9e de l\u2019entrepreneuriat f\u00e9minin - WEKH-PCFE<\/title>\n<meta name=\"robots\" content=\"index, follow, max-snippet:-1, max-image-preview:large, max-video-preview:-1\" \/>\n<link rel=\"canonical\" href=\"https:\/\/wekh.ca\/fr\/voir-rechie-valdez-et-marci-ien-se-joignent-au-pcfe-pour-ouvrir-la-bourse-de-toronto-a-loccasion-de-la-journee-de-lentrepreneuriat-feminin-langfr\/\" \/>\n<meta property=\"og:locale\" content=\"fr_FR\" \/>\n<meta property=\"og:type\" content=\"article\" \/>\n<meta property=\"og:title\" content=\"VOIR : Rechie Valdez et Marci Ien se joignent\u00a0au PCFE pour ouvrir la Bourse de Toronto \u00e0 l\u2019occasion de la Journ\u00e9e de l\u2019entrepreneuriat f\u00e9minin - WEKH-PCFE\" \/>\n<meta property=\"og:url\" content=\"https:\/\/wekh.ca\/fr\/voir-rechie-valdez-et-marci-ien-se-joignent-au-pcfe-pour-ouvrir-la-bourse-de-toronto-a-loccasion-de-la-journee-de-lentrepreneuriat-feminin-langfr\/\" \/>\n<meta property=\"og:site_name\" content=\"WEKH-PCFE\" \/>\n<meta property=\"article:published_time\" content=\"2023-12-07T18:36:32+00:00\" \/>\n<meta property=\"article:modified_time\" content=\"2026-02-03T19:12:34+00:00\" \/>\n<meta property=\"og:image\" content=\"https:\/\/wekh.ca\/wp-content\/uploads\/2024\/10\/111723-DI-TMXAccouncement-51-wide-scaled-1.jpg\" \/>\n\t<meta property=\"og:image:width\" content=\"2560\" \/>\n\t<meta property=\"og:image:height\" content=\"1440\" \/>\n\t<meta property=\"og:image:type\" content=\"image\/jpeg\" \/>\n<meta name=\"author\" content=\"Deirdre O&#039;Beirne-Rosaeg\" \/>\n<meta name=\"twitter:card\" content=\"summary_large_image\" \/>\n<meta name=\"twitter:label1\" content=\"\u00c9crit par\" \/>\n\t<meta name=\"twitter:data1\" content=\"Deirdre O&#039;Beirne-Rosaeg\" \/>\n\t<meta name=\"twitter:label2\" content=\"Dur\u00e9e de lecture estim\u00e9e\" \/>\n\t<meta name=\"twitter:data2\" content=\"1 minute\" \/>\n<script type=\"application\/ld+json\" class=\"yoast-schema-graph\">{\"@context\":\"https:\\\/\\\/schema.org\",\"@graph\":[{\"@type\":\"Article\",\"@id\":\"https:\\\/\\\/wekh.ca\\\/fr\\\/voir-rechie-valdez-et-marci-ien-se-joignent-au-pcfe-pour-ouvrir-la-bourse-de-toronto-a-loccasion-de-la-journee-de-lentrepreneuriat-feminin-langfr\\\/#article\",\"isPartOf\":{\"@id\":\"https:\\\/\\\/wekh.ca\\\/fr\\\/voir-rechie-valdez-et-marci-ien-se-joignent-au-pcfe-pour-ouvrir-la-bourse-de-toronto-a-loccasion-de-la-journee-de-lentrepreneuriat-feminin-langfr\\\/\"},\"author\":{\"name\":\"Deirdre O'Beirne-Rosaeg\",\"@id\":\"https:\\\/\\\/wekh.ca\\\/#\\\/schema\\\/person\\\/0ef71c822bc3208949644604ff2b1bc3\"},\"headline\":\"VOIR : Rechie Valdez et Marci Ien se joignent\u00a0au PCFE pour ouvrir la Bourse de Toronto \u00e0 l\u2019occasion de la Journ\u00e9e de l\u2019entrepreneuriat f\u00e9minin\",\"datePublished\":\"2023-12-07T18:36:32+00:00\",\"dateModified\":\"2026-02-03T19:12:34+00:00\",\"mainEntityOfPage\":{\"@id\":\"https:\\\/\\\/wekh.ca\\\/fr\\\/voir-rechie-valdez-et-marci-ien-se-joignent-au-pcfe-pour-ouvrir-la-bourse-de-toronto-a-loccasion-de-la-journee-de-lentrepreneuriat-feminin-langfr\\\/\"},\"wordCount\":127,\"publisher\":{\"@id\":\"https:\\\/\\\/wekh.ca\\\/#organization\"},\"image\":{\"@id\":\"https:\\\/\\\/wekh.ca\\\/fr\\\/voir-rechie-valdez-et-marci-ien-se-joignent-au-pcfe-pour-ouvrir-la-bourse-de-toronto-a-loccasion-de-la-journee-de-lentrepreneuriat-feminin-langfr\\\/#primaryimage\"},\"thumbnailUrl\":\"https:\\\/\\\/wekh.ca\\\/wp-content\\\/uploads\\\/2024\\\/10\\\/111723-DI-TMXAccouncement-51-wide-scaled-1.jpg\",\"articleSection\":[\"\u00c9v\u00e9nements\",\"Femmes Entrepreneures\"],\"inLanguage\":\"fr-FR\"},{\"@type\":\"WebPage\",\"@id\":\"https:\\\/\\\/wekh.ca\\\/fr\\\/voir-rechie-valdez-et-marci-ien-se-joignent-au-pcfe-pour-ouvrir-la-bourse-de-toronto-a-loccasion-de-la-journee-de-lentrepreneuriat-feminin-langfr\\\/\",\"url\":\"https:\\\/\\\/wekh.ca\\\/fr\\\/voir-rechie-valdez-et-marci-ien-se-joignent-au-pcfe-pour-ouvrir-la-bourse-de-toronto-a-loccasion-de-la-journee-de-lentrepreneuriat-feminin-langfr\\\/\",\"name\":\"VOIR : Rechie Valdez et Marci Ien se joignent\u00a0au PCFE pour ouvrir la Bourse de Toronto \u00e0 l\u2019occasion de la Journ\u00e9e de l\u2019entrepreneuriat f\u00e9minin - WEKH-PCFE\",\"isPartOf\":{\"@id\":\"https:\\\/\\\/wekh.ca\\\/#website\"},\"primaryImageOfPage\":{\"@id\":\"https:\\\/\\\/wekh.ca\\\/fr\\\/voir-rechie-valdez-et-marci-ien-se-joignent-au-pcfe-pour-ouvrir-la-bourse-de-toronto-a-loccasion-de-la-journee-de-lentrepreneuriat-feminin-langfr\\\/#primaryimage\"},\"image\":{\"@id\":\"https:\\\/\\\/wekh.ca\\\/fr\\\/voir-rechie-valdez-et-marci-ien-se-joignent-au-pcfe-pour-ouvrir-la-bourse-de-toronto-a-loccasion-de-la-journee-de-lentrepreneuriat-feminin-langfr\\\/#primaryimage\"},\"thumbnailUrl\":\"https:\\\/\\\/wekh.ca\\\/wp-content\\\/uploads\\\/2024\\\/10\\\/111723-DI-TMXAccouncement-51-wide-scaled-1.jpg\",\"datePublished\":\"2023-12-07T18:36:32+00:00\",\"dateModified\":\"2026-02-03T19:12:34+00:00\",\"breadcrumb\":{\"@id\":\"https:\\\/\\\/wekh.ca\\\/fr\\\/voir-rechie-valdez-et-marci-ien-se-joignent-au-pcfe-pour-ouvrir-la-bourse-de-toronto-a-loccasion-de-la-journee-de-lentrepreneuriat-feminin-langfr\\\/#breadcrumb\"},\"inLanguage\":\"fr-FR\",\"potentialAction\":[{\"@type\":\"ReadAction\",\"target\":[\"https:\\\/\\\/wekh.ca\\\/fr\\\/voir-rechie-valdez-et-marci-ien-se-joignent-au-pcfe-pour-ouvrir-la-bourse-de-toronto-a-loccasion-de-la-journee-de-lentrepreneuriat-feminin-langfr\\\/\"]}]},{\"@type\":\"ImageObject\",\"inLanguage\":\"fr-FR\",\"@id\":\"https:\\\/\\\/wekh.ca\\\/fr\\\/voir-rechie-valdez-et-marci-ien-se-joignent-au-pcfe-pour-ouvrir-la-bourse-de-toronto-a-loccasion-de-la-journee-de-lentrepreneuriat-feminin-langfr\\\/#primaryimage\",\"url\":\"https:\\\/\\\/wekh.ca\\\/wp-content\\\/uploads\\\/2024\\\/10\\\/111723-DI-TMXAccouncement-51-wide-scaled-1.jpg\",\"contentUrl\":\"https:\\\/\\\/wekh.ca\\\/wp-content\\\/uploads\\\/2024\\\/10\\\/111723-DI-TMXAccouncement-51-wide-scaled-1.jpg\",\"width\":2560,\"height\":1440},{\"@type\":\"BreadcrumbList\",\"@id\":\"https:\\\/\\\/wekh.ca\\\/fr\\\/voir-rechie-valdez-et-marci-ien-se-joignent-au-pcfe-pour-ouvrir-la-bourse-de-toronto-a-loccasion-de-la-journee-de-lentrepreneuriat-feminin-langfr\\\/#breadcrumb\",\"itemListElement\":[{\"@type\":\"ListItem\",\"position\":1,\"name\":\"Home\",\"item\":\"https:\\\/\\\/wekh.ca\\\/\"},{\"@type\":\"ListItem\",\"position\":2,\"name\":\"VOIR : Rechie Valdez et Marci Ien se joignent\u00a0au PCFE pour ouvrir la Bourse de Toronto \u00e0 l\u2019occasion de la Journ\u00e9e de l\u2019entrepreneuriat f\u00e9minin\"}]},{\"@type\":\"WebSite\",\"@id\":\"https:\\\/\\\/wekh.ca\\\/#website\",\"url\":\"https:\\\/\\\/wekh.ca\\\/\",\"name\":\"WEKH-PCFE\",\"description\":\"Women Entrepreneurship Knowledge Hub\",\"publisher\":{\"@id\":\"https:\\\/\\\/wekh.ca\\\/#organization\"},\"potentialAction\":[{\"@type\":\"SearchAction\",\"target\":{\"@type\":\"EntryPoint\",\"urlTemplate\":\"https:\\\/\\\/wekh.ca\\\/?s={search_term_string}\"},\"query-input\":{\"@type\":\"PropertyValueSpecification\",\"valueRequired\":true,\"valueName\":\"search_term_string\"}}],\"inLanguage\":\"fr-FR\"},{\"@type\":\"Organization\",\"@id\":\"https:\\\/\\\/wekh.ca\\\/#organization\",\"name\":\"WEKH-PCFE\",\"url\":\"https:\\\/\\\/wekh.ca\\\/\",\"logo\":{\"@type\":\"ImageObject\",\"inLanguage\":\"fr-FR\",\"@id\":\"https:\\\/\\\/wekh.ca\\\/#\\\/schema\\\/logo\\\/image\\\/\",\"url\":\"https:\\\/\\\/wekh.ca\\\/wp-content\\\/uploads\\\/2024\\\/09\\\/Wekh-PCFE-Logo.png\",\"contentUrl\":\"https:\\\/\\\/wekh.ca\\\/wp-content\\\/uploads\\\/2024\\\/09\\\/Wekh-PCFE-Logo.png\",\"width\":917,\"height\":498,\"caption\":\"WEKH-PCFE\"},\"image\":{\"@id\":\"https:\\\/\\\/wekh.ca\\\/#\\\/schema\\\/logo\\\/image\\\/\"}},{\"@type\":\"Person\",\"@id\":\"https:\\\/\\\/wekh.ca\\\/#\\\/schema\\\/person\\\/0ef71c822bc3208949644604ff2b1bc3\",\"name\":\"Deirdre O'Beirne-Rosaeg\",\"image\":{\"@type\":\"ImageObject\",\"inLanguage\":\"fr-FR\",\"@id\":\"\\\/\\\/www.gravatar.com\\\/avatar\\\/98f91f9a9ad188875b736ec7873d9e41?s=96&#038;r=g&#038;d=mm\",\"url\":\"\\\/\\\/www.gravatar.com\\\/avatar\\\/98f91f9a9ad188875b736ec7873d9e41?s=96&#038;r=g&#038;d=mm\",\"contentUrl\":\"\\\/\\\/www.gravatar.com\\\/avatar\\\/98f91f9a9ad188875b736ec7873d9e41?s=96&#038;r=g&#038;d=mm\",\"caption\":\"Deirdre O'Beirne-Rosaeg\"},\"url\":\"https:\\\/\\\/wekh.ca\\\/fr\\\/author\\\/deirdre\\\/\"}]}<\/script>\n<!-- \/ Yoast SEO plugin. -->","yoast_head_json":{"title":"VOIR : Rechie Valdez et Marci Ien se joignent\u00a0au PCFE pour ouvrir la Bourse de Toronto \u00e0 l\u2019occasion de la Journ\u00e9e de l\u2019entrepreneuriat f\u00e9minin - WEKH-PCFE","robots":{"index":"index","follow":"follow","max-snippet":"max-snippet:-1","max-image-preview":"max-image-preview:large","max-video-preview":"max-video-preview:-1"},"canonical":"https:\/\/wekh.ca\/fr\/voir-rechie-valdez-et-marci-ien-se-joignent-au-pcfe-pour-ouvrir-la-bourse-de-toronto-a-loccasion-de-la-journee-de-lentrepreneuriat-feminin-langfr\/","og_locale":"fr_FR","og_type":"article","og_title":"VOIR : Rechie Valdez et Marci Ien se joignent\u00a0au PCFE pour ouvrir la Bourse de Toronto \u00e0 l\u2019occasion de la Journ\u00e9e de l\u2019entrepreneuriat f\u00e9minin - WEKH-PCFE","og_url":"https:\/\/wekh.ca\/fr\/voir-rechie-valdez-et-marci-ien-se-joignent-au-pcfe-pour-ouvrir-la-bourse-de-toronto-a-loccasion-de-la-journee-de-lentrepreneuriat-feminin-langfr\/","og_site_name":"WEKH-PCFE","article_published_time":"2023-12-07T18:36:32+00:00","article_modified_time":"2026-02-03T19:12:34+00:00","og_image":[{"width":2560,"height":1440,"url":"https:\/\/wekh.ca\/wp-content\/uploads\/2024\/10\/111723-DI-TMXAccouncement-51-wide-scaled-1.jpg","type":"image\/jpeg"}],"author":"Deirdre O'Beirne-Rosaeg","twitter_card":"summary_large_image","twitter_misc":{"\u00c9crit par":"Deirdre O'Beirne-Rosaeg","Dur\u00e9e de lecture estim\u00e9e":"1 minute"},"schema":{"@context":"https:\/\/schema.org","@graph":[{"@type":"Article","@id":"https:\/\/wekh.ca\/fr\/voir-rechie-valdez-et-marci-ien-se-joignent-au-pcfe-pour-ouvrir-la-bourse-de-toronto-a-loccasion-de-la-journee-de-lentrepreneuriat-feminin-langfr\/#article","isPartOf":{"@id":"https:\/\/wekh.ca\/fr\/voir-rechie-valdez-et-marci-ien-se-joignent-au-pcfe-pour-ouvrir-la-bourse-de-toronto-a-loccasion-de-la-journee-de-lentrepreneuriat-feminin-langfr\/"},"author":{"name":"Deirdre O'Beirne-Rosaeg","@id":"https:\/\/wekh.ca\/#\/schema\/person\/0ef71c822bc3208949644604ff2b1bc3"},"headline":"VOIR : Rechie Valdez et Marci Ien se joignent\u00a0au PCFE pour ouvrir la Bourse de Toronto \u00e0 l\u2019occasion de la Journ\u00e9e de l\u2019entrepreneuriat f\u00e9minin","datePublished":"2023-12-07T18:36:32+00:00","dateModified":"2026-02-03T19:12:34+00:00","mainEntityOfPage":{"@id":"https:\/\/wekh.ca\/fr\/voir-rechie-valdez-et-marci-ien-se-joignent-au-pcfe-pour-ouvrir-la-bourse-de-toronto-a-loccasion-de-la-journee-de-lentrepreneuriat-feminin-langfr\/"},"wordCount":127,"publisher":{"@id":"https:\/\/wekh.ca\/#organization"},"image":{"@id":"https:\/\/wekh.ca\/fr\/voir-rechie-valdez-et-marci-ien-se-joignent-au-pcfe-pour-ouvrir-la-bourse-de-toronto-a-loccasion-de-la-journee-de-lentrepreneuriat-feminin-langfr\/#primaryimage"},"thumbnailUrl":"https:\/\/wekh.ca\/wp-content\/uploads\/2024\/10\/111723-DI-TMXAccouncement-51-wide-scaled-1.jpg","articleSection":["\u00c9v\u00e9nements","Femmes Entrepreneures"],"inLanguage":"fr-FR"},{"@type":"WebPage","@id":"https:\/\/wekh.ca\/fr\/voir-rechie-valdez-et-marci-ien-se-joignent-au-pcfe-pour-ouvrir-la-bourse-de-toronto-a-loccasion-de-la-journee-de-lentrepreneuriat-feminin-langfr\/","url":"https:\/\/wekh.ca\/fr\/voir-rechie-valdez-et-marci-ien-se-joignent-au-pcfe-pour-ouvrir-la-bourse-de-toronto-a-loccasion-de-la-journee-de-lentrepreneuriat-feminin-langfr\/","name":"VOIR : Rechie Valdez et Marci Ien se joignent\u00a0au PCFE pour ouvrir la Bourse de Toronto \u00e0 l\u2019occasion de la Journ\u00e9e de l\u2019entrepreneuriat f\u00e9minin - WEKH-PCFE","isPartOf":{"@id":"https:\/\/wekh.ca\/#website"},"primaryImageOfPage":{"@id":"https:\/\/wekh.ca\/fr\/voir-rechie-valdez-et-marci-ien-se-joignent-au-pcfe-pour-ouvrir-la-bourse-de-toronto-a-loccasion-de-la-journee-de-lentrepreneuriat-feminin-langfr\/#primaryimage"},"image":{"@id":"https:\/\/wekh.ca\/fr\/voir-rechie-valdez-et-marci-ien-se-joignent-au-pcfe-pour-ouvrir-la-bourse-de-toronto-a-loccasion-de-la-journee-de-lentrepreneuriat-feminin-langfr\/#primaryimage"},"thumbnailUrl":"https:\/\/wekh.ca\/wp-content\/uploads\/2024\/10\/111723-DI-TMXAccouncement-51-wide-scaled-1.jpg","datePublished":"2023-12-07T18:36:32+00:00","dateModified":"2026-02-03T19:12:34+00:00","breadcrumb":{"@id":"https:\/\/wekh.ca\/fr\/voir-rechie-valdez-et-marci-ien-se-joignent-au-pcfe-pour-ouvrir-la-bourse-de-toronto-a-loccasion-de-la-journee-de-lentrepreneuriat-feminin-langfr\/#breadcrumb"},"inLanguage":"fr-FR","potentialAction":[{"@type":"ReadAction","target":["https:\/\/wekh.ca\/fr\/voir-rechie-valdez-et-marci-ien-se-joignent-au-pcfe-pour-ouvrir-la-bourse-de-toronto-a-loccasion-de-la-journee-de-lentrepreneuriat-feminin-langfr\/"]}]},{"@type":"ImageObject","inLanguage":"fr-FR","@id":"https:\/\/wekh.ca\/fr\/voir-rechie-valdez-et-marci-ien-se-joignent-au-pcfe-pour-ouvrir-la-bourse-de-toronto-a-loccasion-de-la-journee-de-lentrepreneuriat-feminin-langfr\/#primaryimage","url":"https:\/\/wekh.ca\/wp-content\/uploads\/2024\/10\/111723-DI-TMXAccouncement-51-wide-scaled-1.jpg","contentUrl":"https:\/\/wekh.ca\/wp-content\/uploads\/2024\/10\/111723-DI-TMXAccouncement-51-wide-scaled-1.jpg","width":2560,"height":1440},{"@type":"BreadcrumbList","@id":"https:\/\/wekh.ca\/fr\/voir-rechie-valdez-et-marci-ien-se-joignent-au-pcfe-pour-ouvrir-la-bourse-de-toronto-a-loccasion-de-la-journee-de-lentrepreneuriat-feminin-langfr\/#breadcrumb","itemListElement":[{"@type":"ListItem","position":1,"name":"Home","item":"https:\/\/wekh.ca\/"},{"@type":"ListItem","position":2,"name":"VOIR : Rechie Valdez et Marci Ien se joignent\u00a0au PCFE pour ouvrir la Bourse de Toronto \u00e0 l\u2019occasion de la Journ\u00e9e de l\u2019entrepreneuriat f\u00e9minin"}]},{"@type":"WebSite","@id":"https:\/\/wekh.ca\/#website","url":"https:\/\/wekh.ca\/","name":"WEKH-PCFE","description":"Women Entrepreneurship Knowledge Hub","publisher":{"@id":"https:\/\/wekh.ca\/#organization"},"potentialAction":[{"@type":"SearchAction","target":{"@type":"EntryPoint","urlTemplate":"https:\/\/wekh.ca\/?s={search_term_string}"},"query-input":{"@type":"PropertyValueSpecification","valueRequired":true,"valueName":"search_term_string"}}],"inLanguage":"fr-FR"},{"@type":"Organization","@id":"https:\/\/wekh.ca\/#organization","name":"WEKH-PCFE","url":"https:\/\/wekh.ca\/","logo":{"@type":"ImageObject","inLanguage":"fr-FR","@id":"https:\/\/wekh.ca\/#\/schema\/logo\/image\/","url":"https:\/\/wekh.ca\/wp-content\/uploads\/2024\/09\/Wekh-PCFE-Logo.png","contentUrl":"https:\/\/wekh.ca\/wp-content\/uploads\/2024\/09\/Wekh-PCFE-Logo.png","width":917,"height":498,"caption":"WEKH-PCFE"},"image":{"@id":"https:\/\/wekh.ca\/#\/schema\/logo\/image\/"}},{"@type":"Person","@id":"https:\/\/wekh.ca\/#\/schema\/person\/0ef71c822bc3208949644604ff2b1bc3","name":"Deirdre O'Beirne-Rosaeg","image":{"@type":"ImageObject","inLanguage":"fr-FR","@id":"\/\/www.gravatar.com\/avatar\/98f91f9a9ad188875b736ec7873d9e41?s=96&#038;r=g&#038;d=mm","url":"\/\/www.gravatar.com\/avatar\/98f91f9a9ad188875b736ec7873d9e41?s=96&#038;r=g&#038;d=mm","contentUrl":"\/\/www.gravatar.com\/avatar\/98f91f9a9ad188875b736ec7873d9e41?s=96&#038;r=g&#038;d=mm","caption":"Deirdre O'Beirne-Rosaeg"},"url":"https:\/\/wekh.ca\/fr\/author\/deirdre\/"}]}},"_links":{"self":[{"href":"https:\/\/wekh.ca\/fr\/wp-json\/wp\/v2\/posts\/105355","targetHints":{"allow":["GET"]}}],"collection":[{"href":"https:\/\/wekh.ca\/fr\/wp-json\/wp\/v2\/posts"}],"about":[{"href":"https:\/\/wekh.ca\/fr\/wp-json\/wp\/v2\/types\/post"}],"author":[{"embeddable":true,"href":"https:\/\/wekh.ca\/fr\/wp-json\/wp\/v2\/users\/8230"}],"replies":[{"embeddable":true,"href":"https:\/\/wekh.ca\/fr\/wp-json\/wp\/v2\/comments?post=105355"}],"version-history":[{"count":2,"href":"https:\/\/wekh.ca\/fr\/wp-json\/wp\/v2\/posts\/105355\/revisions"}],"predecessor-version":[{"id":141583,"href":"https:\/\/wekh.ca\/fr\/wp-json\/wp\/v2\/posts\/105355\/revisions\/141583"}],"wp:featuredmedia":[{"embeddable":true,"href":"https:\/\/wekh.ca\/fr\/wp-json\/wp\/v2\/media\/104893"}],"wp:attachment":[{"href":"https:\/\/wekh.ca\/fr\/wp-json\/wp\/v2\/media?parent=105355"}],"wp:term":[{"taxonomy":"category","embeddable":true,"href":"https:\/\/wekh.ca\/fr\/wp-json\/wp\/v2\/categories?post=105355"},{"taxonomy":"post_tag","embeddable":true,"href":"https:\/\/wekh.ca\/fr\/wp-json\/wp\/v2\/tags?post=105355"}],"curies":[{"name":"wp","href":"https:\/\/api.w.org\/{rel}","templated":true}]}}