{"id":105357,"date":"2023-11-17T10:28:00","date_gmt":"2023-11-17T15:28:00","guid":{"rendered":"https:\/\/wekh.ca\/?p=105357"},"modified":"2026-02-03T14:09:45","modified_gmt":"2026-02-03T19:09:45","slug":"pcfe-recoit-pres-de-4-millions-celebrer-la-journee-de-lentrepreneuriat-feminin","status":"publish","type":"post","link":"https:\/\/wekh.ca\/fr\/pcfe-recoit-pres-de-4-millions-celebrer-la-journee-de-lentrepreneuriat-feminin\/","title":{"rendered":"Le Portail de connaissances pour les femmes en entrepreneuriat (PCFE) re\u00e7oit pr\u00e8s de 4 millions de dollars du gouvernement du Canada pour c\u00e9l\u00e9brer la Journ\u00e9e de l&rsquo;entrepreneuriat f\u00e9minin lors de la c\u00e9r\u00e9monie d&rsquo;ouverture des march\u00e9s TSX \u00e0 Toronto"},"content":{"rendered":"<?xml encoding=\"utf-8\" ?><figure class=\"wp-block-image size-large\">\r\n<figcaption class=\"wp-element-caption\"><em role=\"heading\">Des membres du Portail de connaissances pour les femmes en entrepreneuriat (PCFE) et de WEDO Canada c&eacute;l&egrave;brent la Journ&eacute;e de l&rsquo;entrepreneuriat f&eacute;minin et une c&eacute;r&eacute;monie d&rsquo;ouverture des march&eacute;s TSX &agrave; Toronto avec divers entrepreneurs et partenaires de l&rsquo;&eacute;cosyst&egrave;me. La ministre de la Petite Entreprise, l&rsquo;honorable Rechie Valdez, accompagn&eacute;e de la ministre des Femmes, de l&rsquo;&Eacute;galit&eacute; des genres et de la Jeunesse, l&rsquo;honorable Marci Ien, a annonc&eacute; un financement de pr&egrave;s de 4 millions de dollars pour le Portail. Source de la photo : Sam Santos<\/em><\/figcaption>\r\n<\/figure><hr class=\"wp-block-separator has-alpha-channel-opacity\"><p role=\"heading\">TORONTO,&nbsp;le 17 nov. 2023 &ndash; Aujourd&rsquo;hui, le Portail de connaissances pour les femmes en entrepreneuriat (PCFE), WEDO Canada et le Groupe TMX ont c&eacute;l&eacute;br&eacute; la Journ&eacute;e de l&rsquo;entrepreneuriat f&eacute;minin avec plus de 125 femmes entrepreneures et partenaires de l&rsquo;&eacute;cosyst&egrave;me de l&rsquo;entrepreneuriat de partout au&nbsp;Canada&nbsp;lors d&rsquo;une c&eacute;r&eacute;monie d&rsquo;ouverture des march&eacute;s TSX &agrave;&nbsp;Toronto.<\/p><p role=\"heading\">Au cours de l&rsquo;&eacute;v&eacute;nement, la ministre de la Petite Entreprise, l&rsquo;honorable&nbsp;Rechie Valdez, accompagn&eacute;e de la ministre des Femmes, de l&rsquo;&Eacute;galit&eacute; des genres et de la Jeunesse, l&rsquo;honorable&nbsp;Marci Ien, a&nbsp;<a href=\"https:\/\/c212.net\/c\/link\/?t=0&amp;l=fr&amp;o=4030235-1&amp;h=1323048086&amp;u=https%3A%2F%2Fwww.newswire.ca%2Ffr%2Fnews-releases%2Fla-ministre-valdez-annonce-l-octroi-de-pres-de-4-millions-de-dollars-pour-continuer-de-soutenir-les-femmes-en-entrepreneuriat-au-canada-869982973.html&amp;a=annonc%C3%A9\" target=\"_blank\" rel=\"noreferrer noopener\">annonc&eacute;<\/a>&nbsp;un financement suppl&eacute;mentaire pouvant atteindre 3,8 millions de dollars pour le&nbsp;<a href=\"https:\/\/c212.net\/c\/link\/?t=0&amp;l=fr&amp;o=4030235-1&amp;h=1740549092&amp;u=https%3A%2F%2Fwekh.ca%2F%3Flang%3Dfr&amp;a=Portail+de+connaissances+pour+les+femmes+en+entrepreneuriat\" target=\"_blank\" rel=\"noreferrer noopener\">Portail de connaissances pour les femmes en entrepreneuriat (PCFE)<\/a>, qui aidera ce dernier &agrave; poursuivre ses recherches nationales afin de comprendre les obstacles et les facteurs habilitants &agrave; la r&eacute;ussite entrepreneuriale et &agrave; l&rsquo;innovation, d&rsquo;&eacute;largir les partenariats &eacute;cosyst&eacute;miques et de mieux faire conna&icirc;tre la r&eacute;ussite des femmes entrepreneures.<\/p><p role=\"heading\">Les deux ministres ont reconnu le r&ocirc;le essentiel que jouent les femmes entrepreneures dans l&rsquo;&eacute;conomie canadienne, tout en reconnaissant les d&eacute;fis que doivent relever les entreprises dirig&eacute;es par des femmes pour r&eacute;ussir. &laquo;&nbsp;Nous sommes d&eacute;termin&eacute;s &agrave; faire avancer les choses pour les femmes entrepreneures, car soutenir les femmes n&rsquo;est pas seulement la bonne chose &agrave; faire, c&rsquo;est aussi la chose intelligente &agrave; faire pour soutenir notre &eacute;conomie&nbsp;&raquo;, a d&eacute;clar&eacute; la ministre Valdez. Avant de devenir ministre de la Petite Entreprise, la ministre Valdez &eacute;tait elle-m&ecirc;me entrepreneure et a pr&eacute;sent&eacute; le projet de loi d&rsquo;initiative parlementaire visant &agrave; instituer la Journ&eacute;e nationale de l&rsquo;entrepreneuriat f&eacute;minin au&nbsp;Canada.<\/p><p role=\"heading\">&laquo; En tant que ministre des Femmes et de l&rsquo;&Eacute;galit&eacute; des genres et de la Jeunesse, je vois de pr&egrave;s des femmes qui ne sont pas toujours sur un pied d&rsquo;&eacute;galit&eacute; lorsqu&rsquo;elles cherchent &agrave; d&eacute;marrer et &agrave; faire cro&icirc;tre leur entreprise, a d&eacute;clar&eacute; la ministre Ien. Nous devons nous assurer de promouvoir l&rsquo;&eacute;galit&eacute; entre les sexes dans nos collectivit&eacute;s, nos institutions et notre &eacute;conomie, car il s&rsquo;agit d&rsquo;un potentiel inexploit&eacute; dans notre pays. Une &eacute;conomie forte et r&eacute;siliente est avant tout inclusive. &raquo;<\/p><p role=\"heading\">Shannon Pestun, fondatrice du Finance Caf&eacute; et conseill&egrave;re principale, Affaires et finances, du PCFE, a fait &eacute;tat de l&rsquo;importance de recueillir des donn&eacute;es agr&eacute;g&eacute;es sur les femmes entrepreneures, faisant &eacute;cho &agrave; une d&eacute;claration pr&eacute;c&eacute;dente de&nbsp;Wendy Cukier, fondatrice et directrice universitaire de PCFE et du Diversity Institute de la&nbsp;Toronto&nbsp;Metropolitan University, qui affirmait que &laquo;&nbsp;pour accomplir, il faut recueillir et &eacute;valuer&nbsp;&raquo;. &laquo;&nbsp;Lors de la mise sur pied de la Strat&eacute;gie pour les femmes en entrepreneuriat, nous connaissions le caract&egrave;re essentiel des donn&eacute;es. Gr&acirc;ce aux donn&eacute;es, nous pouvons &eacute;valuer le potentiel de march&eacute; de 150&nbsp;milliards de dollars li&eacute; &agrave; la participation pleine et &eacute;quitable des femmes &agrave; l&rsquo;&eacute;conomie. Gr&acirc;ce aux donn&eacute;es, nous pouvons comprendre l&rsquo;incidence de la COVID-19 sur les femmes entrepreneures, nous pouvons mieux comprendre l&rsquo;intersectionnalit&eacute; et ce qui fonctionne pour qui et pourquoi, et qui est laiss&eacute; pour compte. Gr&acirc;ce aux donn&eacute;es, nous pouvons &eacute;galement approfondir notre compr&eacute;hension des obstacles et de la fa&ccedil;on dont nous, en tant qu&rsquo;&eacute;cosyst&egrave;me, r&eacute;agissons &agrave; ces obstacles gr&acirc;ce &agrave; nos programmes, &agrave; nos soutiens int&eacute;gr&eacute;s et &agrave; notre v&eacute;ritable souci de faire progresser l&rsquo;entrepreneuriat f&eacute;minin. &raquo;<\/p><p role=\"heading\">&laquo;&nbsp;Programme d&rsquo;envergure mondiale qui adopte une &laquo;&nbsp;approche pangouvernementale &raquo; pour soutenir la diversit&eacute; des entreprises dirig&eacute;es par des femmes au&nbsp;Canada, la&nbsp;<a href=\"https:\/\/c212.net\/c\/link\/?t=0&amp;l=fr&amp;o=4030235-1&amp;h=1683309603&amp;u=https%3A%2F%2Fised-isde.canada.ca%2Fsite%2Fstrategie-femmes-entrepreneuriat%2Ffr&amp;a=Strat%C3%A9gie+pour+les+femmes+en+entrepreneuriat\" target=\"_blank\" rel=\"noreferrer noopener\">Strat&eacute;gie pour les femmes en entrepreneuriat<\/a>&nbsp;du gouvernement du&nbsp;Canada&nbsp;r&eacute;alise des investissements importants et cibl&eacute;s pour &eacute;liminer les obstacles syst&eacute;miques &agrave; la promotion des femmes entrepreneures, a d&eacute;clar&eacute; Mme&nbsp;Cukier. Nous sommes heureuses et heureux de constater le soutien continu du PCFE et nous continuerons de mettre en commun des connaissances sur l&rsquo;importance des perspectives intersectionnelles et des exp&eacute;riences entrepreneuriales uniques des nouvelles arrivantes, des Noires, des Autochtones, des personnes racialis&eacute;es&nbsp;2ELGBTQ+ et d&rsquo;autres femmes de groupes en qu&ecirc;te d&rsquo;&eacute;quit&eacute;.&nbsp;&raquo;&nbsp;<\/p><p role=\"heading\">En tant que coanimateur de l&rsquo;&eacute;v&eacute;nement, l&rsquo;organisme&nbsp;<a href=\"https:\/\/c212.net\/c\/link\/?t=0&amp;l=fr&amp;o=4030235-1&amp;h=254643635&amp;u=https%3A%2F%2Fwedocanada.ca%2F&amp;a=WEDO+Canada\" target=\"_blank\" rel=\"noreferrer noopener\">WEDO Canada<\/a>&nbsp;comptait plusieurs b&eacute;n&eacute;voles sur place.&nbsp;Milena Radakovic, ambassadrice du&nbsp;Canada&nbsp;&agrave; WEDO&nbsp;Canada, a soulign&eacute; l&rsquo;importance de la Journ&eacute;e de l&rsquo;entrepreneuriat f&eacute;minin, &eacute;v&eacute;nement annuel et plus important mouvement populaire au monde vou&eacute; &agrave; l&rsquo;&eacute;ducation, au soutien et &agrave; l&rsquo;autonomisation des femmes entrepreneures qui se tient le 19&nbsp;novembre.&nbsp;&laquo;&nbsp;Nous sommes r&eacute;unis ici, sur la plateforme embl&eacute;matique de la Bourse de&nbsp;Toronto, pour c&eacute;l&eacute;brer la Journ&eacute;e de l&rsquo;entrepreneuriat. Il s&rsquo;agit en effet d&rsquo;une occasion m&eacute;morable qui souligne les r&eacute;alisations remarquables des femmes entrepreneures et le r&ocirc;le central qu&rsquo;elles jouent dans l&rsquo;&eacute;volution de l&rsquo;&eacute;conomie et de la soci&eacute;t&eacute;. &raquo;<\/p><p role=\"heading\">Cheryl Graden, chef des affaires juridiques et des affaires g&eacute;n&eacute;rales de l&rsquo;entreprise et secr&eacute;taire g&eacute;n&eacute;rale,&nbsp;<a href=\"https:\/\/c212.net\/c\/link\/?t=0&amp;l=fr&amp;o=4030235-1&amp;h=1829271276&amp;u=https%3A%2F%2Fwww.tmx.com%2F%3Flang%3Dfr&amp;a=Groupe+TMX\" target=\"_blank\" rel=\"noreferrer noopener\">Groupe TMX<\/a>, a souhait&eacute; la bienvenue &agrave; toutes et &agrave; tous &agrave; la c&eacute;r&eacute;monie d&rsquo;ouverture des march&eacute;s. &laquo;&nbsp;L&rsquo;ouverture des march&eacute;s repr&eacute;sente une tradition de longue date pour le Groupe TMX, pour nos bourses et, bien s&ucirc;r, pour le Canada.&nbsp;&raquo; Elle a insist&eacute; sur ce qui suit&nbsp;: &laquo;&nbsp;La plupart des soci&eacute;t&eacute;s ouvertes au&nbsp;Canada&nbsp;qui sont cot&eacute;es en bourse et qui font du commerce dans nos bourses ne sont pas du tout grandes, et ce sont en fait de moyennes et m&ecirc;me de tr&egrave;s petites entreprises. Cela fait du&nbsp;Canada&nbsp;un pays unique au monde et offre aux entrepreneurs de v&eacute;ritables possibilit&eacute;s de croissance et d&rsquo;expansion de leurs entreprises.&nbsp;&raquo; Elle a conclu l&rsquo;&eacute;v&eacute;nement en rendant hommage aux partenaires de l&rsquo;&eacute;cosyst&egrave;me d&rsquo;entrepreneuriat et aux entrepreneurs pr&eacute;sents dans la salle en disant : &laquo; Le travail accompli par tout le monde ici aujourd&rsquo;hui rev&ecirc;t une tr&egrave;s grande importance. Il permettra effectivement d&rsquo;atteindre une v&eacute;ritable &eacute;galit&eacute; entre les sexes et d&rsquo;ouvrir la voie &agrave; la prochaine g&eacute;n&eacute;ration pour qu&rsquo;elle r&eacute;alise tout son potentiel non seulement dans son propre int&eacute;r&ecirc;t, mais aussi pour le bien-&ecirc;tre et le succ&egrave;s de la collectivit&eacute; dans son ensemble. &raquo;<\/p><p role=\"heading\"><a href=\"https:\/\/www.newswire.ca\/fr\/news-releases\/la-ministre-valdez-annonce-l-octroi-de-pres-de-4-millions-de-dollars-pour-continuer-de-soutenir-les-femmes-en-entrepreneuriat-au-canada-869982973.html\" target=\"_blank\" rel=\"noreferrer noopener\">Cliquez ici pour lire le communiqu&eacute; de presse complet d&rsquo;Innovation, Sciences et D&eacute;veloppement &eacute;conomique Canada<\/a><\/p><p role=\"heading\">Renseignements: Kathleen Powderley,&nbsp;<a href=\"mailto:kathleen@responsiblecomm.ca\" target=\"_blank\" rel=\"noreferrer noopener\">kathleen@responsiblecomm.ca<\/a>, 416 803-5597<\/p>\n","protected":false},"excerpt":{"rendered":"<p>&hellip;<\/p>\n","protected":false},"author":8230,"featured_media":105365,"comment_status":"closed","ping_status":"closed","sticky":false,"template":"","format":"standard","meta":{"_acf_changed":false,"_bbp_topic_count":0,"_bbp_reply_count":0,"_bbp_total_topic_count":0,"_bbp_total_reply_count":0,"_bbp_voice_count":0,"_bbp_anonymous_reply_count":0,"_bbp_topic_count_hidden":0,"_bbp_reply_count_hidden":0,"_bbp_forum_subforum_count":0,"footnotes":""},"categories":[6337,6339,6329],"tags":[],"class_list":["post-105357","post","type-post","status-publish","format-standard","has-post-thumbnail","hentry","category-annonce","category-communiques-de-presse","category-femmes-entrepreneures"],"acf":[],"yoast_head":"<!-- This site is optimized with the Yoast SEO plugin v27.5 - https:\/\/yoast.com\/product\/yoast-seo-wordpress\/ -->\n<title>Le Portail de connaissances pour les femmes en entrepreneuriat (PCFE) re\u00e7oit pr\u00e8s de 4 millions de dollars du gouvernement du Canada pour c\u00e9l\u00e9brer la Journ\u00e9e de l&#039;entrepreneuriat f\u00e9minin lors de la c\u00e9r\u00e9monie d&#039;ouverture des march\u00e9s TSX \u00e0 Toronto - WEKH-PCFE<\/title>\n<meta name=\"robots\" content=\"index, follow, max-snippet:-1, max-image-preview:large, max-video-preview:-1\" \/>\n<link rel=\"canonical\" href=\"https:\/\/wekh.ca\/fr\/pcfe-recoit-pres-de-4-millions-celebrer-la-journee-de-lentrepreneuriat-feminin\/\" \/>\n<meta property=\"og:locale\" content=\"fr_FR\" \/>\n<meta property=\"og:type\" content=\"article\" \/>\n<meta property=\"og:title\" content=\"Le Portail de connaissances pour les femmes en entrepreneuriat (PCFE) re\u00e7oit pr\u00e8s de 4 millions de dollars du gouvernement du Canada pour c\u00e9l\u00e9brer la Journ\u00e9e de l&#039;entrepreneuriat f\u00e9minin lors de la c\u00e9r\u00e9monie d&#039;ouverture des march\u00e9s TSX \u00e0 Toronto - WEKH-PCFE\" \/>\n<meta property=\"og:description\" content=\"&hellip;\" \/>\n<meta property=\"og:url\" content=\"https:\/\/wekh.ca\/fr\/pcfe-recoit-pres-de-4-millions-celebrer-la-journee-de-lentrepreneuriat-feminin\/\" \/>\n<meta property=\"og:site_name\" content=\"WEKH-PCFE\" \/>\n<meta property=\"article:published_time\" content=\"2023-11-17T15:28:00+00:00\" \/>\n<meta property=\"article:modified_time\" content=\"2026-02-03T19:09:45+00:00\" \/>\n<meta property=\"og:image\" content=\"https:\/\/wekh.ca\/wp-content\/uploads\/2024\/10\/SS3_2699-scaled-1.jpg\" \/>\n\t<meta property=\"og:image:width\" content=\"2560\" \/>\n\t<meta property=\"og:image:height\" content=\"1440\" \/>\n\t<meta property=\"og:image:type\" content=\"image\/jpeg\" \/>\n<meta name=\"author\" content=\"Deirdre O&#039;Beirne-Rosaeg\" \/>\n<meta name=\"twitter:card\" content=\"summary_large_image\" \/>\n<meta name=\"twitter:label1\" content=\"\u00c9crit par\" \/>\n\t<meta name=\"twitter:data1\" content=\"Deirdre O&#039;Beirne-Rosaeg\" \/>\n\t<meta name=\"twitter:label2\" content=\"Dur\u00e9e de lecture estim\u00e9e\" \/>\n\t<meta name=\"twitter:data2\" content=\"5 minutes\" \/>\n<script type=\"application\/ld+json\" class=\"yoast-schema-graph\">{\"@context\":\"https:\\\/\\\/schema.org\",\"@graph\":[{\"@type\":\"Article\",\"@id\":\"https:\\\/\\\/wekh.ca\\\/fr\\\/pcfe-recoit-pres-de-4-millions-celebrer-la-journee-de-lentrepreneuriat-feminin\\\/#article\",\"isPartOf\":{\"@id\":\"https:\\\/\\\/wekh.ca\\\/fr\\\/pcfe-recoit-pres-de-4-millions-celebrer-la-journee-de-lentrepreneuriat-feminin\\\/\"},\"author\":{\"name\":\"Deirdre O'Beirne-Rosaeg\",\"@id\":\"https:\\\/\\\/wekh.ca\\\/#\\\/schema\\\/person\\\/0ef71c822bc3208949644604ff2b1bc3\"},\"headline\":\"Le Portail de connaissances pour les femmes en entrepreneuriat (PCFE) re\u00e7oit pr\u00e8s de 4 millions de dollars du gouvernement du Canada pour c\u00e9l\u00e9brer la Journ\u00e9e de l&rsquo;entrepreneuriat f\u00e9minin lors de la c\u00e9r\u00e9monie d&rsquo;ouverture des march\u00e9s TSX \u00e0 Toronto\",\"datePublished\":\"2023-11-17T15:28:00+00:00\",\"dateModified\":\"2026-02-03T19:09:45+00:00\",\"mainEntityOfPage\":{\"@id\":\"https:\\\/\\\/wekh.ca\\\/fr\\\/pcfe-recoit-pres-de-4-millions-celebrer-la-journee-de-lentrepreneuriat-feminin\\\/\"},\"wordCount\":1232,\"publisher\":{\"@id\":\"https:\\\/\\\/wekh.ca\\\/#organization\"},\"image\":{\"@id\":\"https:\\\/\\\/wekh.ca\\\/fr\\\/pcfe-recoit-pres-de-4-millions-celebrer-la-journee-de-lentrepreneuriat-feminin\\\/#primaryimage\"},\"thumbnailUrl\":\"https:\\\/\\\/wekh.ca\\\/wp-content\\\/uploads\\\/2024\\\/10\\\/SS3_2699-scaled-1.jpg\",\"articleSection\":[\"Annonce\",\"Communiqu\u00e9s de presse\",\"Femmes Entrepreneures\"],\"inLanguage\":\"fr-FR\"},{\"@type\":\"WebPage\",\"@id\":\"https:\\\/\\\/wekh.ca\\\/fr\\\/pcfe-recoit-pres-de-4-millions-celebrer-la-journee-de-lentrepreneuriat-feminin\\\/\",\"url\":\"https:\\\/\\\/wekh.ca\\\/fr\\\/pcfe-recoit-pres-de-4-millions-celebrer-la-journee-de-lentrepreneuriat-feminin\\\/\",\"name\":\"Le Portail de connaissances pour les femmes en entrepreneuriat (PCFE) re\u00e7oit pr\u00e8s de 4 millions de dollars du gouvernement du Canada pour c\u00e9l\u00e9brer la Journ\u00e9e de l'entrepreneuriat f\u00e9minin lors de la c\u00e9r\u00e9monie d'ouverture des march\u00e9s TSX \u00e0 Toronto - WEKH-PCFE\",\"isPartOf\":{\"@id\":\"https:\\\/\\\/wekh.ca\\\/#website\"},\"primaryImageOfPage\":{\"@id\":\"https:\\\/\\\/wekh.ca\\\/fr\\\/pcfe-recoit-pres-de-4-millions-celebrer-la-journee-de-lentrepreneuriat-feminin\\\/#primaryimage\"},\"image\":{\"@id\":\"https:\\\/\\\/wekh.ca\\\/fr\\\/pcfe-recoit-pres-de-4-millions-celebrer-la-journee-de-lentrepreneuriat-feminin\\\/#primaryimage\"},\"thumbnailUrl\":\"https:\\\/\\\/wekh.ca\\\/wp-content\\\/uploads\\\/2024\\\/10\\\/SS3_2699-scaled-1.jpg\",\"datePublished\":\"2023-11-17T15:28:00+00:00\",\"dateModified\":\"2026-02-03T19:09:45+00:00\",\"breadcrumb\":{\"@id\":\"https:\\\/\\\/wekh.ca\\\/fr\\\/pcfe-recoit-pres-de-4-millions-celebrer-la-journee-de-lentrepreneuriat-feminin\\\/#breadcrumb\"},\"inLanguage\":\"fr-FR\",\"potentialAction\":[{\"@type\":\"ReadAction\",\"target\":[\"https:\\\/\\\/wekh.ca\\\/fr\\\/pcfe-recoit-pres-de-4-millions-celebrer-la-journee-de-lentrepreneuriat-feminin\\\/\"]}]},{\"@type\":\"ImageObject\",\"inLanguage\":\"fr-FR\",\"@id\":\"https:\\\/\\\/wekh.ca\\\/fr\\\/pcfe-recoit-pres-de-4-millions-celebrer-la-journee-de-lentrepreneuriat-feminin\\\/#primaryimage\",\"url\":\"https:\\\/\\\/wekh.ca\\\/wp-content\\\/uploads\\\/2024\\\/10\\\/SS3_2699-scaled-1.jpg\",\"contentUrl\":\"https:\\\/\\\/wekh.ca\\\/wp-content\\\/uploads\\\/2024\\\/10\\\/SS3_2699-scaled-1.jpg\",\"width\":2560,\"height\":1440},{\"@type\":\"BreadcrumbList\",\"@id\":\"https:\\\/\\\/wekh.ca\\\/fr\\\/pcfe-recoit-pres-de-4-millions-celebrer-la-journee-de-lentrepreneuriat-feminin\\\/#breadcrumb\",\"itemListElement\":[{\"@type\":\"ListItem\",\"position\":1,\"name\":\"Home\",\"item\":\"https:\\\/\\\/wekh.ca\\\/\"},{\"@type\":\"ListItem\",\"position\":2,\"name\":\"Le Portail de connaissances pour les femmes en entrepreneuriat (PCFE) re\u00e7oit pr\u00e8s de 4 millions de dollars du gouvernement du Canada pour c\u00e9l\u00e9brer la Journ\u00e9e de l&#8217;entrepreneuriat f\u00e9minin lors de la c\u00e9r\u00e9monie d&#8217;ouverture des march\u00e9s TSX \u00e0 Toronto\"}]},{\"@type\":\"WebSite\",\"@id\":\"https:\\\/\\\/wekh.ca\\\/#website\",\"url\":\"https:\\\/\\\/wekh.ca\\\/\",\"name\":\"WEKH-PCFE\",\"description\":\"Women Entrepreneurship Knowledge Hub\",\"publisher\":{\"@id\":\"https:\\\/\\\/wekh.ca\\\/#organization\"},\"potentialAction\":[{\"@type\":\"SearchAction\",\"target\":{\"@type\":\"EntryPoint\",\"urlTemplate\":\"https:\\\/\\\/wekh.ca\\\/?s={search_term_string}\"},\"query-input\":{\"@type\":\"PropertyValueSpecification\",\"valueRequired\":true,\"valueName\":\"search_term_string\"}}],\"inLanguage\":\"fr-FR\"},{\"@type\":\"Organization\",\"@id\":\"https:\\\/\\\/wekh.ca\\\/#organization\",\"name\":\"WEKH-PCFE\",\"url\":\"https:\\\/\\\/wekh.ca\\\/\",\"logo\":{\"@type\":\"ImageObject\",\"inLanguage\":\"fr-FR\",\"@id\":\"https:\\\/\\\/wekh.ca\\\/#\\\/schema\\\/logo\\\/image\\\/\",\"url\":\"https:\\\/\\\/wekh.ca\\\/wp-content\\\/uploads\\\/2024\\\/09\\\/Wekh-PCFE-Logo.png\",\"contentUrl\":\"https:\\\/\\\/wekh.ca\\\/wp-content\\\/uploads\\\/2024\\\/09\\\/Wekh-PCFE-Logo.png\",\"width\":917,\"height\":498,\"caption\":\"WEKH-PCFE\"},\"image\":{\"@id\":\"https:\\\/\\\/wekh.ca\\\/#\\\/schema\\\/logo\\\/image\\\/\"}},{\"@type\":\"Person\",\"@id\":\"https:\\\/\\\/wekh.ca\\\/#\\\/schema\\\/person\\\/0ef71c822bc3208949644604ff2b1bc3\",\"name\":\"Deirdre O'Beirne-Rosaeg\",\"image\":{\"@type\":\"ImageObject\",\"inLanguage\":\"fr-FR\",\"@id\":\"\\\/\\\/www.gravatar.com\\\/avatar\\\/98f91f9a9ad188875b736ec7873d9e41?s=96&#038;r=g&#038;d=mm\",\"url\":\"\\\/\\\/www.gravatar.com\\\/avatar\\\/98f91f9a9ad188875b736ec7873d9e41?s=96&#038;r=g&#038;d=mm\",\"contentUrl\":\"\\\/\\\/www.gravatar.com\\\/avatar\\\/98f91f9a9ad188875b736ec7873d9e41?s=96&#038;r=g&#038;d=mm\",\"caption\":\"Deirdre O'Beirne-Rosaeg\"},\"url\":\"https:\\\/\\\/wekh.ca\\\/fr\\\/author\\\/deirdre\\\/\"}]}<\/script>\n<!-- \/ Yoast SEO plugin. -->","yoast_head_json":{"title":"Le Portail de connaissances pour les femmes en entrepreneuriat (PCFE) re\u00e7oit pr\u00e8s de 4 millions de dollars du gouvernement du Canada pour c\u00e9l\u00e9brer la Journ\u00e9e de l'entrepreneuriat f\u00e9minin lors de la c\u00e9r\u00e9monie d'ouverture des march\u00e9s TSX \u00e0 Toronto - WEKH-PCFE","robots":{"index":"index","follow":"follow","max-snippet":"max-snippet:-1","max-image-preview":"max-image-preview:large","max-video-preview":"max-video-preview:-1"},"canonical":"https:\/\/wekh.ca\/fr\/pcfe-recoit-pres-de-4-millions-celebrer-la-journee-de-lentrepreneuriat-feminin\/","og_locale":"fr_FR","og_type":"article","og_title":"Le Portail de connaissances pour les femmes en entrepreneuriat (PCFE) re\u00e7oit pr\u00e8s de 4 millions de dollars du gouvernement du Canada pour c\u00e9l\u00e9brer la Journ\u00e9e de l'entrepreneuriat f\u00e9minin lors de la c\u00e9r\u00e9monie d'ouverture des march\u00e9s TSX \u00e0 Toronto - WEKH-PCFE","og_description":"&hellip;","og_url":"https:\/\/wekh.ca\/fr\/pcfe-recoit-pres-de-4-millions-celebrer-la-journee-de-lentrepreneuriat-feminin\/","og_site_name":"WEKH-PCFE","article_published_time":"2023-11-17T15:28:00+00:00","article_modified_time":"2026-02-03T19:09:45+00:00","og_image":[{"width":2560,"height":1440,"url":"https:\/\/wekh.ca\/wp-content\/uploads\/2024\/10\/SS3_2699-scaled-1.jpg","type":"image\/jpeg"}],"author":"Deirdre O'Beirne-Rosaeg","twitter_card":"summary_large_image","twitter_misc":{"\u00c9crit par":"Deirdre O'Beirne-Rosaeg","Dur\u00e9e de lecture estim\u00e9e":"5 minutes"},"schema":{"@context":"https:\/\/schema.org","@graph":[{"@type":"Article","@id":"https:\/\/wekh.ca\/fr\/pcfe-recoit-pres-de-4-millions-celebrer-la-journee-de-lentrepreneuriat-feminin\/#article","isPartOf":{"@id":"https:\/\/wekh.ca\/fr\/pcfe-recoit-pres-de-4-millions-celebrer-la-journee-de-lentrepreneuriat-feminin\/"},"author":{"name":"Deirdre O'Beirne-Rosaeg","@id":"https:\/\/wekh.ca\/#\/schema\/person\/0ef71c822bc3208949644604ff2b1bc3"},"headline":"Le Portail de connaissances pour les femmes en entrepreneuriat (PCFE) re\u00e7oit pr\u00e8s de 4 millions de dollars du gouvernement du Canada pour c\u00e9l\u00e9brer la Journ\u00e9e de l&rsquo;entrepreneuriat f\u00e9minin lors de la c\u00e9r\u00e9monie d&rsquo;ouverture des march\u00e9s TSX \u00e0 Toronto","datePublished":"2023-11-17T15:28:00+00:00","dateModified":"2026-02-03T19:09:45+00:00","mainEntityOfPage":{"@id":"https:\/\/wekh.ca\/fr\/pcfe-recoit-pres-de-4-millions-celebrer-la-journee-de-lentrepreneuriat-feminin\/"},"wordCount":1232,"publisher":{"@id":"https:\/\/wekh.ca\/#organization"},"image":{"@id":"https:\/\/wekh.ca\/fr\/pcfe-recoit-pres-de-4-millions-celebrer-la-journee-de-lentrepreneuriat-feminin\/#primaryimage"},"thumbnailUrl":"https:\/\/wekh.ca\/wp-content\/uploads\/2024\/10\/SS3_2699-scaled-1.jpg","articleSection":["Annonce","Communiqu\u00e9s de presse","Femmes Entrepreneures"],"inLanguage":"fr-FR"},{"@type":"WebPage","@id":"https:\/\/wekh.ca\/fr\/pcfe-recoit-pres-de-4-millions-celebrer-la-journee-de-lentrepreneuriat-feminin\/","url":"https:\/\/wekh.ca\/fr\/pcfe-recoit-pres-de-4-millions-celebrer-la-journee-de-lentrepreneuriat-feminin\/","name":"Le Portail de connaissances pour les femmes en entrepreneuriat (PCFE) re\u00e7oit pr\u00e8s de 4 millions de dollars du gouvernement du Canada pour c\u00e9l\u00e9brer la Journ\u00e9e de l'entrepreneuriat f\u00e9minin lors de la c\u00e9r\u00e9monie d'ouverture des march\u00e9s TSX \u00e0 Toronto - WEKH-PCFE","isPartOf":{"@id":"https:\/\/wekh.ca\/#website"},"primaryImageOfPage":{"@id":"https:\/\/wekh.ca\/fr\/pcfe-recoit-pres-de-4-millions-celebrer-la-journee-de-lentrepreneuriat-feminin\/#primaryimage"},"image":{"@id":"https:\/\/wekh.ca\/fr\/pcfe-recoit-pres-de-4-millions-celebrer-la-journee-de-lentrepreneuriat-feminin\/#primaryimage"},"thumbnailUrl":"https:\/\/wekh.ca\/wp-content\/uploads\/2024\/10\/SS3_2699-scaled-1.jpg","datePublished":"2023-11-17T15:28:00+00:00","dateModified":"2026-02-03T19:09:45+00:00","breadcrumb":{"@id":"https:\/\/wekh.ca\/fr\/pcfe-recoit-pres-de-4-millions-celebrer-la-journee-de-lentrepreneuriat-feminin\/#breadcrumb"},"inLanguage":"fr-FR","potentialAction":[{"@type":"ReadAction","target":["https:\/\/wekh.ca\/fr\/pcfe-recoit-pres-de-4-millions-celebrer-la-journee-de-lentrepreneuriat-feminin\/"]}]},{"@type":"ImageObject","inLanguage":"fr-FR","@id":"https:\/\/wekh.ca\/fr\/pcfe-recoit-pres-de-4-millions-celebrer-la-journee-de-lentrepreneuriat-feminin\/#primaryimage","url":"https:\/\/wekh.ca\/wp-content\/uploads\/2024\/10\/SS3_2699-scaled-1.jpg","contentUrl":"https:\/\/wekh.ca\/wp-content\/uploads\/2024\/10\/SS3_2699-scaled-1.jpg","width":2560,"height":1440},{"@type":"BreadcrumbList","@id":"https:\/\/wekh.ca\/fr\/pcfe-recoit-pres-de-4-millions-celebrer-la-journee-de-lentrepreneuriat-feminin\/#breadcrumb","itemListElement":[{"@type":"ListItem","position":1,"name":"Home","item":"https:\/\/wekh.ca\/"},{"@type":"ListItem","position":2,"name":"Le Portail de connaissances pour les femmes en entrepreneuriat (PCFE) re\u00e7oit pr\u00e8s de 4 millions de dollars du gouvernement du Canada pour c\u00e9l\u00e9brer la Journ\u00e9e de l&#8217;entrepreneuriat f\u00e9minin lors de la c\u00e9r\u00e9monie d&#8217;ouverture des march\u00e9s TSX \u00e0 Toronto"}]},{"@type":"WebSite","@id":"https:\/\/wekh.ca\/#website","url":"https:\/\/wekh.ca\/","name":"WEKH-PCFE","description":"Women Entrepreneurship Knowledge Hub","publisher":{"@id":"https:\/\/wekh.ca\/#organization"},"potentialAction":[{"@type":"SearchAction","target":{"@type":"EntryPoint","urlTemplate":"https:\/\/wekh.ca\/?s={search_term_string}"},"query-input":{"@type":"PropertyValueSpecification","valueRequired":true,"valueName":"search_term_string"}}],"inLanguage":"fr-FR"},{"@type":"Organization","@id":"https:\/\/wekh.ca\/#organization","name":"WEKH-PCFE","url":"https:\/\/wekh.ca\/","logo":{"@type":"ImageObject","inLanguage":"fr-FR","@id":"https:\/\/wekh.ca\/#\/schema\/logo\/image\/","url":"https:\/\/wekh.ca\/wp-content\/uploads\/2024\/09\/Wekh-PCFE-Logo.png","contentUrl":"https:\/\/wekh.ca\/wp-content\/uploads\/2024\/09\/Wekh-PCFE-Logo.png","width":917,"height":498,"caption":"WEKH-PCFE"},"image":{"@id":"https:\/\/wekh.ca\/#\/schema\/logo\/image\/"}},{"@type":"Person","@id":"https:\/\/wekh.ca\/#\/schema\/person\/0ef71c822bc3208949644604ff2b1bc3","name":"Deirdre O'Beirne-Rosaeg","image":{"@type":"ImageObject","inLanguage":"fr-FR","@id":"\/\/www.gravatar.com\/avatar\/98f91f9a9ad188875b736ec7873d9e41?s=96&#038;r=g&#038;d=mm","url":"\/\/www.gravatar.com\/avatar\/98f91f9a9ad188875b736ec7873d9e41?s=96&#038;r=g&#038;d=mm","contentUrl":"\/\/www.gravatar.com\/avatar\/98f91f9a9ad188875b736ec7873d9e41?s=96&#038;r=g&#038;d=mm","caption":"Deirdre O'Beirne-Rosaeg"},"url":"https:\/\/wekh.ca\/fr\/author\/deirdre\/"}]}},"_links":{"self":[{"href":"https:\/\/wekh.ca\/fr\/wp-json\/wp\/v2\/posts\/105357","targetHints":{"allow":["GET"]}}],"collection":[{"href":"https:\/\/wekh.ca\/fr\/wp-json\/wp\/v2\/posts"}],"about":[{"href":"https:\/\/wekh.ca\/fr\/wp-json\/wp\/v2\/types\/post"}],"author":[{"embeddable":true,"href":"https:\/\/wekh.ca\/fr\/wp-json\/wp\/v2\/users\/8230"}],"replies":[{"embeddable":true,"href":"https:\/\/wekh.ca\/fr\/wp-json\/wp\/v2\/comments?post=105357"}],"version-history":[{"count":2,"href":"https:\/\/wekh.ca\/fr\/wp-json\/wp\/v2\/posts\/105357\/revisions"}],"predecessor-version":[{"id":141576,"href":"https:\/\/wekh.ca\/fr\/wp-json\/wp\/v2\/posts\/105357\/revisions\/141576"}],"wp:featuredmedia":[{"embeddable":true,"href":"https:\/\/wekh.ca\/fr\/wp-json\/wp\/v2\/media\/105365"}],"wp:attachment":[{"href":"https:\/\/wekh.ca\/fr\/wp-json\/wp\/v2\/media?parent=105357"}],"wp:term":[{"taxonomy":"category","embeddable":true,"href":"https:\/\/wekh.ca\/fr\/wp-json\/wp\/v2\/categories?post=105357"},{"taxonomy":"post_tag","embeddable":true,"href":"https:\/\/wekh.ca\/fr\/wp-json\/wp\/v2\/tags?post=105357"}],"curies":[{"name":"wp","href":"https:\/\/api.w.org\/{rel}","templated":true}]}}