{"id":105370,"date":"2023-06-16T17:08:05","date_gmt":"2023-06-16T21:08:05","guid":{"rendered":"https:\/\/wekh.ca\/?p=105370"},"modified":"2026-02-04T12:23:00","modified_gmt":"2026-02-04T17:23:00","slug":"serie-how-i-raised-le-parcours-de-bobbie-racette","status":"publish","type":"post","link":"https:\/\/wekh.ca\/fr\/serie-how-i-raised-le-parcours-de-bobbie-racette\/","title":{"rendered":"S\u00e9rie \u00ab How I Raised \u00bb : Le parcours de Bobbie Racette"},"content":{"rendered":"<?xml encoding=\"utf-8\" ?><p role=\"heading\">Les ateliers mettent en lumi&egrave;re les d&eacute;fis auxquels sont confront&eacute;es les femmes entrepreneures pour lever des fonds et partagent les r&eacute;ussites de fondatrices r&eacute;silientes. Cette s&eacute;rie fournit des conseils pratiques, des connaissances et des strat&eacute;gies aux entrepreneures qui souhaitent obtenir du financement et faire cro&icirc;tre leur entreprise.<\/p><figure class=\"wp-block-image size-full\">\r\n<figcaption><em role=\"heading\">Joanne Fedeyko, Bobbie Racette et Dr Wendy Cukier en pleine conversation lors du webinaire &laquo; How I Raised &raquo;.<\/em><\/figcaption>\r\n<\/figure><p role=\"heading\">Le Portail de connaissances pour les femmes en entrepreneuriat (PCFE) et le <a href=\"https:\/\/www.cwnsv.com\/\" target=\"_blank\" rel=\"noreferrer noopener\">Canadian Women&rsquo;s Network (CWN)<\/a> ont r&eacute;cemment organis&eacute; le webinaire &laquo; How I Raised &raquo;, qui mettait en vedette Bobbie Racette, fondatrice et PDG de <a href=\"https:\/\/thevirtualgurus.com\/?keyword=virtual%20gurus&amp;matchtype=e&amp;tracking=search&amp;placement&amp;device=c&amp;utm_source=google&amp;utm_medium=cpc&amp;utm_campaign=18570696940&amp;utm_term=virtual%20gurus&amp;utm_content=142663950135&amp;hsa_acc=1930464955&amp;hsa_cam=18570696940&amp;hsa_grp=142663950135&amp;hsa_ad=653540259743&amp;hsa_src=g&amp;hsa_tgt=kwd-457477739687&amp;hsa_kw=virtual%20gurus&amp;hsa_mt=e&amp;hsa_net=adwords&amp;hsa_ver=3&amp;gad=1&amp;gclid=CjwKCAjwkLCkBhA9EiwAka9QRiVCDat-PcHJoQ6Q_4w4rjKW5mWzcWU2c1h6oQirCmaL6tObMOT88xoC87AQAvD_BwE\" target=\"_blank\" rel=\"noreferrer noopener\">Virtual Gurus<\/a> et askBetty, deux entreprises qui fournissent des services d&rsquo;assistance virtuelle aux professionnels ayant besoin de soutien. Le webinaire du 9 mai 2023 a pr&eacute;sent&eacute; son parcours entrepreneurial et les d&eacute;fis qu&rsquo;elle a rencontr&eacute;s lorsqu&rsquo;elle a r&eacute;uni des capitaux pour son entreprise.<\/p><p role=\"heading\">Dr Wendy Cukier, fondatrice et directrice acad&eacute;mique du Diversity Institute et du PCFE, a commenc&eacute; par pr&eacute;senter les points saillants du rapport <a href=\"https:\/\/wekh.ca\/research\/etat-des-lieux-de-lentrepreneuriat-feminin-au-canada-2023-apercu-de-la-recherche\/?lang=fr\" target=\"_blank\" rel=\"noreferrer noopener\">&Eacute;tat des lieux de l&rsquo;entrepreneuriat f&eacute;minin au Canada 2023<\/a>. Elle a &eacute;galement &eacute;voqu&eacute; les efforts d&eacute;ploy&eacute;s pour cr&eacute;er un &eacute;cosyst&egrave;me d&rsquo;innovation plus inclusif pour les femmes entrepreneures au Canada. &laquo; L&rsquo;un des plus grands combats que nous menons en permanence est d&rsquo;essayer de faire en sorte que les voix des petites et moyennes entreprises, en g&eacute;n&eacute;ral, soient entendues lorsqu&rsquo;il s&rsquo;agit de politique &eacute;conomique et d&rsquo;innovation. Et, bien s&ucirc;r, nous savons aussi que les femmes, les autochtones et les groupes qui m&eacute;ritent l&rsquo;&eacute;quit&eacute; sont souvent confront&eacute;s &agrave; des obstacles suppl&eacute;mentaires en termes d&rsquo;acc&egrave;s au financement &raquo;, a-t-elle dit.<\/p><figure class=\"wp-block-image size-full\"><img decoding=\"async\" class=\"lazyload_inited wp-image-94708\" src=\"https:\/\/wekh.ca\/wp-content\/uploads\/2023\/06\/Combler-lecart-entre-les-genres.jpg\" alt=\"Capture d'&eacute;cran d'une pr&eacute;sentation et de donn&eacute;es sur le th&egrave;me &laquo; Combler l'&eacute;cart entre les genres &raquo; au sein de l'&eacute;cosyst&egrave;me entrepreneurial au Canada\">\r\n<figcaption><em role=\"heading\">Dr Wendy Cukier pr&eacute;sente les points saillants du r&eacute;cent rapport sur l&rsquo;&Eacute;tat des lieux de l&rsquo;entrepreneuriat f&eacute;minin au Canada et partage des donn&eacute;es sur l&rsquo;&eacute;cart entre les genres au sein de l&rsquo;&eacute;cosyst&egrave;me entrepreneurial au Canada.<\/em><\/figcaption>\r\n<\/figure><p role=\"heading\">Malgr&eacute; les obstacles auxquels les femmes entrepreneures sont confront&eacute;es, il existe des tendances encourageantes au sein de l&rsquo;&eacute;cosyst&egrave;me entrepreneurial cette ann&eacute;e, a not&eacute; Mme Cukier. Par exemple, 18 % des entreprises au Canada sont d&eacute;tenues majoritairement par des femmes, ce qui repr&eacute;sente une augmentation par rapport aux 16,8 % enregistr&eacute;s en 2020. En outre, malgr&eacute; les d&eacute;fis pos&eacute;s par la pand&eacute;mie de la COVID-19, les femmes ont fait preuve de r&eacute;silience et de d&eacute;termination, a indiqu&eacute; Mme Cukier : &laquo; Malgr&eacute; la COVID, les femmes tiennent bon. &raquo;<\/p><p role=\"heading\">&laquo; Nous avons &eacute;galement constat&eacute; une augmentation de l&rsquo;esprit d&rsquo;entreprise, et nous avons constat&eacute; que de plus en plus de femmes s&rsquo;int&eacute;ressent aux technologies num&eacute;riques et aux objectifs de d&eacute;veloppement durable &raquo;, a-t-elle ajout&eacute;. Ces tendances soulignent collectivement les efforts et les r&eacute;alisations continus des femmes entrepreneures, en mettant en valeur leur capacit&eacute; &agrave; prosp&eacute;rer et &agrave; contribuer &agrave; divers secteurs de l&rsquo;&eacute;conomie.<\/p><p role=\"heading\">Le point culminant du webinaire a &eacute;t&eacute; une discussion au coin du feu avec Bobbie Racette, anim&eacute;e par Joanne Fedeyko, fondatrice et PDG de Connection Silicon Valley (CSV). Mme Racette est une M&eacute;tisse crie qui se consacre &agrave; la d&eacute;fense des droits et &agrave; l&rsquo;autonomisation des peuples autochtones et de la communaut&eacute; 2SLGBTQ+. Sa mission consiste &agrave; cr&eacute;er des opportunit&eacute;s d&rsquo;emploi int&eacute;ressantes pour les personnes sous-repr&eacute;sent&eacute;es, notamment les membres des Premi&egrave;res nations, les M&eacute;tis et les Inuits, ainsi que les membres de la communaut&eacute; LGBTQ2S+ et les personnes racialis&eacute;es.<\/p><p role=\"heading\">Mme Racette a parl&eacute; de son parcours de collecte de fonds, donnant un aper&ccedil;u sur les formes de capital qu&rsquo;elle a obtenues au fil des ans et sur les progr&egrave;s qu&rsquo;elle a r&eacute;alis&eacute;s en cours de route. &laquo; Bobbie est une force invincible dans la communaut&eacute; des entreprises en d&eacute;marrage au Canada &raquo;, a d&eacute;clar&eacute; M. Fedeyko. Mme Racette a racont&eacute; qu&rsquo;elle avait &eacute;t&eacute; rejet&eacute;e par plus de 170 investisseurs, principalement des hommes, lorsqu&rsquo;elle a essay&eacute; de financer Virtual Gurus et qu&rsquo;on lui a dit que son entreprise n&rsquo;&eacute;tait pas &eacute;volutive. Heureusement, Mme Racette a persist&eacute;, motiv&eacute;e par sa vision de construire une entreprise technologique prosp&egrave;re qui offrirait des opportunit&eacute;s aux personnes issues de milieux divers.<\/p><p role=\"heading\">La d&eacute;cision de Mme Racette de ne pas se payer de salaire au cours des premi&egrave;res &eacute;tapes de son entreprise a &eacute;t&eacute; un facteur important de sa r&eacute;ussite. &laquo; Je ne me suis pas pay&eacute; un salaire et j&rsquo;ai fait passer Virtual Gurus &agrave; un million de dollars en revenus r&eacute;currents &raquo;, a dit Mme Racette. &laquo; Donc, je n&rsquo;avais pas d&rsquo;argent, rien, juste des revenus. &raquo;<\/p><p role=\"heading\">&laquo; Je n&rsquo;arr&ecirc;tais pas de continuer, et je ne me payais pas du tout. J&rsquo;ai donc pu r&eacute;investir tout l&rsquo;argent dans l&rsquo;entreprise, puis je l&rsquo;ai investi dans la croissance et dans l&rsquo;embauche d&rsquo;employ&eacute;s. &raquo;<\/p><p role=\"heading\">Apr&egrave;s deux ans de collecte de fonds, en suivant sa strat&eacute;gie et en d&eacute;marrant son entreprise, Mme Racette a obtenu un financement de 1,5 million $ en 2020. Virtual Gurus a ensuite cl&ocirc;tur&eacute; son cycle de financement de capital de risque de s&eacute;rie A de 8,4 millions $ en mars 2022. Avec ce financement, Mme Racette a indiqu&eacute; qu&rsquo;elle visait &agrave; &eacute;tendre la plateforme technologique de l&rsquo;entreprise et ses services aux &Eacute;tats-Unis.<\/p><p role=\"heading\">Pour Mme Racette, les subventions ont jou&eacute; un r&ocirc;le important dans son parcours. Elle a dit avoir re&ccedil;u des fonds du Programme d&rsquo;aide &agrave; la recherche industrielle du Conseil national de recherches du Canada et d&rsquo;Alberta Innovates, entre autres. Mme Fedeyko a f&eacute;licit&eacute; Mme Racette pour sa r&eacute;silience et ses r&eacute;alisations tout au long de son parcours. &laquo; Bobbie, c&rsquo;est votre dynamisme, votre d&eacute;termination et vos valeurs qui, je pense, vous ont permis d&rsquo;emprunter cette voie &raquo;, a-t-elle dit.<\/p><p role=\"heading\">Mme Racette a encourag&eacute; les fondatrices &agrave; avoir confiance en elles, &agrave; faire preuve d&rsquo;audace et &agrave; se montrer courageuses. En outre, elle a soulign&eacute; l&rsquo;importance d&rsquo;&ecirc;tre fid&egrave;le &agrave; soi-m&ecirc;me et de rechercher continuellement des connaissances pour continuer &agrave; progresser sur le parcours entrepreneurial.<\/p><p role=\"heading\">Dr Cukier a &eacute;galement f&eacute;licit&eacute; Mme Racette, soulignant sa d&eacute;termination et son courage, et a mis l&rsquo;accent sur les id&eacute;es qu&rsquo;elle a partag&eacute;es au cours de la discussion informelle. &laquo; Le fait que tant de personnes vous aient dit &laquo; non &raquo; et que vous avez simplement continu&eacute;, je pense que c&rsquo;est probablement le message le plus important que nous pouvons partager avec d&rsquo;autres : 99 % des gens peuvent dire non, mais si la 100e [personne] dit &laquo; oui &raquo;, cela vaut la peine d&rsquo;&ecirc;tre tenace et r&eacute;silient, et de continuer &agrave; aller de l&rsquo;avant &raquo;, a dit Mme Cukier.<\/p><p role=\"heading\"><a href=\"https:\/\/www.youtube.com\/watch?v=s7e1N2ftJ0k&amp;t=205s&amp;ab_channel=WEKH%2FPCFE\" target=\"_blank\" rel=\"noreferrer noopener\">Regardez la session<\/a> pour en savoir plus sur les h&ocirc;tes et sur le parcours de collecte de fonds de Mme Racette. (<em role=\"heading\">La vid&eacute;o est uniquement en anglais<\/em>)<\/p>\n","protected":false},"excerpt":{"rendered":"<p>&hellip;<\/p>\n","protected":false},"author":8230,"featured_media":104917,"comment_status":"closed","ping_status":"closed","sticky":false,"template":"","format":"standard","meta":{"_acf_changed":false,"_bbp_topic_count":0,"_bbp_reply_count":0,"_bbp_total_topic_count":0,"_bbp_total_reply_count":0,"_bbp_voice_count":0,"_bbp_anonymous_reply_count":0,"_bbp_topic_count_hidden":0,"_bbp_reply_count_hidden":0,"_bbp_forum_subforum_count":0,"footnotes":""},"categories":[6331],"tags":[],"class_list":["post-105370","post","type-post","status-publish","format-standard","has-post-thumbnail","hentry","category-evenements"],"acf":[],"yoast_head":"<!-- This site is optimized with the Yoast SEO plugin v27.5 - https:\/\/yoast.com\/product\/yoast-seo-wordpress\/ -->\n<title>S\u00e9rie \u00ab How I Raised \u00bb : Le parcours de Bobbie Racette - WEKH-PCFE<\/title>\n<meta name=\"robots\" content=\"index, follow, max-snippet:-1, max-image-preview:large, max-video-preview:-1\" \/>\n<link rel=\"canonical\" href=\"https:\/\/wekh.ca\/fr\/serie-how-i-raised-le-parcours-de-bobbie-racette\/\" \/>\n<meta property=\"og:locale\" content=\"fr_FR\" \/>\n<meta property=\"og:type\" content=\"article\" \/>\n<meta property=\"og:title\" content=\"S\u00e9rie \u00ab How I Raised \u00bb : Le parcours de Bobbie Racette - WEKH-PCFE\" \/>\n<meta property=\"og:description\" content=\"&hellip;\" \/>\n<meta property=\"og:url\" content=\"https:\/\/wekh.ca\/fr\/serie-how-i-raised-le-parcours-de-bobbie-racette\/\" \/>\n<meta property=\"og:site_name\" content=\"WEKH-PCFE\" \/>\n<meta property=\"article:published_time\" content=\"2023-06-16T21:08:05+00:00\" \/>\n<meta property=\"article:modified_time\" content=\"2026-02-04T17:23:00+00:00\" \/>\n<meta property=\"og:image\" content=\"https:\/\/wekh.ca\/wp-content\/uploads\/2024\/10\/How-I-Raised-webinar-featuring-Bobbie-Racette.png\" \/>\n\t<meta property=\"og:image:width\" content=\"1200\" \/>\n\t<meta property=\"og:image:height\" content=\"675\" \/>\n\t<meta property=\"og:image:type\" content=\"image\/png\" \/>\n<meta name=\"author\" content=\"Deirdre O&#039;Beirne-Rosaeg\" \/>\n<meta name=\"twitter:card\" content=\"summary_large_image\" \/>\n<meta name=\"twitter:label1\" content=\"\u00c9crit par\" \/>\n\t<meta name=\"twitter:data1\" content=\"Deirdre O&#039;Beirne-Rosaeg\" \/>\n\t<meta name=\"twitter:label2\" content=\"Dur\u00e9e de lecture estim\u00e9e\" \/>\n\t<meta name=\"twitter:data2\" content=\"6 minutes\" \/>\n<script type=\"application\/ld+json\" class=\"yoast-schema-graph\">{\"@context\":\"https:\\\/\\\/schema.org\",\"@graph\":[{\"@type\":\"Article\",\"@id\":\"https:\\\/\\\/wekh.ca\\\/fr\\\/serie-how-i-raised-le-parcours-de-bobbie-racette\\\/#article\",\"isPartOf\":{\"@id\":\"https:\\\/\\\/wekh.ca\\\/fr\\\/serie-how-i-raised-le-parcours-de-bobbie-racette\\\/\"},\"author\":{\"name\":\"Deirdre O'Beirne-Rosaeg\",\"@id\":\"https:\\\/\\\/wekh.ca\\\/#\\\/schema\\\/person\\\/0ef71c822bc3208949644604ff2b1bc3\"},\"headline\":\"S\u00e9rie \u00ab How I Raised \u00bb : Le parcours de Bobbie Racette\",\"datePublished\":\"2023-06-16T21:08:05+00:00\",\"dateModified\":\"2026-02-04T17:23:00+00:00\",\"mainEntityOfPage\":{\"@id\":\"https:\\\/\\\/wekh.ca\\\/fr\\\/serie-how-i-raised-le-parcours-de-bobbie-racette\\\/\"},\"wordCount\":1180,\"publisher\":{\"@id\":\"https:\\\/\\\/wekh.ca\\\/#organization\"},\"image\":{\"@id\":\"https:\\\/\\\/wekh.ca\\\/fr\\\/serie-how-i-raised-le-parcours-de-bobbie-racette\\\/#primaryimage\"},\"thumbnailUrl\":\"https:\\\/\\\/wekh.ca\\\/wp-content\\\/uploads\\\/2024\\\/10\\\/How-I-Raised-webinar-featuring-Bobbie-Racette.png\",\"articleSection\":[\"\u00c9v\u00e9nements\"],\"inLanguage\":\"fr-FR\"},{\"@type\":\"WebPage\",\"@id\":\"https:\\\/\\\/wekh.ca\\\/fr\\\/serie-how-i-raised-le-parcours-de-bobbie-racette\\\/\",\"url\":\"https:\\\/\\\/wekh.ca\\\/fr\\\/serie-how-i-raised-le-parcours-de-bobbie-racette\\\/\",\"name\":\"S\u00e9rie \u00ab How I Raised \u00bb : Le parcours de Bobbie Racette - WEKH-PCFE\",\"isPartOf\":{\"@id\":\"https:\\\/\\\/wekh.ca\\\/#website\"},\"primaryImageOfPage\":{\"@id\":\"https:\\\/\\\/wekh.ca\\\/fr\\\/serie-how-i-raised-le-parcours-de-bobbie-racette\\\/#primaryimage\"},\"image\":{\"@id\":\"https:\\\/\\\/wekh.ca\\\/fr\\\/serie-how-i-raised-le-parcours-de-bobbie-racette\\\/#primaryimage\"},\"thumbnailUrl\":\"https:\\\/\\\/wekh.ca\\\/wp-content\\\/uploads\\\/2024\\\/10\\\/How-I-Raised-webinar-featuring-Bobbie-Racette.png\",\"datePublished\":\"2023-06-16T21:08:05+00:00\",\"dateModified\":\"2026-02-04T17:23:00+00:00\",\"breadcrumb\":{\"@id\":\"https:\\\/\\\/wekh.ca\\\/fr\\\/serie-how-i-raised-le-parcours-de-bobbie-racette\\\/#breadcrumb\"},\"inLanguage\":\"fr-FR\",\"potentialAction\":[{\"@type\":\"ReadAction\",\"target\":[\"https:\\\/\\\/wekh.ca\\\/fr\\\/serie-how-i-raised-le-parcours-de-bobbie-racette\\\/\"]}]},{\"@type\":\"ImageObject\",\"inLanguage\":\"fr-FR\",\"@id\":\"https:\\\/\\\/wekh.ca\\\/fr\\\/serie-how-i-raised-le-parcours-de-bobbie-racette\\\/#primaryimage\",\"url\":\"https:\\\/\\\/wekh.ca\\\/wp-content\\\/uploads\\\/2024\\\/10\\\/How-I-Raised-webinar-featuring-Bobbie-Racette.png\",\"contentUrl\":\"https:\\\/\\\/wekh.ca\\\/wp-content\\\/uploads\\\/2024\\\/10\\\/How-I-Raised-webinar-featuring-Bobbie-Racette.png\",\"width\":1200,\"height\":675},{\"@type\":\"BreadcrumbList\",\"@id\":\"https:\\\/\\\/wekh.ca\\\/fr\\\/serie-how-i-raised-le-parcours-de-bobbie-racette\\\/#breadcrumb\",\"itemListElement\":[{\"@type\":\"ListItem\",\"position\":1,\"name\":\"Home\",\"item\":\"https:\\\/\\\/wekh.ca\\\/\"},{\"@type\":\"ListItem\",\"position\":2,\"name\":\"S\u00e9rie \u00ab How I Raised \u00bb : Le parcours de Bobbie Racette\"}]},{\"@type\":\"WebSite\",\"@id\":\"https:\\\/\\\/wekh.ca\\\/#website\",\"url\":\"https:\\\/\\\/wekh.ca\\\/\",\"name\":\"WEKH-PCFE\",\"description\":\"Women Entrepreneurship Knowledge Hub\",\"publisher\":{\"@id\":\"https:\\\/\\\/wekh.ca\\\/#organization\"},\"potentialAction\":[{\"@type\":\"SearchAction\",\"target\":{\"@type\":\"EntryPoint\",\"urlTemplate\":\"https:\\\/\\\/wekh.ca\\\/?s={search_term_string}\"},\"query-input\":{\"@type\":\"PropertyValueSpecification\",\"valueRequired\":true,\"valueName\":\"search_term_string\"}}],\"inLanguage\":\"fr-FR\"},{\"@type\":\"Organization\",\"@id\":\"https:\\\/\\\/wekh.ca\\\/#organization\",\"name\":\"WEKH-PCFE\",\"url\":\"https:\\\/\\\/wekh.ca\\\/\",\"logo\":{\"@type\":\"ImageObject\",\"inLanguage\":\"fr-FR\",\"@id\":\"https:\\\/\\\/wekh.ca\\\/#\\\/schema\\\/logo\\\/image\\\/\",\"url\":\"https:\\\/\\\/wekh.ca\\\/wp-content\\\/uploads\\\/2024\\\/09\\\/Wekh-PCFE-Logo.png\",\"contentUrl\":\"https:\\\/\\\/wekh.ca\\\/wp-content\\\/uploads\\\/2024\\\/09\\\/Wekh-PCFE-Logo.png\",\"width\":917,\"height\":498,\"caption\":\"WEKH-PCFE\"},\"image\":{\"@id\":\"https:\\\/\\\/wekh.ca\\\/#\\\/schema\\\/logo\\\/image\\\/\"}},{\"@type\":\"Person\",\"@id\":\"https:\\\/\\\/wekh.ca\\\/#\\\/schema\\\/person\\\/0ef71c822bc3208949644604ff2b1bc3\",\"name\":\"Deirdre O'Beirne-Rosaeg\",\"image\":{\"@type\":\"ImageObject\",\"inLanguage\":\"fr-FR\",\"@id\":\"\\\/\\\/www.gravatar.com\\\/avatar\\\/98f91f9a9ad188875b736ec7873d9e41?s=96&#038;r=g&#038;d=mm\",\"url\":\"\\\/\\\/www.gravatar.com\\\/avatar\\\/98f91f9a9ad188875b736ec7873d9e41?s=96&#038;r=g&#038;d=mm\",\"contentUrl\":\"\\\/\\\/www.gravatar.com\\\/avatar\\\/98f91f9a9ad188875b736ec7873d9e41?s=96&#038;r=g&#038;d=mm\",\"caption\":\"Deirdre O'Beirne-Rosaeg\"},\"url\":\"https:\\\/\\\/wekh.ca\\\/fr\\\/author\\\/deirdre\\\/\"}]}<\/script>\n<!-- \/ Yoast SEO plugin. -->","yoast_head_json":{"title":"S\u00e9rie \u00ab How I Raised \u00bb : Le parcours de Bobbie Racette - WEKH-PCFE","robots":{"index":"index","follow":"follow","max-snippet":"max-snippet:-1","max-image-preview":"max-image-preview:large","max-video-preview":"max-video-preview:-1"},"canonical":"https:\/\/wekh.ca\/fr\/serie-how-i-raised-le-parcours-de-bobbie-racette\/","og_locale":"fr_FR","og_type":"article","og_title":"S\u00e9rie \u00ab How I Raised \u00bb : Le parcours de Bobbie Racette - WEKH-PCFE","og_description":"&hellip;","og_url":"https:\/\/wekh.ca\/fr\/serie-how-i-raised-le-parcours-de-bobbie-racette\/","og_site_name":"WEKH-PCFE","article_published_time":"2023-06-16T21:08:05+00:00","article_modified_time":"2026-02-04T17:23:00+00:00","og_image":[{"width":1200,"height":675,"url":"https:\/\/wekh.ca\/wp-content\/uploads\/2024\/10\/How-I-Raised-webinar-featuring-Bobbie-Racette.png","type":"image\/png"}],"author":"Deirdre O'Beirne-Rosaeg","twitter_card":"summary_large_image","twitter_misc":{"\u00c9crit par":"Deirdre O'Beirne-Rosaeg","Dur\u00e9e de lecture estim\u00e9e":"6 minutes"},"schema":{"@context":"https:\/\/schema.org","@graph":[{"@type":"Article","@id":"https:\/\/wekh.ca\/fr\/serie-how-i-raised-le-parcours-de-bobbie-racette\/#article","isPartOf":{"@id":"https:\/\/wekh.ca\/fr\/serie-how-i-raised-le-parcours-de-bobbie-racette\/"},"author":{"name":"Deirdre O'Beirne-Rosaeg","@id":"https:\/\/wekh.ca\/#\/schema\/person\/0ef71c822bc3208949644604ff2b1bc3"},"headline":"S\u00e9rie \u00ab How I Raised \u00bb : Le parcours de Bobbie Racette","datePublished":"2023-06-16T21:08:05+00:00","dateModified":"2026-02-04T17:23:00+00:00","mainEntityOfPage":{"@id":"https:\/\/wekh.ca\/fr\/serie-how-i-raised-le-parcours-de-bobbie-racette\/"},"wordCount":1180,"publisher":{"@id":"https:\/\/wekh.ca\/#organization"},"image":{"@id":"https:\/\/wekh.ca\/fr\/serie-how-i-raised-le-parcours-de-bobbie-racette\/#primaryimage"},"thumbnailUrl":"https:\/\/wekh.ca\/wp-content\/uploads\/2024\/10\/How-I-Raised-webinar-featuring-Bobbie-Racette.png","articleSection":["\u00c9v\u00e9nements"],"inLanguage":"fr-FR"},{"@type":"WebPage","@id":"https:\/\/wekh.ca\/fr\/serie-how-i-raised-le-parcours-de-bobbie-racette\/","url":"https:\/\/wekh.ca\/fr\/serie-how-i-raised-le-parcours-de-bobbie-racette\/","name":"S\u00e9rie \u00ab How I Raised \u00bb : Le parcours de Bobbie Racette - WEKH-PCFE","isPartOf":{"@id":"https:\/\/wekh.ca\/#website"},"primaryImageOfPage":{"@id":"https:\/\/wekh.ca\/fr\/serie-how-i-raised-le-parcours-de-bobbie-racette\/#primaryimage"},"image":{"@id":"https:\/\/wekh.ca\/fr\/serie-how-i-raised-le-parcours-de-bobbie-racette\/#primaryimage"},"thumbnailUrl":"https:\/\/wekh.ca\/wp-content\/uploads\/2024\/10\/How-I-Raised-webinar-featuring-Bobbie-Racette.png","datePublished":"2023-06-16T21:08:05+00:00","dateModified":"2026-02-04T17:23:00+00:00","breadcrumb":{"@id":"https:\/\/wekh.ca\/fr\/serie-how-i-raised-le-parcours-de-bobbie-racette\/#breadcrumb"},"inLanguage":"fr-FR","potentialAction":[{"@type":"ReadAction","target":["https:\/\/wekh.ca\/fr\/serie-how-i-raised-le-parcours-de-bobbie-racette\/"]}]},{"@type":"ImageObject","inLanguage":"fr-FR","@id":"https:\/\/wekh.ca\/fr\/serie-how-i-raised-le-parcours-de-bobbie-racette\/#primaryimage","url":"https:\/\/wekh.ca\/wp-content\/uploads\/2024\/10\/How-I-Raised-webinar-featuring-Bobbie-Racette.png","contentUrl":"https:\/\/wekh.ca\/wp-content\/uploads\/2024\/10\/How-I-Raised-webinar-featuring-Bobbie-Racette.png","width":1200,"height":675},{"@type":"BreadcrumbList","@id":"https:\/\/wekh.ca\/fr\/serie-how-i-raised-le-parcours-de-bobbie-racette\/#breadcrumb","itemListElement":[{"@type":"ListItem","position":1,"name":"Home","item":"https:\/\/wekh.ca\/"},{"@type":"ListItem","position":2,"name":"S\u00e9rie \u00ab How I Raised \u00bb : Le parcours de Bobbie Racette"}]},{"@type":"WebSite","@id":"https:\/\/wekh.ca\/#website","url":"https:\/\/wekh.ca\/","name":"WEKH-PCFE","description":"Women Entrepreneurship Knowledge Hub","publisher":{"@id":"https:\/\/wekh.ca\/#organization"},"potentialAction":[{"@type":"SearchAction","target":{"@type":"EntryPoint","urlTemplate":"https:\/\/wekh.ca\/?s={search_term_string}"},"query-input":{"@type":"PropertyValueSpecification","valueRequired":true,"valueName":"search_term_string"}}],"inLanguage":"fr-FR"},{"@type":"Organization","@id":"https:\/\/wekh.ca\/#organization","name":"WEKH-PCFE","url":"https:\/\/wekh.ca\/","logo":{"@type":"ImageObject","inLanguage":"fr-FR","@id":"https:\/\/wekh.ca\/#\/schema\/logo\/image\/","url":"https:\/\/wekh.ca\/wp-content\/uploads\/2024\/09\/Wekh-PCFE-Logo.png","contentUrl":"https:\/\/wekh.ca\/wp-content\/uploads\/2024\/09\/Wekh-PCFE-Logo.png","width":917,"height":498,"caption":"WEKH-PCFE"},"image":{"@id":"https:\/\/wekh.ca\/#\/schema\/logo\/image\/"}},{"@type":"Person","@id":"https:\/\/wekh.ca\/#\/schema\/person\/0ef71c822bc3208949644604ff2b1bc3","name":"Deirdre O'Beirne-Rosaeg","image":{"@type":"ImageObject","inLanguage":"fr-FR","@id":"\/\/www.gravatar.com\/avatar\/98f91f9a9ad188875b736ec7873d9e41?s=96&#038;r=g&#038;d=mm","url":"\/\/www.gravatar.com\/avatar\/98f91f9a9ad188875b736ec7873d9e41?s=96&#038;r=g&#038;d=mm","contentUrl":"\/\/www.gravatar.com\/avatar\/98f91f9a9ad188875b736ec7873d9e41?s=96&#038;r=g&#038;d=mm","caption":"Deirdre O'Beirne-Rosaeg"},"url":"https:\/\/wekh.ca\/fr\/author\/deirdre\/"}]}},"_links":{"self":[{"href":"https:\/\/wekh.ca\/fr\/wp-json\/wp\/v2\/posts\/105370","targetHints":{"allow":["GET"]}}],"collection":[{"href":"https:\/\/wekh.ca\/fr\/wp-json\/wp\/v2\/posts"}],"about":[{"href":"https:\/\/wekh.ca\/fr\/wp-json\/wp\/v2\/types\/post"}],"author":[{"embeddable":true,"href":"https:\/\/wekh.ca\/fr\/wp-json\/wp\/v2\/users\/8230"}],"replies":[{"embeddable":true,"href":"https:\/\/wekh.ca\/fr\/wp-json\/wp\/v2\/comments?post=105370"}],"version-history":[{"count":2,"href":"https:\/\/wekh.ca\/fr\/wp-json\/wp\/v2\/posts\/105370\/revisions"}],"predecessor-version":[{"id":141594,"href":"https:\/\/wekh.ca\/fr\/wp-json\/wp\/v2\/posts\/105370\/revisions\/141594"}],"wp:featuredmedia":[{"embeddable":true,"href":"https:\/\/wekh.ca\/fr\/wp-json\/wp\/v2\/media\/104917"}],"wp:attachment":[{"href":"https:\/\/wekh.ca\/fr\/wp-json\/wp\/v2\/media?parent=105370"}],"wp:term":[{"taxonomy":"category","embeddable":true,"href":"https:\/\/wekh.ca\/fr\/wp-json\/wp\/v2\/categories?post=105370"},{"taxonomy":"post_tag","embeddable":true,"href":"https:\/\/wekh.ca\/fr\/wp-json\/wp\/v2\/tags?post=105370"}],"curies":[{"name":"wp","href":"https:\/\/api.w.org\/{rel}","templated":true}]}}