{"id":105449,"date":"2022-03-08T14:49:10","date_gmt":"2022-03-08T19:49:10","guid":{"rendered":"https:\/\/wekh.ca\/?p=105449"},"modified":"2024-10-31T11:38:48","modified_gmt":"2024-10-31T15:38:48","slug":"a-loccasion-de-la-journee-internationale-des-femmes-le-pcfe-celebre-la-resilience-des-entrepreneures-et-defie-les-stereotypes","status":"publish","type":"post","link":"https:\/\/wekh.ca\/fr\/a-loccasion-de-la-journee-internationale-des-femmes-le-pcfe-celebre-la-resilience-des-entrepreneures-et-defie-les-stereotypes\/","title":{"rendered":"Le PCFE c\u00e9l\u00e8bre les entrepreneures et aide \u00e0 #BriserLesPr\u00e9jug\u00e9s"},"content":{"rendered":"<?xml encoding=\"utf-8\" ?><figure class=\"wp-block-image size-large\"><\/figure><h2 class=\"wp-block-heading\">&Agrave; l&rsquo;occasion de la Journ&eacute;e internationale des femmes, le PCFE c&eacute;l&egrave;bre la r&eacute;silience des entrepreneures et d&eacute;fie les st&eacute;r&eacute;otypes<\/h2><p role=\"heading\">Comme le monde entier c&eacute;l&egrave;bre la Journ&eacute;e internationale des femmes (JIF), le Portail de connaissances pour les femmes en entrepreneuriat (PCFE) c&eacute;l&egrave;bre le succ&egrave;s et la r&eacute;silience des entrepreneures tout en nous demandant de remettre en question les st&eacute;r&eacute;otypes li&eacute;s &agrave; l&rsquo;entrepreneuriat. Malgr&eacute; leur contribution importante &agrave; l&rsquo;&eacute;conomie canadienne et &agrave; la soci&eacute;t&eacute; en g&eacute;n&eacute;ral, les entrepreneures sont souvent n&eacute;glig&eacute;es en raison des st&eacute;r&eacute;otypes qui persistent dans et autour de l&rsquo;entrepreneuriat.<\/p><p role=\"heading\">Les recherches du PCFE montrent que la fa&ccedil;on dont nous pensons aux entrepreneurs a un impact profond sur les personnes incluses et exclues et que les st&eacute;r&eacute;otypes et les pr&eacute;jug&eacute;s syst&eacute;miques li&eacute;s &agrave; l&rsquo;entrepreneuriat sont parmi les obstacles les plus difficiles &agrave; surmonter pour les entrepreneures, en particulier celles qui sont noires, autochtones et racialis&eacute;es.<\/p><p role=\"heading\">En r&eacute;sum&eacute;, &laquo; si vous pouvez les voir et vous en inspirer, vous pouvez vous r&eacute;aliser &raquo;. Les femmes ont besoin de voir des entrepreneures qui r&eacute;ussissent pour oser en devenir une.<\/p><p role=\"heading\">&laquo; Les d&eacute;finitions largement accept&eacute;es pour mesurer l&rsquo;innovation et l&rsquo;impact &eacute;conomique ont tendance &agrave; se concentrer sur les secteurs de la technologie et de la fabrication, o&ugrave; les femmes sont largement absentes &raquo;, a d&eacute;clar&eacute; Wendy Cukier, fondatrice du Diversity Institute et directrice acad&eacute;mique du Portail de connaissances pour les femmes en entrepreneuriat. &laquo; L&rsquo;association entre l&rsquo;entrepreneuriat et les hommes fa&ccedil;onne les aspirations et les objectifs de carri&egrave;re des jeunes femmes. Nous savons que la plupart des gens associent le terme &laquo; entrepreneur &raquo;, &agrave; des hommes dans le domaine de la technologie, comme Bill Gates, Steve Jobs et Mark Zuckerberg. Ces st&eacute;r&eacute;otypes fa&ccedil;onnent la conception des programmes, les personnes auxquelles ils s&rsquo;adressent et la mani&egrave;re dont les d&eacute;cisions de financement et d&rsquo;investissement sont prises, cr&eacute;ant ainsi des obstacles structurels et syst&eacute;miques pour les entrepreneures. &raquo;<\/p><p role=\"heading\">Le moment est venu de parler des contributions et des st&eacute;r&eacute;otypes des entrepreneures, car les perturbations de la pand&eacute;mie de COVID-19 ont continu&eacute; &agrave; affecter de mani&egrave;re disproportionn&eacute;e les femmes et les secteurs domin&eacute;s par les femmes, ce qui a conduit certains &agrave; d&eacute;finir le paysage &eacute;conomique actuel comme une &laquo; r&eacute;cession des femmes &raquo;. Mais les entrepreneures ont &eacute;galement fait preuve d&rsquo;une grande r&eacute;silience et d&rsquo;une grande capacit&eacute; d&rsquo;innovation pendant cette p&eacute;riode difficile.<\/p><p role=\"heading\">Notre prochain rapport sur l&rsquo;&Eacute;tat de l&rsquo;entrepreneuriat f&eacute;minin au Canada 2022 fournira de nouvelles donn&eacute;es sur la fa&ccedil;on dont les entrepreneures traversent la tourmente &eacute;conomique et se tournent vers la reprise, en partie gr&acirc;ce au soutien solide fourni par l&rsquo;&eacute;cosyst&egrave;me de l&rsquo;entrepreneuriat f&eacute;minin au Canada et parce que les entrepreneures osent d&eacute;fier les st&eacute;r&eacute;otypes.<\/p><p role=\"heading\">Dans un effort pour aider &agrave; red&eacute;finir qui est un entrepreneur, homme et femme, ce qu&rsquo;il ou elle fait et comment il ou elle se pr&eacute;sente, la campagne <a href=\"https:\/\/wekh.ca\/sinspirer-se-realiser\/?lang=fr\" target=\"_blank\" rel=\"noreferrer noopener\">S&rsquo;inspirer. Se r&eacute;aliser.<\/a> du PCFE continuera &agrave; partager et &agrave; pr&eacute;senter plus de 1 000 entrepreneures qui ont r&eacute;ussi et qui proviennent de divers milieux, secteurs, exp&eacute;riences et r&eacute;gions du Canada.<\/p><p role=\"heading\">Rencontrez quelques-unes des femmes canadiennes qui brisent les st&eacute;r&eacute;otypes li&eacute;s &agrave; l&rsquo;entrepreneuriat.<\/p><h3 class=\"wp-block-heading\"><strong><strong><em role=\"heading\">Sheena Brady, fondatrice de Tease Teas<\/em><\/strong><\/strong><\/h3><p role=\"heading\">Fond&eacute;e en 2013 par la sommeli&egrave;re de th&eacute; Sheena Brady, Tease Teas cr&eacute;e des produits enti&egrave;rement naturels, &agrave; base de th&eacute; et de plantes, pour soutenir vos rituels de bien-&ecirc;tre quotidiens sans compromettre la durabilit&eacute;, la commodit&eacute; ou l&rsquo;impact. La gamme de produits de base de Tease comprend la premi&egrave;re collection enti&egrave;rement biod&eacute;gradable et rechargeable au monde, ainsi que des produits de bain et de beaut&eacute; compl&eacute;mentaires. Tease est une soci&eacute;t&eacute; de bienfaisance certifi&eacute;e et investit dans les femmes fondatrices avec chaque achat par l&rsquo;interm&eacute;diaire de son organisation s&oelig;ur, <a href=\"https:\/\/foundersfund.ca\/\" target=\"_blank\" rel=\"noreferrer noopener\">Founders Fund<\/a>, qui a aid&eacute; plus de 500 femmes &agrave; travers le Canada &agrave; recevoir un mentorat pour leur entreprise, tout en recueillant plus de 150 000 $ en micro-subventions pour les entreprises en d&eacute;marrage. Ces derni&egrave;res ann&eacute;es, depuis qu&rsquo;elle a re&ccedil;u le soutien du Fonds pour l&rsquo;entrepreneuriat f&eacute;minin, Tease Teas s&rsquo;est &eacute;tendue &agrave; 150 nouveaux d&eacute;taillants, les ventes en ligne ont plus que doubl&eacute; et l&rsquo;&eacute;quipe a &eacute;galement doubl&eacute; de taille.<\/p><h3 class=\"wp-block-heading\"><strong><em role=\"heading\">Christa Bruneau-Guenther, fondatrice de Feast<\/em><\/strong><\/h3><p role=\"heading\">N&eacute;e et &eacute;lev&eacute;e &agrave; Winnipeg, au Manitoba, et fi&egrave;re membre de la Premi&egrave;re nation Peguis, Christa a pass&eacute; pr&egrave;s de 20 ans &agrave; affiner ses comp&eacute;tences culinaires et &agrave; &eacute;largir ses connaissances sur les aliments autochtones. Christa a lanc&eacute; Feast Caf&eacute; Bistro en mettant l&rsquo;accent sur la communaut&eacute; et en se fixant pour objectif de devenir un pilier du West End. Elle souhaite que chaque visiteur fasse l&rsquo;exp&eacute;rience de plats modernes enracin&eacute;s dans les aliments traditionnels des Premi&egrave;res nations, tout en c&eacute;l&eacute;brant l&rsquo;esprit de sa culture. Au cours des six ann&eacute;es qui ont suivi l&rsquo;ouverture de l&rsquo;entreprise et le soutien du Fonds pour l&rsquo;entrepreneuriat f&eacute;minin, Christa a pris de l&rsquo;expansion, cr&eacute;&eacute; plusieurs nouveaux emplois et augment&eacute; ses revenus de plus de 35 %. Ses recettes ont &eacute;galement &eacute;t&eacute; pr&eacute;sent&eacute;es dans des publications telles que Canadian Living, Chatelaine, et sur Food Network Canada.<\/p><p role=\"heading\">&laquo; Je voulais donner vie &agrave; une nouvelle &eacute;nergie, &agrave; des r&eacute;cits et &agrave; des histoires de nourriture. Malheureusement, nos parcours alimentaires autochtones sont ancr&eacute;s dans les traumatismes. Mon objectif est d&rsquo;&eacute;duquer les gens sur la cuisine et la culture autochtones tout en offrant une exp&eacute;rience gastronomique authentique, avec des aliments locaux traditionnels et savoureux. Nous avons cr&eacute;&eacute; un espace pour c&eacute;l&eacute;brer cela! Feast est fier d&rsquo;offrir des possibilit&eacute;s d&rsquo;emploi aux personnes qui ont des obstacles &agrave; l&rsquo;emploi, nous sommes un employeur inclusif. &raquo; &ndash; Christa Bruneau-Guenther<\/p><h3 class=\"wp-block-heading\"><strong><em role=\"heading\">Sylvie Ouellette et Rana Khartabil, cofondatrices de Versatil<\/em><\/strong><\/h3><p role=\"heading\">Cofond&eacute;e en 2010 par Sylvie Ouellette et Rana Khartabil, Versatil est une entreprise de solutions informatiques et de services-conseils professionnels dont les comp&eacute;tences principales sont la gestion des donn&eacute;es, la gouvernance, l&rsquo;analytique, l&rsquo;intelligence artificielle (IA) et la cybers&eacute;curit&eacute;. Des simples feuilles de route aux solutions de bout en bout, Versatil aide ses clients &agrave; transformer les donn&eacute;es en informations significatives, permettant aux d&eacute;cideurs de prendre des d&eacute;cisions d&rsquo;affaires impactantes fond&eacute;es sur des preuves. Versatil op&egrave;re principalement &agrave; Ottawa et &agrave; Montr&eacute;al, avec des projets d&rsquo;expansion &agrave; Toronto et aux &Eacute;tats-Unis.&nbsp; Ces derni&egrave;res ann&eacute;es, depuis qu&rsquo;elle a re&ccedil;u le soutien du Fonds pour l&rsquo;entreprenariat f&eacute;minin, la croissance de ses revenus a &eacute;t&eacute; r&eacute;guli&egrave;rement sup&eacute;rieure &agrave; 50 % chaque ann&eacute;e. Seule entreprise canadienne &agrave; d&eacute;tenir les quatre certifications, l&rsquo;&eacute;quipe de Versatil est fi&egrave;re d&rsquo;&ecirc;tre certifi&eacute;e par <a href=\"https:\/\/wbecanada.ca\/\" target=\"_blank\" rel=\"noreferrer noopener\">WBE Canada<\/a> (Conseil canadien des femmes entrepreneures), <a href=\"https:\/\/www.camsc.ca\/home\" target=\"_blank\" rel=\"noreferrer noopener\">CAMSC<\/a> (Canadian Aboriginal and Minority Supplier Council), <a href=\"https:\/\/www.ccab.com\/membership\/certified-aboriginal-business-cab\/\" target=\"_blank\" rel=\"noreferrer noopener\">CCAB<\/a> (Conseil canadien pour l&rsquo;entreprise autochtone) et <a href=\"https:\/\/www.cglcc.ca\/?lang=fr\" target=\"_blank\" rel=\"noreferrer noopener\">CGLCC<\/a> (Chambre de commerce LGBT+ du Canada).<\/p>\n","protected":false},"excerpt":{"rendered":"<p>&hellip;<\/p>\n","protected":false},"author":0,"featured_media":105022,"comment_status":"closed","ping_status":"closed","sticky":false,"template":"","format":"standard","meta":{"_acf_changed":false,"_bbp_topic_count":0,"_bbp_reply_count":0,"_bbp_total_topic_count":0,"_bbp_total_reply_count":0,"_bbp_voice_count":0,"_bbp_anonymous_reply_count":0,"_bbp_topic_count_hidden":0,"_bbp_reply_count_hidden":0,"_bbp_forum_subforum_count":0,"footnotes":""},"categories":[6329,6338],"tags":[5522],"class_list":["post-105449","post","type-post","status-publish","format-standard","has-post-thumbnail","hentry","category-femmes-entrepreneures","category-pas-de-categorie-attribuee","tag-journee-internationale-des-femmes"],"acf":[],"yoast_head":"<!-- This site is optimized with the Yoast SEO plugin v27.5 - https:\/\/yoast.com\/product\/yoast-seo-wordpress\/ -->\n<title>Le PCFE c\u00e9l\u00e8bre les entrepreneures et aide \u00e0 #BriserLesPr\u00e9jug\u00e9s - WEKH-PCFE<\/title>\n<meta name=\"robots\" content=\"index, follow, max-snippet:-1, max-image-preview:large, max-video-preview:-1\" \/>\n<link rel=\"canonical\" href=\"https:\/\/wekh.ca\/on-international-womens-day-wekh-celebrates-the-resilience-of-women-entrepreneurs-and-challenges-stereotypes\/\" \/>\n<meta property=\"og:locale\" content=\"fr_FR\" \/>\n<meta property=\"og:type\" content=\"article\" \/>\n<meta property=\"og:title\" content=\"Le PCFE c\u00e9l\u00e8bre les entrepreneures et aide \u00e0 #BriserLesPr\u00e9jug\u00e9s - WEKH-PCFE\" \/>\n<meta property=\"og:description\" content=\"&hellip;\" \/>\n<meta property=\"og:url\" content=\"https:\/\/wekh.ca\/on-international-womens-day-wekh-celebrates-the-resilience-of-women-entrepreneurs-and-challenges-stereotypes\/\" \/>\n<meta property=\"og:site_name\" content=\"WEKH-PCFE\" \/>\n<meta property=\"article:published_time\" content=\"2022-03-08T19:49:10+00:00\" \/>\n<meta property=\"article:modified_time\" content=\"2024-10-31T15:38:48+00:00\" \/>\n<meta property=\"og:image\" content=\"https:\/\/wekh.ca\/wp-content\/uploads\/2024\/10\/IWD-linkedin.jpg\" \/>\n\t<meta property=\"og:image:width\" content=\"1200\" \/>\n\t<meta property=\"og:image:height\" content=\"627\" \/>\n\t<meta property=\"og:image:type\" content=\"image\/jpeg\" \/>\n<meta name=\"twitter:card\" content=\"summary_large_image\" \/>\n<meta name=\"twitter:label1\" content=\"Dur\u00e9e de lecture estim\u00e9e\" \/>\n\t<meta name=\"twitter:data1\" content=\"6 minutes\" \/>\n<script type=\"application\/ld+json\" class=\"yoast-schema-graph\">{\"@context\":\"https:\\\/\\\/schema.org\",\"@graph\":[{\"@type\":\"Article\",\"@id\":\"https:\\\/\\\/wekh.ca\\\/on-international-womens-day-wekh-celebrates-the-resilience-of-women-entrepreneurs-and-challenges-stereotypes\\\/#article\",\"isPartOf\":{\"@id\":\"https:\\\/\\\/wekh.ca\\\/on-international-womens-day-wekh-celebrates-the-resilience-of-women-entrepreneurs-and-challenges-stereotypes\\\/\"},\"author\":{\"name\":\"\",\"@id\":\"\"},\"headline\":\"Le PCFE c\u00e9l\u00e8bre les entrepreneures et aide \u00e0 #BriserLesPr\u00e9jug\u00e9s\",\"datePublished\":\"2022-03-08T19:49:10+00:00\",\"dateModified\":\"2024-10-31T15:38:48+00:00\",\"mainEntityOfPage\":{\"@id\":\"https:\\\/\\\/wekh.ca\\\/on-international-womens-day-wekh-celebrates-the-resilience-of-women-entrepreneurs-and-challenges-stereotypes\\\/\"},\"wordCount\":1223,\"publisher\":{\"@id\":\"https:\\\/\\\/wekh.ca\\\/#organization\"},\"image\":{\"@id\":\"https:\\\/\\\/wekh.ca\\\/on-international-womens-day-wekh-celebrates-the-resilience-of-women-entrepreneurs-and-challenges-stereotypes\\\/#primaryimage\"},\"thumbnailUrl\":\"https:\\\/\\\/wekh.ca\\\/wp-content\\\/uploads\\\/2024\\\/10\\\/IWD-linkedin.jpg\",\"keywords\":[\"Journ\u00e9e internationale des femmes\"],\"articleSection\":[\"Femmes Entrepreneures\",\"Pas de cat\u00e9gorie attribu\u00e9e\"],\"inLanguage\":\"fr-FR\"},{\"@type\":\"WebPage\",\"@id\":\"https:\\\/\\\/wekh.ca\\\/on-international-womens-day-wekh-celebrates-the-resilience-of-women-entrepreneurs-and-challenges-stereotypes\\\/\",\"url\":\"https:\\\/\\\/wekh.ca\\\/on-international-womens-day-wekh-celebrates-the-resilience-of-women-entrepreneurs-and-challenges-stereotypes\\\/\",\"name\":\"Le PCFE c\u00e9l\u00e8bre les entrepreneures et aide \u00e0 #BriserLesPr\u00e9jug\u00e9s - WEKH-PCFE\",\"isPartOf\":{\"@id\":\"https:\\\/\\\/wekh.ca\\\/#website\"},\"primaryImageOfPage\":{\"@id\":\"https:\\\/\\\/wekh.ca\\\/on-international-womens-day-wekh-celebrates-the-resilience-of-women-entrepreneurs-and-challenges-stereotypes\\\/#primaryimage\"},\"image\":{\"@id\":\"https:\\\/\\\/wekh.ca\\\/on-international-womens-day-wekh-celebrates-the-resilience-of-women-entrepreneurs-and-challenges-stereotypes\\\/#primaryimage\"},\"thumbnailUrl\":\"https:\\\/\\\/wekh.ca\\\/wp-content\\\/uploads\\\/2024\\\/10\\\/IWD-linkedin.jpg\",\"datePublished\":\"2022-03-08T19:49:10+00:00\",\"dateModified\":\"2024-10-31T15:38:48+00:00\",\"breadcrumb\":{\"@id\":\"https:\\\/\\\/wekh.ca\\\/on-international-womens-day-wekh-celebrates-the-resilience-of-women-entrepreneurs-and-challenges-stereotypes\\\/#breadcrumb\"},\"inLanguage\":\"fr-FR\",\"potentialAction\":[{\"@type\":\"ReadAction\",\"target\":[\"https:\\\/\\\/wekh.ca\\\/on-international-womens-day-wekh-celebrates-the-resilience-of-women-entrepreneurs-and-challenges-stereotypes\\\/\"]}]},{\"@type\":\"ImageObject\",\"inLanguage\":\"fr-FR\",\"@id\":\"https:\\\/\\\/wekh.ca\\\/on-international-womens-day-wekh-celebrates-the-resilience-of-women-entrepreneurs-and-challenges-stereotypes\\\/#primaryimage\",\"url\":\"https:\\\/\\\/wekh.ca\\\/wp-content\\\/uploads\\\/2024\\\/10\\\/IWD-linkedin.jpg\",\"contentUrl\":\"https:\\\/\\\/wekh.ca\\\/wp-content\\\/uploads\\\/2024\\\/10\\\/IWD-linkedin.jpg\",\"width\":1200,\"height\":627},{\"@type\":\"BreadcrumbList\",\"@id\":\"https:\\\/\\\/wekh.ca\\\/on-international-womens-day-wekh-celebrates-the-resilience-of-women-entrepreneurs-and-challenges-stereotypes\\\/#breadcrumb\",\"itemListElement\":[{\"@type\":\"ListItem\",\"position\":1,\"name\":\"Home\",\"item\":\"https:\\\/\\\/wekh.ca\\\/\"},{\"@type\":\"ListItem\",\"position\":2,\"name\":\"Le PCFE c\u00e9l\u00e8bre les entrepreneures et aide \u00e0 #BriserLesPr\u00e9jug\u00e9s\"}]},{\"@type\":\"WebSite\",\"@id\":\"https:\\\/\\\/wekh.ca\\\/#website\",\"url\":\"https:\\\/\\\/wekh.ca\\\/\",\"name\":\"WEKH-PCFE\",\"description\":\"Women Entrepreneurship Knowledge Hub\",\"publisher\":{\"@id\":\"https:\\\/\\\/wekh.ca\\\/#organization\"},\"potentialAction\":[{\"@type\":\"SearchAction\",\"target\":{\"@type\":\"EntryPoint\",\"urlTemplate\":\"https:\\\/\\\/wekh.ca\\\/?s={search_term_string}\"},\"query-input\":{\"@type\":\"PropertyValueSpecification\",\"valueRequired\":true,\"valueName\":\"search_term_string\"}}],\"inLanguage\":\"fr-FR\"},{\"@type\":\"Organization\",\"@id\":\"https:\\\/\\\/wekh.ca\\\/#organization\",\"name\":\"WEKH-PCFE\",\"url\":\"https:\\\/\\\/wekh.ca\\\/\",\"logo\":{\"@type\":\"ImageObject\",\"inLanguage\":\"fr-FR\",\"@id\":\"https:\\\/\\\/wekh.ca\\\/#\\\/schema\\\/logo\\\/image\\\/\",\"url\":\"https:\\\/\\\/wekh.ca\\\/wp-content\\\/uploads\\\/2024\\\/09\\\/Wekh-PCFE-Logo.png\",\"contentUrl\":\"https:\\\/\\\/wekh.ca\\\/wp-content\\\/uploads\\\/2024\\\/09\\\/Wekh-PCFE-Logo.png\",\"width\":917,\"height\":498,\"caption\":\"WEKH-PCFE\"},\"image\":{\"@id\":\"https:\\\/\\\/wekh.ca\\\/#\\\/schema\\\/logo\\\/image\\\/\"}}]}<\/script>\n<!-- \/ Yoast SEO plugin. -->","yoast_head_json":{"title":"Le PCFE c\u00e9l\u00e8bre les entrepreneures et aide \u00e0 #BriserLesPr\u00e9jug\u00e9s - WEKH-PCFE","robots":{"index":"index","follow":"follow","max-snippet":"max-snippet:-1","max-image-preview":"max-image-preview:large","max-video-preview":"max-video-preview:-1"},"canonical":"https:\/\/wekh.ca\/on-international-womens-day-wekh-celebrates-the-resilience-of-women-entrepreneurs-and-challenges-stereotypes\/","og_locale":"fr_FR","og_type":"article","og_title":"Le PCFE c\u00e9l\u00e8bre les entrepreneures et aide \u00e0 #BriserLesPr\u00e9jug\u00e9s - WEKH-PCFE","og_description":"&hellip;","og_url":"https:\/\/wekh.ca\/on-international-womens-day-wekh-celebrates-the-resilience-of-women-entrepreneurs-and-challenges-stereotypes\/","og_site_name":"WEKH-PCFE","article_published_time":"2022-03-08T19:49:10+00:00","article_modified_time":"2024-10-31T15:38:48+00:00","og_image":[{"width":1200,"height":627,"url":"https:\/\/wekh.ca\/wp-content\/uploads\/2024\/10\/IWD-linkedin.jpg","type":"image\/jpeg"}],"twitter_card":"summary_large_image","twitter_misc":{"Dur\u00e9e de lecture estim\u00e9e":"6 minutes"},"schema":{"@context":"https:\/\/schema.org","@graph":[{"@type":"Article","@id":"https:\/\/wekh.ca\/on-international-womens-day-wekh-celebrates-the-resilience-of-women-entrepreneurs-and-challenges-stereotypes\/#article","isPartOf":{"@id":"https:\/\/wekh.ca\/on-international-womens-day-wekh-celebrates-the-resilience-of-women-entrepreneurs-and-challenges-stereotypes\/"},"author":{"name":"","@id":""},"headline":"Le PCFE c\u00e9l\u00e8bre les entrepreneures et aide \u00e0 #BriserLesPr\u00e9jug\u00e9s","datePublished":"2022-03-08T19:49:10+00:00","dateModified":"2024-10-31T15:38:48+00:00","mainEntityOfPage":{"@id":"https:\/\/wekh.ca\/on-international-womens-day-wekh-celebrates-the-resilience-of-women-entrepreneurs-and-challenges-stereotypes\/"},"wordCount":1223,"publisher":{"@id":"https:\/\/wekh.ca\/#organization"},"image":{"@id":"https:\/\/wekh.ca\/on-international-womens-day-wekh-celebrates-the-resilience-of-women-entrepreneurs-and-challenges-stereotypes\/#primaryimage"},"thumbnailUrl":"https:\/\/wekh.ca\/wp-content\/uploads\/2024\/10\/IWD-linkedin.jpg","keywords":["Journ\u00e9e internationale des femmes"],"articleSection":["Femmes Entrepreneures","Pas de cat\u00e9gorie attribu\u00e9e"],"inLanguage":"fr-FR"},{"@type":"WebPage","@id":"https:\/\/wekh.ca\/on-international-womens-day-wekh-celebrates-the-resilience-of-women-entrepreneurs-and-challenges-stereotypes\/","url":"https:\/\/wekh.ca\/on-international-womens-day-wekh-celebrates-the-resilience-of-women-entrepreneurs-and-challenges-stereotypes\/","name":"Le PCFE c\u00e9l\u00e8bre les entrepreneures et aide \u00e0 #BriserLesPr\u00e9jug\u00e9s - WEKH-PCFE","isPartOf":{"@id":"https:\/\/wekh.ca\/#website"},"primaryImageOfPage":{"@id":"https:\/\/wekh.ca\/on-international-womens-day-wekh-celebrates-the-resilience-of-women-entrepreneurs-and-challenges-stereotypes\/#primaryimage"},"image":{"@id":"https:\/\/wekh.ca\/on-international-womens-day-wekh-celebrates-the-resilience-of-women-entrepreneurs-and-challenges-stereotypes\/#primaryimage"},"thumbnailUrl":"https:\/\/wekh.ca\/wp-content\/uploads\/2024\/10\/IWD-linkedin.jpg","datePublished":"2022-03-08T19:49:10+00:00","dateModified":"2024-10-31T15:38:48+00:00","breadcrumb":{"@id":"https:\/\/wekh.ca\/on-international-womens-day-wekh-celebrates-the-resilience-of-women-entrepreneurs-and-challenges-stereotypes\/#breadcrumb"},"inLanguage":"fr-FR","potentialAction":[{"@type":"ReadAction","target":["https:\/\/wekh.ca\/on-international-womens-day-wekh-celebrates-the-resilience-of-women-entrepreneurs-and-challenges-stereotypes\/"]}]},{"@type":"ImageObject","inLanguage":"fr-FR","@id":"https:\/\/wekh.ca\/on-international-womens-day-wekh-celebrates-the-resilience-of-women-entrepreneurs-and-challenges-stereotypes\/#primaryimage","url":"https:\/\/wekh.ca\/wp-content\/uploads\/2024\/10\/IWD-linkedin.jpg","contentUrl":"https:\/\/wekh.ca\/wp-content\/uploads\/2024\/10\/IWD-linkedin.jpg","width":1200,"height":627},{"@type":"BreadcrumbList","@id":"https:\/\/wekh.ca\/on-international-womens-day-wekh-celebrates-the-resilience-of-women-entrepreneurs-and-challenges-stereotypes\/#breadcrumb","itemListElement":[{"@type":"ListItem","position":1,"name":"Home","item":"https:\/\/wekh.ca\/"},{"@type":"ListItem","position":2,"name":"Le PCFE c\u00e9l\u00e8bre les entrepreneures et aide \u00e0 #BriserLesPr\u00e9jug\u00e9s"}]},{"@type":"WebSite","@id":"https:\/\/wekh.ca\/#website","url":"https:\/\/wekh.ca\/","name":"WEKH-PCFE","description":"Women Entrepreneurship Knowledge Hub","publisher":{"@id":"https:\/\/wekh.ca\/#organization"},"potentialAction":[{"@type":"SearchAction","target":{"@type":"EntryPoint","urlTemplate":"https:\/\/wekh.ca\/?s={search_term_string}"},"query-input":{"@type":"PropertyValueSpecification","valueRequired":true,"valueName":"search_term_string"}}],"inLanguage":"fr-FR"},{"@type":"Organization","@id":"https:\/\/wekh.ca\/#organization","name":"WEKH-PCFE","url":"https:\/\/wekh.ca\/","logo":{"@type":"ImageObject","inLanguage":"fr-FR","@id":"https:\/\/wekh.ca\/#\/schema\/logo\/image\/","url":"https:\/\/wekh.ca\/wp-content\/uploads\/2024\/09\/Wekh-PCFE-Logo.png","contentUrl":"https:\/\/wekh.ca\/wp-content\/uploads\/2024\/09\/Wekh-PCFE-Logo.png","width":917,"height":498,"caption":"WEKH-PCFE"},"image":{"@id":"https:\/\/wekh.ca\/#\/schema\/logo\/image\/"}}]}},"_links":{"self":[{"href":"https:\/\/wekh.ca\/fr\/wp-json\/wp\/v2\/posts\/105449","targetHints":{"allow":["GET"]}}],"collection":[{"href":"https:\/\/wekh.ca\/fr\/wp-json\/wp\/v2\/posts"}],"about":[{"href":"https:\/\/wekh.ca\/fr\/wp-json\/wp\/v2\/types\/post"}],"replies":[{"embeddable":true,"href":"https:\/\/wekh.ca\/fr\/wp-json\/wp\/v2\/comments?post=105449"}],"version-history":[{"count":1,"href":"https:\/\/wekh.ca\/fr\/wp-json\/wp\/v2\/posts\/105449\/revisions"}],"predecessor-version":[{"id":105457,"href":"https:\/\/wekh.ca\/fr\/wp-json\/wp\/v2\/posts\/105449\/revisions\/105457"}],"wp:featuredmedia":[{"embeddable":true,"href":"https:\/\/wekh.ca\/fr\/wp-json\/wp\/v2\/media\/105022"}],"wp:attachment":[{"href":"https:\/\/wekh.ca\/fr\/wp-json\/wp\/v2\/media?parent=105449"}],"wp:term":[{"taxonomy":"category","embeddable":true,"href":"https:\/\/wekh.ca\/fr\/wp-json\/wp\/v2\/categories?post=105449"},{"taxonomy":"post_tag","embeddable":true,"href":"https:\/\/wekh.ca\/fr\/wp-json\/wp\/v2\/tags?post=105449"}],"curies":[{"name":"wp","href":"https:\/\/api.w.org\/{rel}","templated":true}]}}