{"id":105564,"date":"2020-10-21T16:46:37","date_gmt":"2020-10-21T20:46:37","guid":{"rendered":"https:\/\/wekh.ca\/?p=105564"},"modified":"2024-10-31T11:46:24","modified_gmt":"2024-10-31T15:46:24","slug":"entreprendre-au-feminin-comment-bien-se-lancer-en-affaires-dans-un-contexte-de-crise","status":"publish","type":"post","link":"https:\/\/wekh.ca\/fr\/entreprendre-au-feminin-comment-bien-se-lancer-en-affaires-dans-un-contexte-de-crise\/","title":{"rendered":"Entreprendre au f\u00e9minin : comment bien se lancer en affaires dans un contexte de crise."},"content":{"rendered":"<?xml encoding=\"utf-8\" ?><figure class=\"wp-block-image size-large\"><\/figure><h2 class=\"wp-block-heading\"><strong>Entreprendre au f&eacute;minin&nbsp;: comment bien se lancer en affaires dans un contexte de crise.&nbsp;<\/strong><\/h2><p role=\"heading\">Quelles que soient leurs motivations personnelles, nombreuses sont les femmes qui ch&eacute;rissent le r&ecirc;ve de se lancer en affaires. Pourtant, s&rsquo;il est commun&eacute;ment admis qu&rsquo;il n&rsquo;y a pas de moment parfait pour franchir le cap car si on l&rsquo;attend celui-ci ne viendra jamais, qu&rsquo;en est-il dans le contexte de la crise actuelle o&ugrave; l&rsquo;id&eacute;e peut para&icirc;tre particuli&egrave;rement intimidante&nbsp;? Entre obstacles syst&eacute;miques et nouvelles opportunit&eacute;s qui s&rsquo;ouvrent aux femmes entrepreneures, il est primordial de dresser le portrait de l&rsquo;entrepreneuriat f&eacute;minin au Canada dans cette nouvelle r&eacute;alit&eacute; &eacute;conomique afin d&rsquo;assurer aux femmes, qu&rsquo;elles soient en phase de pr&eacute;d&eacute;marrage, d&eacute;marrage ou de pivot, leurs meilleures chances de succ&egrave;s.&nbsp;<\/p><p role=\"heading\">C&rsquo;&eacute;tait tout l&rsquo;enjeu de la discussion de cette conf&eacute;rence virtuelle organis&eacute;e le 15 octobre 2020 par le <a href=\"https:\/\/www.ceim.org\/\" target=\"_blank\" rel=\"noreferrer noopener\">Centre d&rsquo;entreprises et d&rsquo;innovation de Montr&eacute;al<\/a> (CEIM) en partenariat avec le <a href=\"https:\/\/pcfe.ca\/\" target=\"_blank\" rel=\"noreferrer noopener\">Portail de connaissances pour les femmes en entrepreneuriat<\/a> (PCFE).&nbsp;<\/p><p role=\"heading\">Accueillies par <a href=\"https:\/\/www.linkedin.com\/in\/elsa-lebey\/\" target=\"_blank\" rel=\"noreferrer noopener\">Elsa Lebey<\/a> (Directrice des communications du CEIM), nos trois conf&eacute;renci&egrave;res, <a href=\"https:\/\/www.linkedin.com\/in\/juliehubertworkland\/\" target=\"_blank\" rel=\"noreferrer noopener\">Julie Hubert<\/a> (Pr&eacute;sidente fondatrice de <a href=\"https:\/\/www.workland.com\/\" target=\"_blank\" rel=\"noreferrer noopener\">Workland<\/a>), <a href=\"https:\/\/www.linkedin.com\/in\/taniasaba\/\" target=\"_blank\" rel=\"noreferrer noopener\">Tania Saba<\/a> (Directrice du P&ocirc;le Qu&eacute;bec et Communaut&eacute;s francophones du Canada, PCFE et titulaire de la Chaire BMO en diversit&eacute; et gouvernance de l&rsquo;Universit&eacute; de Montr&eacute;al et Professeure titulaire) ainsi que <a href=\"https:\/\/www.linkedin.com\/in\/sabine-soumare-1a276849\/\" target=\"_blank\" rel=\"noreferrer noopener\">Sabine Soumare<\/a> (Directrice marketing et communications &agrave; l&rsquo;<a href=\"https:\/\/www.ryerson.ca\/diversity\/\" target=\"_blank\" rel=\"noreferrer noopener\">Institut de la diversit&eacute;<\/a> de l&rsquo;Universit&eacute; Ryerson et Pr&eacute;sidente fondatrice de <a href=\"https:\/\/www.linkedin.com\/company\/dbrief-consulting\/\" target=\"_blank\" rel=\"noreferrer noopener\">dBrief Consulting<\/a>) ont partag&eacute; leurs expertises, parcours et conseils.&nbsp;<\/p><h2 class=\"wp-block-heading\"><strong>Des conf&eacute;renci&egrave;res engag&eacute;es dans l&rsquo;entrepreneuriat f&eacute;minin.<\/strong><\/h2><p role=\"heading\">Toutes trois affichent une implication sans faille dans l&rsquo;entrepreneuriat f&eacute;minin, en commen&ccedil;ant par Julie Hubert, dont le r&ecirc;ve de cr&eacute;ation d&rsquo;entreprise a germ&eacute; alors qu&rsquo;elle n&rsquo;avait que 10 ans est finalement devenu r&eacute;alit&eacute; apr&egrave;s un passage dans le monde salarial. Tania Saba quant &agrave; elle, &oelig;uvre au d&eacute;veloppement du Portail de connaissances pour les femmes en entrepreneuriat (PCFE). Initi&eacute; par l&rsquo;Universit&eacute; Ryerson avant la pand&eacute;mie dans le cadre d&rsquo;une strat&eacute;gie f&eacute;d&eacute;rale de soutien &agrave; l&rsquo;entrepreneuriat f&eacute;minin, ce portail vulgarise les &eacute;tudes et les connaissances autour des st&eacute;r&eacute;otypes, des difficult&eacute;s et des parcours pour les mettre au service des femmes entrepreneures tout en relayant l&rsquo;information aux minist&egrave;res, organisations et autres institutions. Enfin, la double casquette de salari&eacute;e et d&rsquo;entrepreneure francophone de Sabine Soumare lui a permis de non seulement, comprendre les enjeux dont ces femmes font face, mais aussi de s&rsquo;assurer que celles-ci re&ccedil;oivent l&rsquo;aide et le soutien dont elles ont besoin.<\/p><p role=\"heading\">Tania Saba entre dans le vif du sujet en d&eacute;clarant que &laquo;&nbsp;c&rsquo;est le bon temps pour les femmes de se lancer en affaires&nbsp;&raquo;. D&rsquo;une part, du fait du soutien strat&eacute;gique &agrave; l&rsquo;entrepreneuriat f&eacute;minin aux niveaux f&eacute;d&eacute;ral, provincial et municipal. D&rsquo;autre part, force est de constater que la soci&eacute;t&eacute; est entr&eacute;e dans une nouvelle &egrave;re o&ugrave; on commence &agrave; consid&eacute;rer tout le potentiel de d&eacute;velopper une &eacute;conomie nouvelle au-del&agrave; du simple crit&egrave;re financier. Mais qu&rsquo;en &eacute;tait-il avant la pand&eacute;mie de la COVID-19&nbsp;?<\/p><h2 class=\"wp-block-heading\"><strong>Retour sur l&rsquo;&eacute;tat de l&rsquo;entrepreneuriat f&eacute;minin avant la crise.<\/strong><\/h2><p role=\"heading\">L&rsquo;entrepreneuriat f&eacute;minin connaissait d&eacute;j&agrave; un &eacute;lan d&rsquo;enthousiasme avant la COVID-19, m&ecirc;me si, &agrave; quelques exceptions pr&egrave;s, ces bonnes intentions ne se traduisaient pas toujours par des actions concr&egrave;tes de soutien. C&rsquo;est pour pallier ce manque que des initiatives gouvernementales ont &eacute;t&eacute; mises en &oelig;uvre avec pour objectif de doubler le nombre de femmes entrepreneures d&rsquo;ici 2025. Il faut dire que la situation n&rsquo;est gu&egrave;re glorieuse et les chiffres sont l&agrave; pour l&rsquo;attester. Le taux de femmes entrepreneures au Canada reste peu &eacute;lev&eacute; (13 % sur le plan national contre 16,7 % au Qu&eacute;bec). Ces dirigeantes d&rsquo;entreprises sont majoritairement propri&eacute;taires de microentreprises (92 % de PME de moins de 20 salari&eacute;s, dont 78 % travaillent &agrave; leurs comptes sans aucun employ&eacute;) et on compte encore 37,4 % de travailleuses autonomes. M&ecirc;me lorsqu&rsquo;elles ont r&eacute;ussi &agrave; cro&icirc;tre leurs activit&eacute;s, les femmes exportent moins que les hommes (entre 2007 et 2017, on passe de 6 % &agrave; 11 % d&rsquo;entreprises exportatrices). Autre fait marquant, l&rsquo;entrepreneuriat n&rsquo;est pas une vocation, mais plut&ocirc;t une opportunit&eacute; inattendue qu&rsquo;elles ont su saisir. De fait, 70 % des femmes font le grand saut par accident et c&rsquo;est de loin la premi&egrave;re raison pour laquelle elles se lancent en affaires.&nbsp;<\/p><p role=\"heading\">Lorsqu&rsquo;on se tourne vers les femmes autochtones, immigrantes ou qui appartiennent &agrave; des groupes des minorit&eacute;s ethnoculturelles ou racis&eacute;es, on s&rsquo;aper&ccedil;oit que la situation est syst&eacute;matiquement plus difficile pour ces derni&egrave;res. Alors qu&rsquo;elles sont 40 % &agrave; vouloir se lancer en affaires (compar&eacute; &agrave; 14 % de femmes natives du Qu&eacute;bec), tr&egrave;s peu de femmes immigrantes r&eacute;ussissent. Quant aux femmes autochtones, 40 % d&rsquo;entre elles travaillent &agrave; leurs comptes. Cependant, reste &agrave; savoir si elles le font par choix ou par d&eacute;pit.&nbsp;&nbsp;&nbsp;<\/p><p role=\"heading\">Dernier fait saillant, malgr&eacute; un niveau de scolarit&eacute; plus &eacute;lev&eacute; que les hommes, les femmes d&rsquo;une mani&egrave;re g&eacute;n&eacute;rale sont encore sous-repr&eacute;sent&eacute;es dans le secteur des technologies.&nbsp;<\/p><h2 class=\"wp-block-heading\"><strong>Crise actuelle&nbsp;: acc&eacute;l&eacute;rateur ou frein au lancement&nbsp;en affaires ?&nbsp;&nbsp;<\/strong><\/h2><p role=\"heading\">Pour Julie Hubert, la crise actuelle a boulevers&eacute; la fa&ccedil;on de faire les affaires. &laquo;&nbsp;Le monde est en pleine transformation&nbsp;&raquo;, souligne-t-elle, avant d&rsquo;ajouter que les femmes, par leur aptitude &agrave; rallier les gens et &agrave; trouver des solutions pour l&rsquo;accomplissement d&rsquo;une mission, peuvent pleinement tirer leur &eacute;pingle du jeu en cr&eacute;ant des entreprises qui am&egrave;nent des solutions nouvelles &agrave; des probl&eacute;matiques qui viennent d&rsquo;appara&icirc;tre.<\/p><p role=\"heading\">Cette vision optimiste est partag&eacute;e par la majorit&eacute; des femmes, qui &agrave; 78 %, font confiance &agrave; leur capacit&eacute; &agrave; passer la crise. Une r&eacute;silience extraordinaire lorsqu&rsquo;on sait que les femmes entrepreneures, surtout en d&eacute;marrage, sont encore plus vuln&eacute;rables que les hommes face &agrave; la crise. Elles se retrouvent dans des secteurs tr&egrave;s affect&eacute;s par la crise comme la restauration, le service, l&rsquo;h&eacute;bergement ou encore le commerce de d&eacute;tail. Par cons&eacute;quent, elles ont un plus grand besoin en termes de financement.&nbsp;<\/p><p role=\"heading\">C&rsquo;est justement l&agrave; o&ugrave; les organismes de soutien doivent jouer un r&ocirc;le primordial pour permettre aux femmes d&rsquo;aller de l&rsquo;avant. De l&rsquo;objectif pr&eacute;-pand&eacute;mie de doubler le nombre d&rsquo;entrepreneures, on est aujourd&rsquo;hui amen&eacute; &agrave; devoir les sauver. Sabine Soumare encourage d&rsquo;ailleurs les femmes &agrave; se rapprocher de ces organismes et des ressources disponibles car les d&eacute;fis dont elles font face sont communs.&nbsp;<\/p><h2 class=\"wp-block-heading\"><strong>Je suis pr&ecirc;te &agrave; me lancer&nbsp;: comment dois-je m&rsquo;y prendre&nbsp;?&nbsp;<\/strong><\/h2><p role=\"heading\">Pour Julie Hubert, le parcours entrepreneurial n&rsquo;est pas trac&eacute; &agrave; l&rsquo;avance. C&rsquo;est en avan&ccedil;ant et par la force des choses qu&rsquo;on cr&eacute;e son propre chemin. Pour se donner tous les moyens de r&eacute;ussir, elle conseille aux femmes entrepreneures en d&eacute;marrage d&rsquo;utiliser la matrice d&rsquo;affaires pour retranscrire leurs mod&egrave;les d&rsquo;affaires, de s&rsquo;&eacute;vertuer &agrave; b&acirc;tir un r&eacute;seau propice aux collaborations et au d&eacute;veloppement des connaissances. Enfin, le financement est &eacute;galement un enjeu majeur pour toute entreprise en d&eacute;marrage.&nbsp;<\/p><p role=\"heading\">Tania Saba souligne que la principale pr&eacute;occupation des femmes entrepreneures sond&eacute;es est d&rsquo;obtenir un soutien pour les accompagner &agrave; amorcer ou &agrave; acc&eacute;l&eacute;rer le virage num&eacute;rique. Aussi bien en termes d&rsquo;outils collaboratifs, de travail &agrave; distance, de commerce &eacute;lectronique ou m&ecirc;me d&rsquo;intelligence artificielle, leur besoin est important. S&rsquo;ajoute &agrave; cela le fait que certains secteurs, comme le commerce de d&eacute;tail, ont d&ucirc; pivoter brusquement du jour au lendemain. En deuxi&egrave;me position des pr&eacute;occupations, on retrouve la n&eacute;cessit&eacute; d&rsquo;adapter les mod&egrave;les d&rsquo;affaires &agrave; la nouvelle r&eacute;alit&eacute;. Cela n&eacute;cessite notamment de puiser des conseils et du soutien aupr&egrave;s de son r&eacute;seau local et international. Parce que l&rsquo;union fait la force en temps de crise, des initiatives comme la <a href=\"https:\/\/sharing.wekh.ca\/\" target=\"_blank\" rel=\"noreferrer noopener\">Plateforme de partage<\/a> du PCFE sont une aubaine. Enfin, le d&eacute;veloppement des comp&eacute;tences, aussi bien sur le plan de l&rsquo;innovation et de la technologie, que de la compr&eacute;hension des nouveaux processus pour mener les affaires, reste une pr&eacute;occupation pour les femmes entrepreneures. L&rsquo;&eacute;cosyst&egrave;me entrepreneurial &agrave; travers les incubateurs &agrave; tout un r&ocirc;le &agrave; jouer pour les accompagner dans ce sens.&nbsp;<\/p><p role=\"heading\">Pour Sabine Soumare, avant de se lancer dans cette belle aventure entrepreneuriale, il est n&eacute;cessaire de prendre le temps de m&ucirc;rir son id&eacute;e, de comprendre son march&eacute;, ses clients et la concurrence, quitte &agrave; se faire accompagner par des organismes et &eacute;pauler par des mentors pour b&acirc;tir les fondations n&eacute;cessaires &agrave; une croissance p&eacute;renne.&nbsp;<\/p><h2 class=\"wp-block-heading\"><strong>Le financement&nbsp;: encore et toujours le nerf de la guerre&nbsp;!<\/strong><\/h2><p role=\"heading\">Sujet incontournable de toute conf&eacute;rence sur l&rsquo;entrepreneuriat f&eacute;minin, l&rsquo;acc&egrave;s au financement reste un enjeu majeur pour les femmes entrepreneures. Julie Hubert revient d&rsquo;ailleurs sur son parcours laborieux de recherche de financement lorsqu&rsquo;elle a lanc&eacute; son entreprise. Des investisseurs aux programmes gouvernementaux, elle a cogn&eacute; &agrave; toutes les portes. Si sa pugnacit&eacute; a fini par payer, elle se souvient encore du temps perdu &agrave; essayer de convaincre les investisseurs qui avaient plut&ocirc;t tendance &agrave; juger les femmes sur leurs r&eacute;sultats et les hommes sur leurs potentiels. A contrario, les entit&eacute;s gouvernementales mettaient tout le monde au m&ecirc;me pied d&rsquo;&eacute;galit&eacute; d&egrave;s lors qu&rsquo;ils remplissaient les crit&egrave;res. Mais encore fallait-il conna&icirc;tre les programmes existants pour soumettre son dossier. D&rsquo;o&ugrave; la n&eacute;cessit&eacute;, selon elle, d&rsquo;avoir un r&eacute;seau pour agrandir ses connaissances des ressources existantes.&nbsp;<\/p><p role=\"heading\">Si le financement est un sujet aussi important et d&rsquo;autant plus en cette p&eacute;riode de pand&eacute;mie, c&rsquo;est parce que, comme l&rsquo;indique si bien Tania Saba, 50 % des femmes sond&eacute;es ont dit avoir besoin d&rsquo;une aide financi&egrave;re pour passer la crise. Pourtant, elles ont eu moins acc&egrave;s que les hommes aux programmes gouvernementaux. La raison de ce paradoxe&nbsp;? Les femmes font face &agrave; de nombreux obstacles dont un taux d&rsquo;endettement trop &eacute;lev&eacute;, des difficult&eacute;s &agrave; faire valoir leurs qualifications aux programmes, &agrave; argumenter leurs besoins ou &agrave; trouver le bon organisme. Il faut aussi ajouter le manque d&rsquo;&eacute;coute et de compr&eacute;hension des interlocuteurs, le retard dans la production des rapports d&rsquo;imp&ocirc;ts ou encore parce qu&rsquo;elles trouvent le processus chronophage. Par cons&eacute;quent, lorsqu&rsquo;elles en ont la possibilit&eacute;, elles ont recours &agrave; leurs &eacute;pargnes personnelles plut&ocirc;t qu&rsquo;aux institutions financi&egrave;res. Ces obstacles structurels, qui se retrouvent aussi bien dans la prise de d&eacute;cision, dans l&rsquo;accueil et le traitement des dossiers ou de la pr&eacute;f&eacute;rence accord&eacute;e &agrave; certains secteurs technologiques, &eacute;cartent les femmes de l&rsquo;acc&egrave;s au financement.&nbsp;<\/p><p role=\"heading\">Julie Hubert ajoute un autre obstacle, celui de l&rsquo;&eacute;valuation des dossiers d&rsquo;entreprise par les financiers qui p&eacute;nalisent l&rsquo;&eacute;conomie circulaire pr&ocirc;n&eacute;e par les femmes. Or avec la COVID-19 on assiste &agrave; un besoin de r&eacute;investir dans les initiatives communautaires. Une lueur d&rsquo;espoir pour esp&eacute;rer voir les mentalit&eacute;s &eacute;voluer lors de l&rsquo;&eacute;valuation des dossiers.&nbsp;<\/p><p role=\"heading\">Pour Sabine Soumare, les femmes ont du mal &agrave; naviguer face &agrave; la pl&eacute;thore d&rsquo;informations et de ressources disponibles afin de faire leurs demandes. Au-del&agrave; d&rsquo;identifier les obstacles, encore faudrait-il s&rsquo;assurer que ces obstacles sont pris en consid&eacute;ration lorsqu&rsquo;on d&eacute;veloppe les programmes de financements. &Agrave; charge aux organismes de relayer ces informations aux instances gouvernementales. Si on veut doubler le nombre de femmes entrepreneures, cela passe inexorablement par le financement, surtout de celles qui y ont encore moins acc&egrave;s, &agrave; l&rsquo;instar des femmes immigrantes.&nbsp;<\/p><figure class=\"wp-block-image size-large\"><img decoding=\"async\" src=\"https:\/\/wekh.ca\/wp-content\/uploads\/2020\/05\/CS_Twitter_FR-1024x576.jpg\" alt=\"\" class=\"lazyload_inited wp-image-32723\"><\/figure><p role=\"heading\">Sabine Soumare termine par une d&eacute;monstration de la <a href=\"https:\/\/sharing.wekh.ca\/\" target=\"_blank\" rel=\"noreferrer noopener\">Plateforme de partage<\/a> d&eacute;velopp&eacute;e par le PCFE et lanc&eacute;e le 4 juin 2020 suite &agrave; la COVID-19. Interactive, gratuite et bilingue, cette plateforme d&eacute;di&eacute;e aux femmes entrepreneures dans tout le pays ainsi qu&rsquo;aux organismes qui les soutiennent, permet aux femmes de s&rsquo;adresser aux autres membres de la communaut&eacute; pour acc&eacute;der &agrave; leurs expertises et connaissances en demandant ou en faisant un don. La plateforme continue de s&rsquo;agrandir et &agrave; ce jour compte plus de 500 membres.&nbsp;<\/p><p role=\"heading\">Le webinaire se poursuit par une s&eacute;ance de questions\/r&eacute;ponses fortes int&eacute;ressantes qui ont permis de noter par exemple la n&eacute;cessit&eacute; de repenser les syst&egrave;mes existants au lieu d&rsquo;essayer d&rsquo;amener les femmes &agrave; entrer dans des syst&egrave;mes qui les handicapent. Enfin, bien qu&rsquo;il s&rsquo;agissait d&rsquo;une conf&eacute;rence sur l&rsquo;entrepreneuriat f&eacute;minin, il est essentiel d&rsquo;inclure les hommes dans ces transformations pour que tout le monde y gagne.&nbsp;<\/p>\n","protected":false},"excerpt":{"rendered":"<p>&hellip;<\/p>\n","protected":false},"author":7749,"featured_media":105576,"comment_status":"open","ping_status":"","sticky":false,"template":"","format":"standard","meta":{"_acf_changed":false,"_bbp_topic_count":0,"_bbp_reply_count":0,"_bbp_total_topic_count":0,"_bbp_total_reply_count":0,"_bbp_voice_count":0,"_bbp_anonymous_reply_count":0,"_bbp_topic_count_hidden":0,"_bbp_reply_count_hidden":0,"_bbp_forum_subforum_count":0,"footnotes":""},"categories":[6331],"tags":[],"class_list":["post-105564","post","type-post","status-publish","format-standard","has-post-thumbnail","hentry","category-evenements"],"acf":[],"yoast_head":"<!-- This site is optimized with the Yoast SEO plugin v27.5 - https:\/\/yoast.com\/product\/yoast-seo-wordpress\/ -->\n<title>Entreprendre au f\u00e9minin : comment bien se lancer en affaires dans un contexte de crise. - WEKH-PCFE<\/title>\n<meta name=\"robots\" content=\"index, follow, max-snippet:-1, max-image-preview:large, max-video-preview:-1\" \/>\n<link rel=\"canonical\" href=\"https:\/\/wekh.ca\/fr\/entreprendre-au-feminin-comment-bien-se-lancer-en-affaires-dans-un-contexte-de-crise\/\" \/>\n<meta property=\"og:locale\" content=\"fr_FR\" \/>\n<meta property=\"og:type\" content=\"article\" \/>\n<meta property=\"og:title\" content=\"Entreprendre au f\u00e9minin : comment bien se lancer en affaires dans un contexte de crise. - WEKH-PCFE\" \/>\n<meta property=\"og:description\" content=\"&hellip;\" \/>\n<meta property=\"og:url\" content=\"https:\/\/wekh.ca\/fr\/entreprendre-au-feminin-comment-bien-se-lancer-en-affaires-dans-un-contexte-de-crise\/\" \/>\n<meta property=\"og:site_name\" content=\"WEKH-PCFE\" \/>\n<meta property=\"article:published_time\" content=\"2020-10-21T20:46:37+00:00\" \/>\n<meta property=\"article:modified_time\" content=\"2024-10-31T15:46:24+00:00\" \/>\n<meta property=\"og:image\" content=\"https:\/\/wekh.ca\/wp-content\/uploads\/2024\/10\/Entreprendre-au-feminin-_-comment-bien-se-lancer-en-affaires-dans-un-contexte-de-crise-1.jpg\" \/>\n\t<meta property=\"og:image:width\" content=\"2154\" \/>\n\t<meta property=\"og:image:height\" content=\"1095\" \/>\n\t<meta property=\"og:image:type\" content=\"image\/jpeg\" \/>\n<meta name=\"author\" content=\"Meagan\" \/>\n<meta name=\"twitter:card\" content=\"summary_large_image\" \/>\n<meta name=\"twitter:label1\" content=\"\u00c9crit par\" \/>\n\t<meta name=\"twitter:data1\" content=\"Meagan\" \/>\n\t<meta name=\"twitter:label2\" content=\"Dur\u00e9e de lecture estim\u00e9e\" \/>\n\t<meta name=\"twitter:data2\" content=\"11 minutes\" \/>\n<script type=\"application\/ld+json\" class=\"yoast-schema-graph\">{\"@context\":\"https:\\\/\\\/schema.org\",\"@graph\":[{\"@type\":\"Article\",\"@id\":\"https:\\\/\\\/wekh.ca\\\/fr\\\/entreprendre-au-feminin-comment-bien-se-lancer-en-affaires-dans-un-contexte-de-crise\\\/#article\",\"isPartOf\":{\"@id\":\"https:\\\/\\\/wekh.ca\\\/fr\\\/entreprendre-au-feminin-comment-bien-se-lancer-en-affaires-dans-un-contexte-de-crise\\\/\"},\"author\":{\"name\":\"Meagan\",\"@id\":\"https:\\\/\\\/wekh.ca\\\/#\\\/schema\\\/person\\\/61077482980d9700e49539afc53327be\"},\"headline\":\"Entreprendre au f\u00e9minin : comment bien se lancer en affaires dans un contexte de crise.\",\"datePublished\":\"2020-10-21T20:46:37+00:00\",\"dateModified\":\"2024-10-31T15:46:24+00:00\",\"mainEntityOfPage\":{\"@id\":\"https:\\\/\\\/wekh.ca\\\/fr\\\/entreprendre-au-feminin-comment-bien-se-lancer-en-affaires-dans-un-contexte-de-crise\\\/\"},\"wordCount\":2199,\"commentCount\":0,\"publisher\":{\"@id\":\"https:\\\/\\\/wekh.ca\\\/#organization\"},\"image\":{\"@id\":\"https:\\\/\\\/wekh.ca\\\/fr\\\/entreprendre-au-feminin-comment-bien-se-lancer-en-affaires-dans-un-contexte-de-crise\\\/#primaryimage\"},\"thumbnailUrl\":\"https:\\\/\\\/wekh.ca\\\/wp-content\\\/uploads\\\/2024\\\/10\\\/Entreprendre-au-feminin-_-comment-bien-se-lancer-en-affaires-dans-un-contexte-de-crise-1.jpg\",\"articleSection\":[\"\u00c9v\u00e9nements\"],\"inLanguage\":\"fr-FR\",\"potentialAction\":[{\"@type\":\"CommentAction\",\"name\":\"Comment\",\"target\":[\"https:\\\/\\\/wekh.ca\\\/fr\\\/entreprendre-au-feminin-comment-bien-se-lancer-en-affaires-dans-un-contexte-de-crise\\\/#respond\"]}]},{\"@type\":\"WebPage\",\"@id\":\"https:\\\/\\\/wekh.ca\\\/fr\\\/entreprendre-au-feminin-comment-bien-se-lancer-en-affaires-dans-un-contexte-de-crise\\\/\",\"url\":\"https:\\\/\\\/wekh.ca\\\/fr\\\/entreprendre-au-feminin-comment-bien-se-lancer-en-affaires-dans-un-contexte-de-crise\\\/\",\"name\":\"Entreprendre au f\u00e9minin : comment bien se lancer en affaires dans un contexte de crise. - WEKH-PCFE\",\"isPartOf\":{\"@id\":\"https:\\\/\\\/wekh.ca\\\/#website\"},\"primaryImageOfPage\":{\"@id\":\"https:\\\/\\\/wekh.ca\\\/fr\\\/entreprendre-au-feminin-comment-bien-se-lancer-en-affaires-dans-un-contexte-de-crise\\\/#primaryimage\"},\"image\":{\"@id\":\"https:\\\/\\\/wekh.ca\\\/fr\\\/entreprendre-au-feminin-comment-bien-se-lancer-en-affaires-dans-un-contexte-de-crise\\\/#primaryimage\"},\"thumbnailUrl\":\"https:\\\/\\\/wekh.ca\\\/wp-content\\\/uploads\\\/2024\\\/10\\\/Entreprendre-au-feminin-_-comment-bien-se-lancer-en-affaires-dans-un-contexte-de-crise-1.jpg\",\"datePublished\":\"2020-10-21T20:46:37+00:00\",\"dateModified\":\"2024-10-31T15:46:24+00:00\",\"breadcrumb\":{\"@id\":\"https:\\\/\\\/wekh.ca\\\/fr\\\/entreprendre-au-feminin-comment-bien-se-lancer-en-affaires-dans-un-contexte-de-crise\\\/#breadcrumb\"},\"inLanguage\":\"fr-FR\",\"potentialAction\":[{\"@type\":\"ReadAction\",\"target\":[\"https:\\\/\\\/wekh.ca\\\/fr\\\/entreprendre-au-feminin-comment-bien-se-lancer-en-affaires-dans-un-contexte-de-crise\\\/\"]}]},{\"@type\":\"ImageObject\",\"inLanguage\":\"fr-FR\",\"@id\":\"https:\\\/\\\/wekh.ca\\\/fr\\\/entreprendre-au-feminin-comment-bien-se-lancer-en-affaires-dans-un-contexte-de-crise\\\/#primaryimage\",\"url\":\"https:\\\/\\\/wekh.ca\\\/wp-content\\\/uploads\\\/2024\\\/10\\\/Entreprendre-au-feminin-_-comment-bien-se-lancer-en-affaires-dans-un-contexte-de-crise-1.jpg\",\"contentUrl\":\"https:\\\/\\\/wekh.ca\\\/wp-content\\\/uploads\\\/2024\\\/10\\\/Entreprendre-au-feminin-_-comment-bien-se-lancer-en-affaires-dans-un-contexte-de-crise-1.jpg\",\"width\":2154,\"height\":1095},{\"@type\":\"BreadcrumbList\",\"@id\":\"https:\\\/\\\/wekh.ca\\\/fr\\\/entreprendre-au-feminin-comment-bien-se-lancer-en-affaires-dans-un-contexte-de-crise\\\/#breadcrumb\",\"itemListElement\":[{\"@type\":\"ListItem\",\"position\":1,\"name\":\"Home\",\"item\":\"https:\\\/\\\/wekh.ca\\\/\"},{\"@type\":\"ListItem\",\"position\":2,\"name\":\"Entreprendre au f\u00e9minin : comment bien se lancer en affaires dans un contexte de crise.\"}]},{\"@type\":\"WebSite\",\"@id\":\"https:\\\/\\\/wekh.ca\\\/#website\",\"url\":\"https:\\\/\\\/wekh.ca\\\/\",\"name\":\"WEKH-PCFE\",\"description\":\"Women Entrepreneurship Knowledge Hub\",\"publisher\":{\"@id\":\"https:\\\/\\\/wekh.ca\\\/#organization\"},\"potentialAction\":[{\"@type\":\"SearchAction\",\"target\":{\"@type\":\"EntryPoint\",\"urlTemplate\":\"https:\\\/\\\/wekh.ca\\\/?s={search_term_string}\"},\"query-input\":{\"@type\":\"PropertyValueSpecification\",\"valueRequired\":true,\"valueName\":\"search_term_string\"}}],\"inLanguage\":\"fr-FR\"},{\"@type\":\"Organization\",\"@id\":\"https:\\\/\\\/wekh.ca\\\/#organization\",\"name\":\"WEKH-PCFE\",\"url\":\"https:\\\/\\\/wekh.ca\\\/\",\"logo\":{\"@type\":\"ImageObject\",\"inLanguage\":\"fr-FR\",\"@id\":\"https:\\\/\\\/wekh.ca\\\/#\\\/schema\\\/logo\\\/image\\\/\",\"url\":\"https:\\\/\\\/wekh.ca\\\/wp-content\\\/uploads\\\/2024\\\/09\\\/Wekh-PCFE-Logo.png\",\"contentUrl\":\"https:\\\/\\\/wekh.ca\\\/wp-content\\\/uploads\\\/2024\\\/09\\\/Wekh-PCFE-Logo.png\",\"width\":917,\"height\":498,\"caption\":\"WEKH-PCFE\"},\"image\":{\"@id\":\"https:\\\/\\\/wekh.ca\\\/#\\\/schema\\\/logo\\\/image\\\/\"}},{\"@type\":\"Person\",\"@id\":\"https:\\\/\\\/wekh.ca\\\/#\\\/schema\\\/person\\\/61077482980d9700e49539afc53327be\",\"name\":\"Meagan\",\"image\":{\"@type\":\"ImageObject\",\"inLanguage\":\"fr-FR\",\"@id\":\"\\\/\\\/www.gravatar.com\\\/avatar\\\/87bbae3f4d7a4d7a2ce1499d0bf99cc0?s=96&#038;r=g&#038;d=mm\",\"url\":\"\\\/\\\/www.gravatar.com\\\/avatar\\\/87bbae3f4d7a4d7a2ce1499d0bf99cc0?s=96&#038;r=g&#038;d=mm\",\"contentUrl\":\"\\\/\\\/www.gravatar.com\\\/avatar\\\/87bbae3f4d7a4d7a2ce1499d0bf99cc0?s=96&#038;r=g&#038;d=mm\",\"caption\":\"Meagan\"},\"sameAs\":[\"http:\\\/\\\/WEKH\"],\"url\":\"https:\\\/\\\/wekh.ca\\\/fr\\\/author\\\/meagan\\\/\"}]}<\/script>\n<!-- \/ Yoast SEO plugin. -->","yoast_head_json":{"title":"Entreprendre au f\u00e9minin : comment bien se lancer en affaires dans un contexte de crise. - WEKH-PCFE","robots":{"index":"index","follow":"follow","max-snippet":"max-snippet:-1","max-image-preview":"max-image-preview:large","max-video-preview":"max-video-preview:-1"},"canonical":"https:\/\/wekh.ca\/fr\/entreprendre-au-feminin-comment-bien-se-lancer-en-affaires-dans-un-contexte-de-crise\/","og_locale":"fr_FR","og_type":"article","og_title":"Entreprendre au f\u00e9minin : comment bien se lancer en affaires dans un contexte de crise. - WEKH-PCFE","og_description":"&hellip;","og_url":"https:\/\/wekh.ca\/fr\/entreprendre-au-feminin-comment-bien-se-lancer-en-affaires-dans-un-contexte-de-crise\/","og_site_name":"WEKH-PCFE","article_published_time":"2020-10-21T20:46:37+00:00","article_modified_time":"2024-10-31T15:46:24+00:00","og_image":[{"width":2154,"height":1095,"url":"https:\/\/wekh.ca\/wp-content\/uploads\/2024\/10\/Entreprendre-au-feminin-_-comment-bien-se-lancer-en-affaires-dans-un-contexte-de-crise-1.jpg","type":"image\/jpeg"}],"author":"Meagan","twitter_card":"summary_large_image","twitter_misc":{"\u00c9crit par":"Meagan","Dur\u00e9e de lecture estim\u00e9e":"11 minutes"},"schema":{"@context":"https:\/\/schema.org","@graph":[{"@type":"Article","@id":"https:\/\/wekh.ca\/fr\/entreprendre-au-feminin-comment-bien-se-lancer-en-affaires-dans-un-contexte-de-crise\/#article","isPartOf":{"@id":"https:\/\/wekh.ca\/fr\/entreprendre-au-feminin-comment-bien-se-lancer-en-affaires-dans-un-contexte-de-crise\/"},"author":{"name":"Meagan","@id":"https:\/\/wekh.ca\/#\/schema\/person\/61077482980d9700e49539afc53327be"},"headline":"Entreprendre au f\u00e9minin : comment bien se lancer en affaires dans un contexte de crise.","datePublished":"2020-10-21T20:46:37+00:00","dateModified":"2024-10-31T15:46:24+00:00","mainEntityOfPage":{"@id":"https:\/\/wekh.ca\/fr\/entreprendre-au-feminin-comment-bien-se-lancer-en-affaires-dans-un-contexte-de-crise\/"},"wordCount":2199,"commentCount":0,"publisher":{"@id":"https:\/\/wekh.ca\/#organization"},"image":{"@id":"https:\/\/wekh.ca\/fr\/entreprendre-au-feminin-comment-bien-se-lancer-en-affaires-dans-un-contexte-de-crise\/#primaryimage"},"thumbnailUrl":"https:\/\/wekh.ca\/wp-content\/uploads\/2024\/10\/Entreprendre-au-feminin-_-comment-bien-se-lancer-en-affaires-dans-un-contexte-de-crise-1.jpg","articleSection":["\u00c9v\u00e9nements"],"inLanguage":"fr-FR","potentialAction":[{"@type":"CommentAction","name":"Comment","target":["https:\/\/wekh.ca\/fr\/entreprendre-au-feminin-comment-bien-se-lancer-en-affaires-dans-un-contexte-de-crise\/#respond"]}]},{"@type":"WebPage","@id":"https:\/\/wekh.ca\/fr\/entreprendre-au-feminin-comment-bien-se-lancer-en-affaires-dans-un-contexte-de-crise\/","url":"https:\/\/wekh.ca\/fr\/entreprendre-au-feminin-comment-bien-se-lancer-en-affaires-dans-un-contexte-de-crise\/","name":"Entreprendre au f\u00e9minin : comment bien se lancer en affaires dans un contexte de crise. - WEKH-PCFE","isPartOf":{"@id":"https:\/\/wekh.ca\/#website"},"primaryImageOfPage":{"@id":"https:\/\/wekh.ca\/fr\/entreprendre-au-feminin-comment-bien-se-lancer-en-affaires-dans-un-contexte-de-crise\/#primaryimage"},"image":{"@id":"https:\/\/wekh.ca\/fr\/entreprendre-au-feminin-comment-bien-se-lancer-en-affaires-dans-un-contexte-de-crise\/#primaryimage"},"thumbnailUrl":"https:\/\/wekh.ca\/wp-content\/uploads\/2024\/10\/Entreprendre-au-feminin-_-comment-bien-se-lancer-en-affaires-dans-un-contexte-de-crise-1.jpg","datePublished":"2020-10-21T20:46:37+00:00","dateModified":"2024-10-31T15:46:24+00:00","breadcrumb":{"@id":"https:\/\/wekh.ca\/fr\/entreprendre-au-feminin-comment-bien-se-lancer-en-affaires-dans-un-contexte-de-crise\/#breadcrumb"},"inLanguage":"fr-FR","potentialAction":[{"@type":"ReadAction","target":["https:\/\/wekh.ca\/fr\/entreprendre-au-feminin-comment-bien-se-lancer-en-affaires-dans-un-contexte-de-crise\/"]}]},{"@type":"ImageObject","inLanguage":"fr-FR","@id":"https:\/\/wekh.ca\/fr\/entreprendre-au-feminin-comment-bien-se-lancer-en-affaires-dans-un-contexte-de-crise\/#primaryimage","url":"https:\/\/wekh.ca\/wp-content\/uploads\/2024\/10\/Entreprendre-au-feminin-_-comment-bien-se-lancer-en-affaires-dans-un-contexte-de-crise-1.jpg","contentUrl":"https:\/\/wekh.ca\/wp-content\/uploads\/2024\/10\/Entreprendre-au-feminin-_-comment-bien-se-lancer-en-affaires-dans-un-contexte-de-crise-1.jpg","width":2154,"height":1095},{"@type":"BreadcrumbList","@id":"https:\/\/wekh.ca\/fr\/entreprendre-au-feminin-comment-bien-se-lancer-en-affaires-dans-un-contexte-de-crise\/#breadcrumb","itemListElement":[{"@type":"ListItem","position":1,"name":"Home","item":"https:\/\/wekh.ca\/"},{"@type":"ListItem","position":2,"name":"Entreprendre au f\u00e9minin : comment bien se lancer en affaires dans un contexte de crise."}]},{"@type":"WebSite","@id":"https:\/\/wekh.ca\/#website","url":"https:\/\/wekh.ca\/","name":"WEKH-PCFE","description":"Women Entrepreneurship Knowledge Hub","publisher":{"@id":"https:\/\/wekh.ca\/#organization"},"potentialAction":[{"@type":"SearchAction","target":{"@type":"EntryPoint","urlTemplate":"https:\/\/wekh.ca\/?s={search_term_string}"},"query-input":{"@type":"PropertyValueSpecification","valueRequired":true,"valueName":"search_term_string"}}],"inLanguage":"fr-FR"},{"@type":"Organization","@id":"https:\/\/wekh.ca\/#organization","name":"WEKH-PCFE","url":"https:\/\/wekh.ca\/","logo":{"@type":"ImageObject","inLanguage":"fr-FR","@id":"https:\/\/wekh.ca\/#\/schema\/logo\/image\/","url":"https:\/\/wekh.ca\/wp-content\/uploads\/2024\/09\/Wekh-PCFE-Logo.png","contentUrl":"https:\/\/wekh.ca\/wp-content\/uploads\/2024\/09\/Wekh-PCFE-Logo.png","width":917,"height":498,"caption":"WEKH-PCFE"},"image":{"@id":"https:\/\/wekh.ca\/#\/schema\/logo\/image\/"}},{"@type":"Person","@id":"https:\/\/wekh.ca\/#\/schema\/person\/61077482980d9700e49539afc53327be","name":"Meagan","image":{"@type":"ImageObject","inLanguage":"fr-FR","@id":"\/\/www.gravatar.com\/avatar\/87bbae3f4d7a4d7a2ce1499d0bf99cc0?s=96&#038;r=g&#038;d=mm","url":"\/\/www.gravatar.com\/avatar\/87bbae3f4d7a4d7a2ce1499d0bf99cc0?s=96&#038;r=g&#038;d=mm","contentUrl":"\/\/www.gravatar.com\/avatar\/87bbae3f4d7a4d7a2ce1499d0bf99cc0?s=96&#038;r=g&#038;d=mm","caption":"Meagan"},"sameAs":["http:\/\/WEKH"],"url":"https:\/\/wekh.ca\/fr\/author\/meagan\/"}]}},"_links":{"self":[{"href":"https:\/\/wekh.ca\/fr\/wp-json\/wp\/v2\/posts\/105564","targetHints":{"allow":["GET"]}}],"collection":[{"href":"https:\/\/wekh.ca\/fr\/wp-json\/wp\/v2\/posts"}],"about":[{"href":"https:\/\/wekh.ca\/fr\/wp-json\/wp\/v2\/types\/post"}],"author":[{"embeddable":true,"href":"https:\/\/wekh.ca\/fr\/wp-json\/wp\/v2\/users\/7749"}],"replies":[{"embeddable":true,"href":"https:\/\/wekh.ca\/fr\/wp-json\/wp\/v2\/comments?post=105564"}],"version-history":[{"count":1,"href":"https:\/\/wekh.ca\/fr\/wp-json\/wp\/v2\/posts\/105564\/revisions"}],"predecessor-version":[{"id":105578,"href":"https:\/\/wekh.ca\/fr\/wp-json\/wp\/v2\/posts\/105564\/revisions\/105578"}],"wp:featuredmedia":[{"embeddable":true,"href":"https:\/\/wekh.ca\/fr\/wp-json\/wp\/v2\/media\/105576"}],"wp:attachment":[{"href":"https:\/\/wekh.ca\/fr\/wp-json\/wp\/v2\/media?parent=105564"}],"wp:term":[{"taxonomy":"category","embeddable":true,"href":"https:\/\/wekh.ca\/fr\/wp-json\/wp\/v2\/categories?post=105564"},{"taxonomy":"post_tag","embeddable":true,"href":"https:\/\/wekh.ca\/fr\/wp-json\/wp\/v2\/tags?post=105564"}],"curies":[{"name":"wp","href":"https:\/\/api.w.org\/{rel}","templated":true}]}}