{"id":105604,"date":"2020-08-05T15:07:40","date_gmt":"2020-08-05T19:07:40","guid":{"rendered":"https:\/\/wekh.ca\/?p=105604"},"modified":"2024-10-31T11:47:25","modified_gmt":"2024-10-31T15:47:25","slug":"soutenir-les-femmes-entrepreneures-des-regions-rurales-pendant-et-apres-la-crise-de-la-covid-19","status":"publish","type":"post","link":"https:\/\/wekh.ca\/fr\/soutenir-les-femmes-entrepreneures-des-regions-rurales-pendant-et-apres-la-crise-de-la-covid-19\/","title":{"rendered":"Soutenir les femmes entrepreneures des r\u00e9gions rurales pendant et apr\u00e8s la crise de la COVID-19"},"content":{"rendered":"<?xml encoding=\"utf-8\" ?><p role=\"heading\">Aborder l&rsquo;entrepreneuriat avec une vision exclusivement ax&eacute;e sur la ville, c&rsquo;est n&eacute;gliger les difficult&eacute;s que rencontrent les femmes entrepreneures des r&eacute;gions rurales du Canada, ainsi que les besoins qui leur sont propres. Cette approche est pr&eacute;judiciable &agrave; la croissance &eacute;conomique et aux collectivit&eacute;s locales de tout le pays.<\/p><p role=\"heading\">Nous avons r&eacute;cemment re&ccedil;u Gina&nbsp;Grandy, Ph. D., doyenne aux <a href=\"https:\/\/www.uregina.ca\/business\/\" target=\"_blank\" rel=\"noreferrer noopener\">&eacute;coles de commerce Hill et Levene de l&rsquo;Universit&eacute; de Regina<\/a>, pour &eacute;voquer les obstacles que doivent surmonter les femmes des r&eacute;gions rurales canadiennes, ainsi que les perspectives qui s&rsquo;offrent &agrave; elles aujourd&rsquo;hui. Rosalind Lockyer, directrice g&eacute;n&eacute;rale et fondatrice de l&rsquo;organisme <a href=\"https:\/\/paro.ca\/2013\/fr\" target=\"_blank\" rel=\"noreferrer noopener\">PARO&nbsp;Centre pour l&rsquo;entreprise des femmes<\/a>, et Joella Hogan, propri&eacute;taire de l&rsquo;entreprise <a href=\"https:\/\/yukonsoaps.com\/\" target=\"_blank\" rel=\"noreferrer noopener\">The Yukon Soaps Company<\/a>, ont &eacute;galement livr&eacute; leur t&eacute;moignage sur le sujet. Les &eacute;changes ont &eacute;t&eacute; anim&eacute;s par Meagan Trush, directrice associ&eacute;e responsable des partenariats et des actions d&rsquo;impulsion au <a href=\"https:\/\/www.ryerson.ca\/diversity\/\" target=\"_blank\" rel=\"noreferrer noopener\">Diversity Institute<\/a>.<\/p><figure class=\"wp-block-image size-large\"><\/figure><p role=\"heading\">En introduction, Gina&nbsp;Grandy a pr&eacute;sent&eacute; les conclusions d&rsquo;un rapport publi&eacute; en d&eacute;but d&rsquo;ann&eacute;e par le centre r&eacute;gional PCFE Saskatchewan, qui dresse un &eacute;tat des lieux de l&rsquo;entrepreneuriat f&eacute;minin dans l&rsquo;agriculture et l&rsquo;industrie agroalimentaire au sein la province. Intitul&eacute; <a href=\"https:\/\/wekh.ca\/wp-content\/uploads\/2020\/06\/SK-Ag-Report.pdf\" target=\"_blank\" rel=\"noreferrer noopener\"><em role=\"heading\">Boosting Economic Growth&nbsp;: A Report on Women Ag Entrepreneurship in Saskatchewan<\/em><\/a><em role=\"heading\"><\/em>[en anglais], il r&eacute;v&egrave;le que nombre des difficult&eacute;s rencontr&eacute;es par les femmes entrepreneures de ce secteur trouvent leur source dans des probl&eacute;matiques structurelles et dans la pr&eacute;dominance masculine au sein de ces deux secteurs. Le rapport &eacute;num&egrave;re huit recommandations &agrave; l&rsquo;attention des diff&eacute;rents acteurs, des gouvernements et des femmes entrepreneures, destin&eacute;es &agrave; promouvoir l&rsquo;entrepreneuriat f&eacute;minin dans ces domaines.&nbsp;<\/p><p role=\"heading\">Rosalind Lockyer a soulign&eacute; l&rsquo;action men&eacute;e par le PARO&nbsp;Centre pour l&rsquo;entreprise des femmes pour soutenir des milliers de femmes entrepreneures par l&rsquo;interm&eacute;diaire de plus de 150&nbsp;<a href=\"https:\/\/paro.ca\/2013\/fr\/services-paro\/cercles-et-groupes\/\" target=\"_blank\" rel=\"noreferrer noopener\">Cercles de pairs PARO<\/a> r&eacute;partis &agrave; travers l&rsquo;Ontario, qui proposent notamment l&rsquo;octroi de pr&ecirc;ts. Rosalind Lockyer a &eacute;galement insist&eacute; sur l&rsquo;importance des partenariats entre fournisseurs de services dans le soutien aux femmes entrepreneures pendant la crise de la COVID-19.<\/p><p style=\"background-color:#cc16bf\" class=\"has-text-color has-background has-very-light-gray-color\" role=\"heading\">Gina&nbsp;Grandy est revenue sur ce point et a pr&eacute;cis&eacute; par quel biais le PCFE contribue &agrave; renforcer l&rsquo;&eacute;cosyst&egrave;me de l&rsquo;entrepreneuriat f&eacute;minin &agrave; travers le pays&nbsp;: &laquo;&nbsp;Le PCFE a notamment ceci de formidable qu&rsquo;il permet de f&eacute;d&eacute;rer tous les acteurs &mdash; de f&eacute;d&eacute;rer tous les organismes de services au sein d&rsquo;une plateforme accessible &agrave; toutes&nbsp;&raquo;.<\/p><p role=\"heading\">Joella Hogan, habitante du village de Mayo et entrepreneure autochtone du Yukon, a ensuite livr&eacute; son t&eacute;moignage. Elle a expliqu&eacute; que les co&ucirc;ts d&rsquo;exp&eacute;dition et de transport demeurent, pour elle comme pour d&rsquo;autres entrepreneurs des r&eacute;gions rurales, un probl&egrave;me de taille. Financer l&rsquo;achat en gros de ses mati&egrave;res premi&egrave;res constitue &eacute;galement un frein majeur, car dans leurs pratiques et politiques, les &eacute;tablissements financiers et les organismes de cr&eacute;dit <a href=\"https:\/\/wekh.ca\/perspective-dexpertes-en-matiere-de-financement-pour-les-femmes-entrepreneures\/?lang=fr\" target=\"_blank\" rel=\"noreferrer noopener\">excluent les entrepreneures autochtones<\/a>. Malgr&eacute; ces &eacute;cueils, Joella Hogan a assur&eacute; la r&eacute;ussite de son entreprise en inscrivant dans sa philosophie les liens avec sa communaut&eacute; et avec la terre.&nbsp;<\/p><p role=\"heading\">&laquo;&nbsp;J&rsquo;ai peu &agrave; peu introduit l&rsquo;id&eacute;e de communaut&eacute;, de petite entreprise, la relation &agrave; la terre, la transmission de l&rsquo;histoire des femmes du Nord &mdash; c&rsquo;est ce que le public recherche avant tout.&nbsp;&raquo;<\/p><h2 class=\"wp-block-heading\"><strong>Il est temps de changer la donne<\/strong><\/h2><p role=\"heading\">Le changement est imp&eacute;ratif pour toucher un plus grand nombre d&rsquo;entrepreneures des r&eacute;gions rurales du Canada, et leur offrir un meilleur soutien et des moyens d&rsquo;action plus adapt&eacute;s. Selon Rosalind Lockyer, les femmes des r&eacute;gions rurales disposent en elles de toutes les armes n&eacute;cessaires pour r&eacute;ussir en tant qu&rsquo;entrepreneures.<em role=\"heading\"><\/em>&laquo;&nbsp;Ce ne sont pas les femmes qui doivent changer. Ce sont les syst&egrave;mes et les partis pris qu&rsquo;il faut repenser&nbsp;&raquo;.<\/p><p role=\"heading\">Certaines difficult&eacute;s pratiques entravent &eacute;galement le potentiel des entrepreneures des r&eacute;gions rurales. Aux co&ucirc;ts &eacute;lev&eacute;s d&rsquo;exp&eacute;dition et de d&eacute;placement s&rsquo;ajoutent les probl&egrave;mes chroniques d&rsquo;acc&egrave;s &agrave; l&rsquo;Internet &agrave; haut d&eacute;bit et aux infrastructures de base. Dans ce contexte, et alors que les entreprises subissent de plein fouet la crise de la COVID, il est particuli&egrave;rement difficile d&rsquo;&eacute;changer en ligne avec les contacts professionnels et les consommateurs. Wendy Cukier, Ph. D., directrice du PCFE, a abord&eacute; certaines de ces probl&eacute;matiques dans le document <a rel=\"noreferrer noopener\" href=\"https:\/\/ppforum.ca\/wp-content\/uploads\/2019\/01\/Innovation-inclusive-Utiliser-la-technologie-pour-combler-le-foss%C3%A9-entre-les-r%C3%A9gions-urbaines-et-rurales-PPF-JAN2019-FR.pdf\" target=\"_blank\"><em role=\"heading\">Innovation inclusive&nbsp;: Utiliser la technologie pour combler le foss&eacute; entre les r&eacute;gions urbaines et rurales<\/em><\/a>. Renforcer le soutien aux femmes entrepreneures des r&eacute;gions rurales, et leur offrir l&rsquo;acc&egrave;s aux moyens dont elles ont besoin pour cr&eacute;er et faire vivre des entreprises dynamiques pourrait aider de fa&ccedil;on significative &agrave; la reconstruction et &agrave; la relance de l&rsquo;&eacute;conomie du Canada une fois pass&eacute;e la crise de la COVID-19.<\/p><h2 class=\"wp-block-heading\"><strong>Mettre en avant les femmes entrepreneures des r&eacute;gions rurales<\/strong><\/h2><p role=\"heading\">Les invit&eacute;es du webinaire ont pr&eacute;sent&eacute; une liste non exhaustive de subventions, de pr&ecirc;ts et d&rsquo;autres m&eacute;canismes de soutien aux entreprises accessibles aux femmes entrepreneures des r&eacute;gions rurales pendant et apr&egrave;s la pand&eacute;mie&nbsp;:<\/p><ul class=\"wp-block-list\"><li><a href=\"https:\/\/www.wd-deo.gc.ca\/fra\/20059.asp\" target=\"_blank\" rel=\"noreferrer noopener\">Fonds d&rsquo;aide et de relance r&eacute;gionale<\/a><\/li><li><a href=\"https:\/\/www.agr.gc.ca\/fra\/a-propos-de-notre-ministere\/initiatives-ministerielles-importantes\/partenariat-canadien-pour-l-agriculture\/?id=1461767369849\" target=\"_blank\" rel=\"noreferrer noopener\">Initiative d&rsquo;intervention dans le contexte de la COVID-19 du Partenariat canadien pour l&rsquo;agriculture<\/a><\/li><li><a href=\"https:\/\/www.fcc-fac.ca\/fr\/covid-19\/details-du-programme.html\" target=\"_blank\" rel=\"noreferrer noopener\">Programmes de Financement agricole Canada<\/a><ul><li><a href=\"https:\/\/www.fcc-fac.ca\/fr\/financement\/agriculture\/programme-femme-entrepreneure.html\" target=\"_blank\" rel=\"noreferrer noopener\">Programme de pr&ecirc;t Femme entrepreneure<\/a><\/li><li><a href=\"https:\/\/www.canada.ca\/fr\/ministere-finances\/plan-intervention-economique.html\" target=\"_blank\" rel=\"noreferrer noopener\">Prestation pour les p&ecirc;cheurs et Subvention aux p&ecirc;cheurs<\/a><\/li><li><a href=\"https:\/\/www.agr.gc.ca\/fra\/programmes-et-services-agricoles\/fonds-durgence-pour-la-transformation\/?id=1591291974693\" target=\"_blank\" rel=\"noreferrer noopener\">Fonds d&rsquo;urgence pour la transformation<\/a><\/li><\/ul><\/li><li><a href=\"https:\/\/paro.ca\/2013\/paro-services\/bizgrowth\/\" target=\"_blank\" rel=\"noreferrer noopener\">PARO BizGrowth pour le Nord de l&rsquo;Ontario<\/a><\/li><li><a href=\"http:\/\/www.windsoressexsmallbusiness.com\/re3-fr\" target=\"_blank\" rel=\"noreferrer noopener\">RE3&nbsp;: Relever, Reprendre, Relancer<\/a><\/li><\/ul><p role=\"heading\">Joella Hogan recommande &eacute;galement aux entrepreneures des r&eacute;gions rurales de solliciter le soutien de leur communaut&eacute; et de leurs r&eacute;seaux, mais &eacute;galement de s&rsquo;&eacute;pauler mutuellement. Dans sa propre entreprise, Joella Hogan <a rel=\"noreferrer noopener\" href=\"https:\/\/yukonsoaps.com\/product-category\/indigenous-artisans\/\" target=\"_blank\">met en avant dans ses produits les broderies perl&eacute;es r&eacute;alis&eacute;es par les femmes du peuple Tutchone du Nord<\/a> du village de Mayo. Elle emploie &eacute;galement les membres de sa collectivit&eacute; pour livrer les articles aux boutiques de souvenirs du Yukon.<\/p><h2 class=\"wp-block-heading\"><strong>Soutien du PCAF<\/strong><\/h2><p role=\"heading\">Vous n&rsquo;avez pas pu assister &agrave; la discussion en direct? <a href=\"https:\/\/www.youtube.com\/watch?v=pp0GMLyDjWY&amp;feature=youtu.be\" target=\"_blank\" rel=\"noreferrer noopener\">Vous pouvez visionner le webinaire &agrave; la demande.<\/a><\/p><p role=\"heading\">Le r&eacute;seau du PCAF met r&eacute;guli&egrave;rement &agrave; jour la liste des programmes et ressources accessibles aux femmes entrepreneures pour cr&eacute;er et g&eacute;rer leur entreprise pendant la crise de la COVID-19. <a href=\"https:\/\/wekh.ca\/covid-19-resources-for-women-entrepreneurs\/\" target=\"_blank\" rel=\"noreferrer noopener\">Consultez notre guide de ressources<\/a>.<\/p><p role=\"heading\">De nombreux membres de l&rsquo;&eacute;cosyst&egrave;me de l&rsquo;entrepreneuriat f&eacute;minin canadien ont rejoint le dispositif <a rel=\"noreferrer noopener\" href=\"https:\/\/sharing.wekh.ca\/\" target=\"_blank\">PCFE\/FWE&nbsp;: Plateforme de partage<\/a> pour tisser des relations et orienter leurs pairs vers les ressources dont les femmes entrepreneures ont besoin pour r&eacute;ussir.<\/p><p role=\"heading\">Nous vous invitons &agrave; <a rel=\"noreferrer noopener\" href=\"https:\/\/wekh.ca\/wekh-fwe-plateforme-de-partage\/?lang=fr\" target=\"_blank\">vous renseigner sur la Plateforme de partage<\/a>, &agrave; vous inscrire, et &agrave; apporter votre contribution &agrave; la plateforme sous forme de &laquo;&nbsp;Demande&nbsp;&raquo; ou de &laquo;&nbsp;Don&nbsp;&raquo;, ou &agrave; r&eacute;pondre aux publications des autres membres.<\/p><h2 class=\"wp-block-heading\"><strong>L&rsquo;entrepreneuriat f&eacute;minin&nbsp;: un facteur de poids dans la relance &eacute;conomique<\/strong><\/h2><p role=\"heading\">&Agrave; vos agendas! Le 11&nbsp;ao&ucirc;t, nous publierons le premier rapport sur l&rsquo;&eacute;tat de l&rsquo;entrepreneuriat f&eacute;minin au Canada &agrave; l&rsquo;occasion du webinaire <strong>She Leads; Canada Prospers <\/strong>organis&eacute; de concert avec l&rsquo;Ontario Chamber of Commerce. Le nombre de places est limit&eacute; &mdash; inscrivez-vous sans tarder!<\/p><figure class=\"wp-block-image size-large\"><img decoding=\"async\" src=\"https:\/\/wekh.ca\/wp-content\/uploads\/2020\/08\/State-of-Womens-Entrepreneurship-1024x512.jpg\" alt=\"\" class=\"lazyload_inited wp-image-34515\"><\/figure><p role=\"heading\"><a href=\"https:\/\/www.eventbrite.ca\/e\/the-importance-of-womens-entrepreneurship-for-economic-recovery-tickets-115230106350\" target=\"_blank\" rel=\"noreferrer noopener\">Cliquez ici pour vous inscrire<\/a><\/p>\n","protected":false},"excerpt":{"rendered":"<p>&hellip;<\/p>\n","protected":false},"author":7749,"featured_media":105241,"comment_status":"closed","ping_status":"closed","sticky":false,"template":"","format":"standard","meta":{"_acf_changed":false,"_bbp_topic_count":0,"_bbp_reply_count":0,"_bbp_total_topic_count":0,"_bbp_total_reply_count":0,"_bbp_voice_count":0,"_bbp_anonymous_reply_count":0,"_bbp_topic_count_hidden":0,"_bbp_reply_count_hidden":0,"_bbp_forum_subforum_count":0,"footnotes":""},"categories":[6331],"tags":[],"class_list":["post-105604","post","type-post","status-publish","format-standard","has-post-thumbnail","hentry","category-evenements"],"acf":[],"yoast_head":"<!-- This site is optimized with the Yoast SEO plugin v27.5 - https:\/\/yoast.com\/product\/yoast-seo-wordpress\/ -->\n<title>Soutenir les femmes entrepreneures des r\u00e9gions rurales pendant et apr\u00e8s la crise de la COVID-19 - WEKH-PCFE<\/title>\n<meta name=\"robots\" content=\"index, follow, max-snippet:-1, max-image-preview:large, max-video-preview:-1\" \/>\n<link rel=\"canonical\" href=\"https:\/\/wekh.ca\/supporting-rural-women-entrepreneurs-through-covid-19-and-beyond\/\" \/>\n<meta property=\"og:locale\" content=\"fr_FR\" \/>\n<meta property=\"og:type\" content=\"article\" \/>\n<meta property=\"og:title\" content=\"Soutenir les femmes entrepreneures des r\u00e9gions rurales pendant et apr\u00e8s la crise de la COVID-19 - WEKH-PCFE\" \/>\n<meta property=\"og:description\" content=\"&hellip;\" \/>\n<meta property=\"og:url\" content=\"https:\/\/wekh.ca\/supporting-rural-women-entrepreneurs-through-covid-19-and-beyond\/\" \/>\n<meta property=\"og:site_name\" content=\"WEKH-PCFE\" \/>\n<meta property=\"article:published_time\" content=\"2020-08-05T19:07:40+00:00\" \/>\n<meta property=\"article:modified_time\" content=\"2024-10-31T15:47:25+00:00\" \/>\n<meta property=\"og:image\" content=\"https:\/\/wekh.ca\/wp-content\/uploads\/2024\/10\/Nursery-worker-working-inside-greenhouse-16x9-1-1024x576.png\" \/>\n\t<meta property=\"og:image:width\" content=\"1024\" \/>\n\t<meta property=\"og:image:height\" content=\"576\" \/>\n\t<meta property=\"og:image:type\" content=\"image\/png\" \/>\n<meta name=\"author\" content=\"Meagan\" \/>\n<meta name=\"twitter:card\" content=\"summary_large_image\" \/>\n<meta name=\"twitter:label1\" content=\"\u00c9crit par\" \/>\n\t<meta name=\"twitter:data1\" content=\"Meagan\" \/>\n\t<meta name=\"twitter:label2\" content=\"Dur\u00e9e de lecture estim\u00e9e\" \/>\n\t<meta name=\"twitter:data2\" content=\"6 minutes\" \/>\n<script type=\"application\/ld+json\" class=\"yoast-schema-graph\">{\"@context\":\"https:\\\/\\\/schema.org\",\"@graph\":[{\"@type\":\"Article\",\"@id\":\"https:\\\/\\\/wekh.ca\\\/supporting-rural-women-entrepreneurs-through-covid-19-and-beyond\\\/#article\",\"isPartOf\":{\"@id\":\"https:\\\/\\\/wekh.ca\\\/supporting-rural-women-entrepreneurs-through-covid-19-and-beyond\\\/\"},\"author\":{\"name\":\"Meagan\",\"@id\":\"https:\\\/\\\/wekh.ca\\\/#\\\/schema\\\/person\\\/61077482980d9700e49539afc53327be\"},\"headline\":\"Soutenir les femmes entrepreneures des r\u00e9gions rurales pendant et apr\u00e8s la crise de la COVID-19\",\"datePublished\":\"2020-08-05T19:07:40+00:00\",\"dateModified\":\"2024-10-31T15:47:25+00:00\",\"mainEntityOfPage\":{\"@id\":\"https:\\\/\\\/wekh.ca\\\/supporting-rural-women-entrepreneurs-through-covid-19-and-beyond\\\/\"},\"wordCount\":1257,\"publisher\":{\"@id\":\"https:\\\/\\\/wekh.ca\\\/#organization\"},\"image\":{\"@id\":\"https:\\\/\\\/wekh.ca\\\/supporting-rural-women-entrepreneurs-through-covid-19-and-beyond\\\/#primaryimage\"},\"thumbnailUrl\":\"https:\\\/\\\/wekh.ca\\\/wp-content\\\/uploads\\\/2024\\\/10\\\/Nursery-worker-working-inside-greenhouse-16x9-1.png\",\"articleSection\":[\"\u00c9v\u00e9nements\"],\"inLanguage\":\"fr-FR\"},{\"@type\":\"WebPage\",\"@id\":\"https:\\\/\\\/wekh.ca\\\/supporting-rural-women-entrepreneurs-through-covid-19-and-beyond\\\/\",\"url\":\"https:\\\/\\\/wekh.ca\\\/supporting-rural-women-entrepreneurs-through-covid-19-and-beyond\\\/\",\"name\":\"Soutenir les femmes entrepreneures des r\u00e9gions rurales pendant et apr\u00e8s la crise de la COVID-19 - WEKH-PCFE\",\"isPartOf\":{\"@id\":\"https:\\\/\\\/wekh.ca\\\/#website\"},\"primaryImageOfPage\":{\"@id\":\"https:\\\/\\\/wekh.ca\\\/supporting-rural-women-entrepreneurs-through-covid-19-and-beyond\\\/#primaryimage\"},\"image\":{\"@id\":\"https:\\\/\\\/wekh.ca\\\/supporting-rural-women-entrepreneurs-through-covid-19-and-beyond\\\/#primaryimage\"},\"thumbnailUrl\":\"https:\\\/\\\/wekh.ca\\\/wp-content\\\/uploads\\\/2024\\\/10\\\/Nursery-worker-working-inside-greenhouse-16x9-1.png\",\"datePublished\":\"2020-08-05T19:07:40+00:00\",\"dateModified\":\"2024-10-31T15:47:25+00:00\",\"breadcrumb\":{\"@id\":\"https:\\\/\\\/wekh.ca\\\/supporting-rural-women-entrepreneurs-through-covid-19-and-beyond\\\/#breadcrumb\"},\"inLanguage\":\"fr-FR\",\"potentialAction\":[{\"@type\":\"ReadAction\",\"target\":[\"https:\\\/\\\/wekh.ca\\\/supporting-rural-women-entrepreneurs-through-covid-19-and-beyond\\\/\"]}]},{\"@type\":\"ImageObject\",\"inLanguage\":\"fr-FR\",\"@id\":\"https:\\\/\\\/wekh.ca\\\/supporting-rural-women-entrepreneurs-through-covid-19-and-beyond\\\/#primaryimage\",\"url\":\"https:\\\/\\\/wekh.ca\\\/wp-content\\\/uploads\\\/2024\\\/10\\\/Nursery-worker-working-inside-greenhouse-16x9-1.png\",\"contentUrl\":\"https:\\\/\\\/wekh.ca\\\/wp-content\\\/uploads\\\/2024\\\/10\\\/Nursery-worker-working-inside-greenhouse-16x9-1.png\",\"width\":3864,\"height\":2173},{\"@type\":\"BreadcrumbList\",\"@id\":\"https:\\\/\\\/wekh.ca\\\/supporting-rural-women-entrepreneurs-through-covid-19-and-beyond\\\/#breadcrumb\",\"itemListElement\":[{\"@type\":\"ListItem\",\"position\":1,\"name\":\"Home\",\"item\":\"https:\\\/\\\/wekh.ca\\\/\"},{\"@type\":\"ListItem\",\"position\":2,\"name\":\"Soutenir les femmes entrepreneures des r\u00e9gions rurales pendant et apr\u00e8s la crise de la COVID-19\"}]},{\"@type\":\"WebSite\",\"@id\":\"https:\\\/\\\/wekh.ca\\\/#website\",\"url\":\"https:\\\/\\\/wekh.ca\\\/\",\"name\":\"WEKH-PCFE\",\"description\":\"Women Entrepreneurship Knowledge Hub\",\"publisher\":{\"@id\":\"https:\\\/\\\/wekh.ca\\\/#organization\"},\"potentialAction\":[{\"@type\":\"SearchAction\",\"target\":{\"@type\":\"EntryPoint\",\"urlTemplate\":\"https:\\\/\\\/wekh.ca\\\/?s={search_term_string}\"},\"query-input\":{\"@type\":\"PropertyValueSpecification\",\"valueRequired\":true,\"valueName\":\"search_term_string\"}}],\"inLanguage\":\"fr-FR\"},{\"@type\":\"Organization\",\"@id\":\"https:\\\/\\\/wekh.ca\\\/#organization\",\"name\":\"WEKH-PCFE\",\"url\":\"https:\\\/\\\/wekh.ca\\\/\",\"logo\":{\"@type\":\"ImageObject\",\"inLanguage\":\"fr-FR\",\"@id\":\"https:\\\/\\\/wekh.ca\\\/#\\\/schema\\\/logo\\\/image\\\/\",\"url\":\"https:\\\/\\\/wekh.ca\\\/wp-content\\\/uploads\\\/2024\\\/09\\\/Wekh-PCFE-Logo.png\",\"contentUrl\":\"https:\\\/\\\/wekh.ca\\\/wp-content\\\/uploads\\\/2024\\\/09\\\/Wekh-PCFE-Logo.png\",\"width\":917,\"height\":498,\"caption\":\"WEKH-PCFE\"},\"image\":{\"@id\":\"https:\\\/\\\/wekh.ca\\\/#\\\/schema\\\/logo\\\/image\\\/\"}},{\"@type\":\"Person\",\"@id\":\"https:\\\/\\\/wekh.ca\\\/#\\\/schema\\\/person\\\/61077482980d9700e49539afc53327be\",\"name\":\"Meagan\",\"image\":{\"@type\":\"ImageObject\",\"inLanguage\":\"fr-FR\",\"@id\":\"\\\/\\\/www.gravatar.com\\\/avatar\\\/87bbae3f4d7a4d7a2ce1499d0bf99cc0?s=96&#038;r=g&#038;d=mm\",\"url\":\"\\\/\\\/www.gravatar.com\\\/avatar\\\/87bbae3f4d7a4d7a2ce1499d0bf99cc0?s=96&#038;r=g&#038;d=mm\",\"contentUrl\":\"\\\/\\\/www.gravatar.com\\\/avatar\\\/87bbae3f4d7a4d7a2ce1499d0bf99cc0?s=96&#038;r=g&#038;d=mm\",\"caption\":\"Meagan\"},\"sameAs\":[\"http:\\\/\\\/WEKH\"],\"url\":\"https:\\\/\\\/wekh.ca\\\/fr\\\/author\\\/meagan\\\/\"}]}<\/script>\n<!-- \/ Yoast SEO plugin. -->","yoast_head_json":{"title":"Soutenir les femmes entrepreneures des r\u00e9gions rurales pendant et apr\u00e8s la crise de la COVID-19 - WEKH-PCFE","robots":{"index":"index","follow":"follow","max-snippet":"max-snippet:-1","max-image-preview":"max-image-preview:large","max-video-preview":"max-video-preview:-1"},"canonical":"https:\/\/wekh.ca\/supporting-rural-women-entrepreneurs-through-covid-19-and-beyond\/","og_locale":"fr_FR","og_type":"article","og_title":"Soutenir les femmes entrepreneures des r\u00e9gions rurales pendant et apr\u00e8s la crise de la COVID-19 - WEKH-PCFE","og_description":"&hellip;","og_url":"https:\/\/wekh.ca\/supporting-rural-women-entrepreneurs-through-covid-19-and-beyond\/","og_site_name":"WEKH-PCFE","article_published_time":"2020-08-05T19:07:40+00:00","article_modified_time":"2024-10-31T15:47:25+00:00","og_image":[{"width":1024,"height":576,"url":"https:\/\/wekh.ca\/wp-content\/uploads\/2024\/10\/Nursery-worker-working-inside-greenhouse-16x9-1-1024x576.png","type":"image\/png"}],"author":"Meagan","twitter_card":"summary_large_image","twitter_misc":{"\u00c9crit par":"Meagan","Dur\u00e9e de lecture estim\u00e9e":"6 minutes"},"schema":{"@context":"https:\/\/schema.org","@graph":[{"@type":"Article","@id":"https:\/\/wekh.ca\/supporting-rural-women-entrepreneurs-through-covid-19-and-beyond\/#article","isPartOf":{"@id":"https:\/\/wekh.ca\/supporting-rural-women-entrepreneurs-through-covid-19-and-beyond\/"},"author":{"name":"Meagan","@id":"https:\/\/wekh.ca\/#\/schema\/person\/61077482980d9700e49539afc53327be"},"headline":"Soutenir les femmes entrepreneures des r\u00e9gions rurales pendant et apr\u00e8s la crise de la COVID-19","datePublished":"2020-08-05T19:07:40+00:00","dateModified":"2024-10-31T15:47:25+00:00","mainEntityOfPage":{"@id":"https:\/\/wekh.ca\/supporting-rural-women-entrepreneurs-through-covid-19-and-beyond\/"},"wordCount":1257,"publisher":{"@id":"https:\/\/wekh.ca\/#organization"},"image":{"@id":"https:\/\/wekh.ca\/supporting-rural-women-entrepreneurs-through-covid-19-and-beyond\/#primaryimage"},"thumbnailUrl":"https:\/\/wekh.ca\/wp-content\/uploads\/2024\/10\/Nursery-worker-working-inside-greenhouse-16x9-1.png","articleSection":["\u00c9v\u00e9nements"],"inLanguage":"fr-FR"},{"@type":"WebPage","@id":"https:\/\/wekh.ca\/supporting-rural-women-entrepreneurs-through-covid-19-and-beyond\/","url":"https:\/\/wekh.ca\/supporting-rural-women-entrepreneurs-through-covid-19-and-beyond\/","name":"Soutenir les femmes entrepreneures des r\u00e9gions rurales pendant et apr\u00e8s la crise de la COVID-19 - WEKH-PCFE","isPartOf":{"@id":"https:\/\/wekh.ca\/#website"},"primaryImageOfPage":{"@id":"https:\/\/wekh.ca\/supporting-rural-women-entrepreneurs-through-covid-19-and-beyond\/#primaryimage"},"image":{"@id":"https:\/\/wekh.ca\/supporting-rural-women-entrepreneurs-through-covid-19-and-beyond\/#primaryimage"},"thumbnailUrl":"https:\/\/wekh.ca\/wp-content\/uploads\/2024\/10\/Nursery-worker-working-inside-greenhouse-16x9-1.png","datePublished":"2020-08-05T19:07:40+00:00","dateModified":"2024-10-31T15:47:25+00:00","breadcrumb":{"@id":"https:\/\/wekh.ca\/supporting-rural-women-entrepreneurs-through-covid-19-and-beyond\/#breadcrumb"},"inLanguage":"fr-FR","potentialAction":[{"@type":"ReadAction","target":["https:\/\/wekh.ca\/supporting-rural-women-entrepreneurs-through-covid-19-and-beyond\/"]}]},{"@type":"ImageObject","inLanguage":"fr-FR","@id":"https:\/\/wekh.ca\/supporting-rural-women-entrepreneurs-through-covid-19-and-beyond\/#primaryimage","url":"https:\/\/wekh.ca\/wp-content\/uploads\/2024\/10\/Nursery-worker-working-inside-greenhouse-16x9-1.png","contentUrl":"https:\/\/wekh.ca\/wp-content\/uploads\/2024\/10\/Nursery-worker-working-inside-greenhouse-16x9-1.png","width":3864,"height":2173},{"@type":"BreadcrumbList","@id":"https:\/\/wekh.ca\/supporting-rural-women-entrepreneurs-through-covid-19-and-beyond\/#breadcrumb","itemListElement":[{"@type":"ListItem","position":1,"name":"Home","item":"https:\/\/wekh.ca\/"},{"@type":"ListItem","position":2,"name":"Soutenir les femmes entrepreneures des r\u00e9gions rurales pendant et apr\u00e8s la crise de la COVID-19"}]},{"@type":"WebSite","@id":"https:\/\/wekh.ca\/#website","url":"https:\/\/wekh.ca\/","name":"WEKH-PCFE","description":"Women Entrepreneurship Knowledge Hub","publisher":{"@id":"https:\/\/wekh.ca\/#organization"},"potentialAction":[{"@type":"SearchAction","target":{"@type":"EntryPoint","urlTemplate":"https:\/\/wekh.ca\/?s={search_term_string}"},"query-input":{"@type":"PropertyValueSpecification","valueRequired":true,"valueName":"search_term_string"}}],"inLanguage":"fr-FR"},{"@type":"Organization","@id":"https:\/\/wekh.ca\/#organization","name":"WEKH-PCFE","url":"https:\/\/wekh.ca\/","logo":{"@type":"ImageObject","inLanguage":"fr-FR","@id":"https:\/\/wekh.ca\/#\/schema\/logo\/image\/","url":"https:\/\/wekh.ca\/wp-content\/uploads\/2024\/09\/Wekh-PCFE-Logo.png","contentUrl":"https:\/\/wekh.ca\/wp-content\/uploads\/2024\/09\/Wekh-PCFE-Logo.png","width":917,"height":498,"caption":"WEKH-PCFE"},"image":{"@id":"https:\/\/wekh.ca\/#\/schema\/logo\/image\/"}},{"@type":"Person","@id":"https:\/\/wekh.ca\/#\/schema\/person\/61077482980d9700e49539afc53327be","name":"Meagan","image":{"@type":"ImageObject","inLanguage":"fr-FR","@id":"\/\/www.gravatar.com\/avatar\/87bbae3f4d7a4d7a2ce1499d0bf99cc0?s=96&#038;r=g&#038;d=mm","url":"\/\/www.gravatar.com\/avatar\/87bbae3f4d7a4d7a2ce1499d0bf99cc0?s=96&#038;r=g&#038;d=mm","contentUrl":"\/\/www.gravatar.com\/avatar\/87bbae3f4d7a4d7a2ce1499d0bf99cc0?s=96&#038;r=g&#038;d=mm","caption":"Meagan"},"sameAs":["http:\/\/WEKH"],"url":"https:\/\/wekh.ca\/fr\/author\/meagan\/"}]}},"_links":{"self":[{"href":"https:\/\/wekh.ca\/fr\/wp-json\/wp\/v2\/posts\/105604","targetHints":{"allow":["GET"]}}],"collection":[{"href":"https:\/\/wekh.ca\/fr\/wp-json\/wp\/v2\/posts"}],"about":[{"href":"https:\/\/wekh.ca\/fr\/wp-json\/wp\/v2\/types\/post"}],"author":[{"embeddable":true,"href":"https:\/\/wekh.ca\/fr\/wp-json\/wp\/v2\/users\/7749"}],"replies":[{"embeddable":true,"href":"https:\/\/wekh.ca\/fr\/wp-json\/wp\/v2\/comments?post=105604"}],"version-history":[{"count":1,"href":"https:\/\/wekh.ca\/fr\/wp-json\/wp\/v2\/posts\/105604\/revisions"}],"predecessor-version":[{"id":105612,"href":"https:\/\/wekh.ca\/fr\/wp-json\/wp\/v2\/posts\/105604\/revisions\/105612"}],"wp:featuredmedia":[{"embeddable":true,"href":"https:\/\/wekh.ca\/fr\/wp-json\/wp\/v2\/media\/105241"}],"wp:attachment":[{"href":"https:\/\/wekh.ca\/fr\/wp-json\/wp\/v2\/media?parent=105604"}],"wp:term":[{"taxonomy":"category","embeddable":true,"href":"https:\/\/wekh.ca\/fr\/wp-json\/wp\/v2\/categories?post=105604"},{"taxonomy":"post_tag","embeddable":true,"href":"https:\/\/wekh.ca\/fr\/wp-json\/wp\/v2\/tags?post=105604"}],"curies":[{"name":"wp","href":"https:\/\/api.w.org\/{rel}","templated":true}]}}