{"id":105605,"date":"2020-07-29T11:47:47","date_gmt":"2020-07-29T15:47:47","guid":{"rendered":"https:\/\/wekh.ca\/?p=105605"},"modified":"2024-10-31T11:47:25","modified_gmt":"2024-10-31T15:47:25","slug":"connected-in-colour-reunion-virtuelle-de-femmes-entrepreneures-de-divers-horizons","status":"publish","type":"post","link":"https:\/\/wekh.ca\/fr\/connected-in-colour-reunion-virtuelle-de-femmes-entrepreneures-de-divers-horizons\/","title":{"rendered":"Connected in Colour : r\u00e9union virtuelle de femmes entrepreneures de divers horizons"},"content":{"rendered":"<?xml encoding=\"utf-8\" ?><figure class=\"wp-block-image size-large\"><\/figure><p role=\"heading\">Les travaux de recherche du Portail de connaissances pour les femmes en entrepreneuriat (PCFE) ont mis au jour les obstacles structurels auxquels se heurtent les femmes entrepreneures, et d&rsquo;autant plus les femmes de couleur, noires et autochtones. Malgr&eacute; les d&eacute;fis rencontr&eacute;s, ce sont ces entrepreneures qui stimulent la croissance &eacute;conomique et le bien-&ecirc;tre social dans les communaut&eacute;s du pays et du monde entier.<\/p><p role=\"heading\"><a href=\"https:\/\/ccdi.ca\/blog\/2019-community-contributor-of-the-year-western-canada-elise-ahenkorah\/\" target=\"_blank\" rel=\"noreferrer noopener\">Elise Ahenkorah<\/a> prend ces probl&egrave;mes &agrave; bras le corps. Entrepreneure exp&eacute;riment&eacute;e et dirigeante d&rsquo;entreprise, elle a fond&eacute; <a href=\"https:\/\/shemeets.weebly.com\/\" target=\"_blank\" rel=\"noreferrer noopener\">#shemeets<\/a> pour aider les femmes de couleur et autochtones &agrave; r&eacute;ussir dans l&rsquo;artisanat, l&rsquo;art, la cr&eacute;ation d&rsquo;entreprise et l&rsquo;innovation en leur proposant un mentorat et des ateliers, ainsi qu&rsquo;en favorisant les liens avec la collectivit&eacute;. Le 17&nbsp;juillet, elle a organis&eacute; le webinaire <em role=\"heading\">Connected in Colour: WOC Entrepreneurs &amp; Leaders Panel Event<\/em> qui a attir&eacute; plusieurs centaines de personnes aux quatre coins du pays. Cet &eacute;v&eacute;nement &eacute;tait parrain&eacute;, entre autres, par le PCFE.<\/p><p role=\"heading\">D&rsquo;apr&egrave;s les recherches du PCFE, la COVID a accentu&eacute; les in&eacute;galit&eacute;s structurelles, les femmes (de couleur en particulier) ayant peu, voire pas acc&egrave;s aux fonds d&rsquo;investissement. Les femmes de couleur, plus susceptibles de g&eacute;rer de petites entreprises ou d&rsquo;&ecirc;tre des travailleuses autonomes dans les secteurs les plus touch&eacute;s par la pand&eacute;mie, ont subi les cons&eacute;quences de la COVID-19 de mani&egrave;re disproportionn&eacute;e. En t&eacute;moignent le niveau croissant de <a href=\"https:\/\/wekh.ca\/wp-content\/uploads\/2020\/05\/WEKH_The_Impact_of_COVID-19_on_Women_Entrepreneurs-1.pdf\" target=\"_blank\" rel=\"noreferrer noopener\">travail non r&eacute;mun&eacute;r&eacute; &agrave; domicile<\/a> et les <a href=\"https:\/\/wekh.ca\/perspective-dexpertes-en-matiere-de-financement-pour-les-femmes-entrepreneures\/?lang=fr\" target=\"_blank\" rel=\"noreferrer noopener\">difficult&eacute;s d&rsquo;acc&egrave;s aux pr&ecirc;ts<\/a> et aux <a href=\"https:\/\/wekh.ca\/the-impact-of-covid-19-on-women-entrepreneurs\/\" target=\"_blank\" rel=\"noreferrer noopener\">programmes de secours gouvernementaux<\/a> con&ccedil;us pour aider les entreprises &agrave; traverser cette crise.<\/p><p role=\"heading\">En tant que mod&eacute;ratrice de la discussion, Elise a commenc&eacute; par raconter son histoire, soulignant au passage que l&rsquo;encouragement &agrave; la diversit&eacute; en entrepreneuriat va &laquo;&nbsp;au-del&agrave; de la question des femmes de couleur&nbsp;: c&rsquo;est un probl&egrave;me &eacute;conomique&nbsp;&raquo;. Cette initiative peut permettre d&rsquo;injecter 150&nbsp;milliards de dollars dans l&rsquo;&eacute;conomie canadienne.<\/p><p role=\"heading\">Les sp&eacute;cialistes ont discut&eacute; des plus dures le&ccedil;ons apprises au cours de leur parcours d&rsquo;entrepreneure. &Agrave; titre d&rsquo;exemple, <a href=\"https:\/\/trnto.com\/torontos-most-inspirational-women-of-2019-huda-idrees\/\" target=\"_blank\" rel=\"noreferrer noopener\">Huda Idrees<\/a>, fondatrice et PDG de Dot Health, a constat&eacute; que &laquo;&nbsp;le secteur de la technologie n&rsquo;est pas une m&eacute;ritocratie&nbsp;&raquo;. Ce sentiment a trouv&eacute; &eacute;cho chez <a href=\"https:\/\/www.womenofinfluence.ca\/2018\/09\/06\/top-25-women-of-influence-2018-jessica-yamoah-sarah-juma\/\" target=\"_blank\" rel=\"noreferrer noopener\">Sarah Juma<\/a>, cofondatrice d&rsquo;Innovate Inclusion, laquelle a fait remarquer que &laquo;&nbsp;les r&egrave;gles de l&rsquo;entrepreneuriat n&rsquo;&eacute;tant pas valables pour tout le monde, nous devons cr&eacute;er les soutiens dont les entrepreneurs sous-repr&eacute;sent&eacute;s ont besoin pour relever ces d&eacute;fis&nbsp;&raquo;.<\/p><p role=\"heading\"><a href=\"https:\/\/twitter.com\/chefngomes?lang=en\" target=\"_blank\" rel=\"noreferrer noopener\">Nicole Gomes<\/a>, chef et &laquo;&nbsp;Chief Chicken Officer&nbsp;&raquo; chez Cluck n Cleaver, a soulign&eacute; l&rsquo;importance d&rsquo;apprendre de ses erreurs et d&rsquo;&laquo;&nbsp;avoir conscience qu&rsquo;un projet n&rsquo;est jamais parfait et qu&rsquo;il est amen&eacute; &agrave; &eacute;voluer&nbsp;&raquo;. <a href=\"https:\/\/www.fondationtrudeau.ca\/communaute\/denise-williams?_ga=2.198894703.1787216924.1595516431-41567765.1595516431\" target=\"_blank\" rel=\"noreferrer noopener\">Denise Williams<\/a>, chef de la direction du First Nations Technology Council, a encourag&eacute; les femmes entrepreneures de couleur &agrave; &laquo;&nbsp;revendiquer [leur] histoire&nbsp;&raquo; car, en fin de compte, il n&rsquo;existe aucune vraie mesure quantitative de la r&eacute;ussite&nbsp;: il s&rsquo;agit simplement de cerner et de relever de nouveaux d&eacute;fis.&nbsp;<\/p><p role=\"heading\">Sabine Soumare, consultante du PCFE &agrave; la strat&eacute;gie francophone et <a href=\"http:\/\/www.dbrief.ca\/index.php?option=com_sppagebuilder&amp;view=page&amp;id=26&amp;Itemid=258&amp;lang=fr\" target=\"_blank\" rel=\"noreferrer noopener\">fondatrice de dBrief Consulting<\/a>, a racont&eacute; son histoire et expliqu&eacute; comment elle &oelig;uvre pour mettre les femmes entrepreneures de couleur en relation avec les ressources dont elles ont besoin, au travers d&rsquo;ateliers et d&rsquo;initiatives comme la <a href=\"https:\/\/wekh.ca\/wekh-fwe-plateforme-de-partage\/?lang=fr%20\" target=\"_blank\" rel=\"noreferrer noopener\">Plateforme de partage PCFE\/FWE<\/a>. Elle a pr&eacute;cis&eacute; comment les recherches men&eacute;es par le PCFE font la lumi&egrave;re sur les obstacles rencontr&eacute;s par les femmes et sur l&rsquo;impact de la COVID chez ces derni&egrave;res, mais exposent &eacute;galement des moyens de surmonter ces difficult&eacute;s et donnent aux femmes entrepreneures le r&eacute;confort de savoir qu&rsquo;elles ne sont pas seules. Sabine a &eacute;galement d&eacute;crit certains des partenariats mis en place par le PCFE pour aider les femmes entrepreneures de couleur, autochtones et noires.<\/p><p role=\"heading\"><a rel=\"noreferrer noopener\" href=\"https:\/\/drive.google.com\/drive\/folders\/1-2P-762NrTFq9oRzsL2nMMbBS4v10oBF\" target=\"_blank\">Visionnez la discussion d&rsquo;expertes.<\/a><\/p><h2 class=\"wp-block-heading\"><strong>La force du collectif<\/strong><\/h2><p role=\"heading\">Les &eacute;changes d&rsquo;expertise, de soutien et de ressources se poursuivent sur la Plateforme de partage cr&eacute;&eacute;e par le PCFE en collaboration avec le Forum for Women Entrepreneurs et con&ccedil;ue par SheEO. Le concept est simple&nbsp;: vous avez la possibilit&eacute; de &laquo;&nbsp;demander&nbsp;&raquo; ce dont vous avez besoin ou de &laquo;&nbsp;donner&nbsp;&raquo; ce que vous pouvez pour soutenir les femmes entrepreneures du Canada.<\/p><p role=\"heading\"><a rel=\"noreferrer noopener\" href=\"https:\/\/wekh.ca\/wekh-fwe-plateforme-de-partage\/?lang=fr\" target=\"_blank\">Lisez la pr&eacute;sentation de notre plateforme<\/a> et inscrivez-vous &agrave; l&rsquo;adresse <a rel=\"noreferrer noopener\" href=\"http:\/\/sharing.wekh.ca\" target=\"_blank\">sharing.wekh.ca<\/a>.<\/p><figure class=\"wp-block-image size-large\"><img decoding=\"async\" src=\"https:\/\/wekh.ca\/wp-content\/uploads\/2020\/05\/CS_Twitter_3_FR-1024x576.jpg\" alt=\"\" class=\"lazyload_inited wp-image-32721\"><\/figure><h2 class=\"wp-block-heading\"><strong>Gardez le contact<\/strong><\/h2><p role=\"heading\"><a href=\"https:\/\/wekh.ca\/?lang=fr#contact\" target=\"_blank\" rel=\"noreferrer noopener\">Abonnez-vous &agrave; la lettre d&rsquo;information du PCFE<\/a> et <a href=\"https:\/\/twitter.com\/wekh_pcfe\" target=\"_blank\" rel=\"noreferrer noopener\">suivez-nous sur Twitter<\/a> pour ne rien manquer des formidables &eacute;v&eacute;nements &agrave; venir et de nos futurs travaux de recherche.<\/p>\n","protected":false},"excerpt":{"rendered":"<p>&hellip;<\/p>\n","protected":false},"author":7749,"featured_media":105255,"comment_status":"closed","ping_status":"closed","sticky":false,"template":"","format":"standard","meta":{"_acf_changed":false,"_bbp_topic_count":0,"_bbp_reply_count":0,"_bbp_total_topic_count":0,"_bbp_total_reply_count":0,"_bbp_voice_count":0,"_bbp_anonymous_reply_count":0,"_bbp_topic_count_hidden":0,"_bbp_reply_count_hidden":0,"_bbp_forum_subforum_count":0,"footnotes":""},"categories":[6331],"tags":[],"class_list":["post-105605","post","type-post","status-publish","format-standard","has-post-thumbnail","hentry","category-evenements"],"acf":[],"yoast_head":"<!-- This site is optimized with the Yoast SEO plugin v27.5 - https:\/\/yoast.com\/product\/yoast-seo-wordpress\/ -->\n<title>Connected in Colour : r\u00e9union virtuelle de femmes entrepreneures de divers horizons - WEKH-PCFE<\/title>\n<meta name=\"robots\" content=\"index, follow, max-snippet:-1, max-image-preview:large, max-video-preview:-1\" \/>\n<link rel=\"canonical\" href=\"https:\/\/wekh.ca\/connected-in-colour-diverse-women-entrepreneurs-meet-online\/\" \/>\n<meta property=\"og:locale\" content=\"fr_FR\" \/>\n<meta property=\"og:type\" content=\"article\" \/>\n<meta property=\"og:title\" content=\"Connected in Colour : r\u00e9union virtuelle de femmes entrepreneures de divers horizons - WEKH-PCFE\" \/>\n<meta property=\"og:description\" content=\"&hellip;\" \/>\n<meta property=\"og:url\" content=\"https:\/\/wekh.ca\/connected-in-colour-diverse-women-entrepreneurs-meet-online\/\" \/>\n<meta property=\"og:site_name\" content=\"WEKH-PCFE\" \/>\n<meta property=\"article:published_time\" content=\"2020-07-29T15:47:47+00:00\" \/>\n<meta property=\"article:modified_time\" content=\"2024-10-31T15:47:25+00:00\" \/>\n<meta property=\"og:image\" content=\"https:\/\/wekh.ca\/wp-content\/uploads\/2024\/10\/two-women-looking-at-macbook-16x9-2-1-1024x576.png\" \/>\n\t<meta property=\"og:image:width\" content=\"1024\" \/>\n\t<meta property=\"og:image:height\" content=\"576\" \/>\n\t<meta property=\"og:image:type\" content=\"image\/png\" \/>\n<meta name=\"author\" content=\"Meagan\" \/>\n<meta name=\"twitter:card\" content=\"summary_large_image\" \/>\n<meta name=\"twitter:label1\" content=\"\u00c9crit par\" \/>\n\t<meta name=\"twitter:data1\" content=\"Meagan\" \/>\n\t<meta name=\"twitter:label2\" content=\"Dur\u00e9e de lecture estim\u00e9e\" \/>\n\t<meta name=\"twitter:data2\" content=\"4 minutes\" \/>\n<script type=\"application\/ld+json\" class=\"yoast-schema-graph\">{\"@context\":\"https:\\\/\\\/schema.org\",\"@graph\":[{\"@type\":\"Article\",\"@id\":\"https:\\\/\\\/wekh.ca\\\/connected-in-colour-diverse-women-entrepreneurs-meet-online\\\/#article\",\"isPartOf\":{\"@id\":\"https:\\\/\\\/wekh.ca\\\/connected-in-colour-diverse-women-entrepreneurs-meet-online\\\/\"},\"author\":{\"name\":\"Meagan\",\"@id\":\"https:\\\/\\\/wekh.ca\\\/#\\\/schema\\\/person\\\/61077482980d9700e49539afc53327be\"},\"headline\":\"Connected in Colour : r\u00e9union virtuelle de femmes entrepreneures de divers horizons\",\"datePublished\":\"2020-07-29T15:47:47+00:00\",\"dateModified\":\"2024-10-31T15:47:25+00:00\",\"mainEntityOfPage\":{\"@id\":\"https:\\\/\\\/wekh.ca\\\/connected-in-colour-diverse-women-entrepreneurs-meet-online\\\/\"},\"wordCount\":799,\"publisher\":{\"@id\":\"https:\\\/\\\/wekh.ca\\\/#organization\"},\"image\":{\"@id\":\"https:\\\/\\\/wekh.ca\\\/connected-in-colour-diverse-women-entrepreneurs-meet-online\\\/#primaryimage\"},\"thumbnailUrl\":\"https:\\\/\\\/wekh.ca\\\/wp-content\\\/uploads\\\/2024\\\/10\\\/two-women-looking-at-macbook-16x9-2-1.png\",\"articleSection\":[\"\u00c9v\u00e9nements\"],\"inLanguage\":\"fr-FR\"},{\"@type\":\"WebPage\",\"@id\":\"https:\\\/\\\/wekh.ca\\\/connected-in-colour-diverse-women-entrepreneurs-meet-online\\\/\",\"url\":\"https:\\\/\\\/wekh.ca\\\/connected-in-colour-diverse-women-entrepreneurs-meet-online\\\/\",\"name\":\"Connected in Colour : r\u00e9union virtuelle de femmes entrepreneures de divers horizons - WEKH-PCFE\",\"isPartOf\":{\"@id\":\"https:\\\/\\\/wekh.ca\\\/#website\"},\"primaryImageOfPage\":{\"@id\":\"https:\\\/\\\/wekh.ca\\\/connected-in-colour-diverse-women-entrepreneurs-meet-online\\\/#primaryimage\"},\"image\":{\"@id\":\"https:\\\/\\\/wekh.ca\\\/connected-in-colour-diverse-women-entrepreneurs-meet-online\\\/#primaryimage\"},\"thumbnailUrl\":\"https:\\\/\\\/wekh.ca\\\/wp-content\\\/uploads\\\/2024\\\/10\\\/two-women-looking-at-macbook-16x9-2-1.png\",\"datePublished\":\"2020-07-29T15:47:47+00:00\",\"dateModified\":\"2024-10-31T15:47:25+00:00\",\"breadcrumb\":{\"@id\":\"https:\\\/\\\/wekh.ca\\\/connected-in-colour-diverse-women-entrepreneurs-meet-online\\\/#breadcrumb\"},\"inLanguage\":\"fr-FR\",\"potentialAction\":[{\"@type\":\"ReadAction\",\"target\":[\"https:\\\/\\\/wekh.ca\\\/connected-in-colour-diverse-women-entrepreneurs-meet-online\\\/\"]}]},{\"@type\":\"ImageObject\",\"inLanguage\":\"fr-FR\",\"@id\":\"https:\\\/\\\/wekh.ca\\\/connected-in-colour-diverse-women-entrepreneurs-meet-online\\\/#primaryimage\",\"url\":\"https:\\\/\\\/wekh.ca\\\/wp-content\\\/uploads\\\/2024\\\/10\\\/two-women-looking-at-macbook-16x9-2-1.png\",\"contentUrl\":\"https:\\\/\\\/wekh.ca\\\/wp-content\\\/uploads\\\/2024\\\/10\\\/two-women-looking-at-macbook-16x9-2-1.png\",\"width\":4096,\"height\":2303},{\"@type\":\"BreadcrumbList\",\"@id\":\"https:\\\/\\\/wekh.ca\\\/connected-in-colour-diverse-women-entrepreneurs-meet-online\\\/#breadcrumb\",\"itemListElement\":[{\"@type\":\"ListItem\",\"position\":1,\"name\":\"Home\",\"item\":\"https:\\\/\\\/wekh.ca\\\/\"},{\"@type\":\"ListItem\",\"position\":2,\"name\":\"Connected in Colour : r\u00e9union virtuelle de femmes entrepreneures de divers horizons\"}]},{\"@type\":\"WebSite\",\"@id\":\"https:\\\/\\\/wekh.ca\\\/#website\",\"url\":\"https:\\\/\\\/wekh.ca\\\/\",\"name\":\"WEKH-PCFE\",\"description\":\"Women Entrepreneurship Knowledge Hub\",\"publisher\":{\"@id\":\"https:\\\/\\\/wekh.ca\\\/#organization\"},\"potentialAction\":[{\"@type\":\"SearchAction\",\"target\":{\"@type\":\"EntryPoint\",\"urlTemplate\":\"https:\\\/\\\/wekh.ca\\\/?s={search_term_string}\"},\"query-input\":{\"@type\":\"PropertyValueSpecification\",\"valueRequired\":true,\"valueName\":\"search_term_string\"}}],\"inLanguage\":\"fr-FR\"},{\"@type\":\"Organization\",\"@id\":\"https:\\\/\\\/wekh.ca\\\/#organization\",\"name\":\"WEKH-PCFE\",\"url\":\"https:\\\/\\\/wekh.ca\\\/\",\"logo\":{\"@type\":\"ImageObject\",\"inLanguage\":\"fr-FR\",\"@id\":\"https:\\\/\\\/wekh.ca\\\/#\\\/schema\\\/logo\\\/image\\\/\",\"url\":\"https:\\\/\\\/wekh.ca\\\/wp-content\\\/uploads\\\/2024\\\/09\\\/Wekh-PCFE-Logo.png\",\"contentUrl\":\"https:\\\/\\\/wekh.ca\\\/wp-content\\\/uploads\\\/2024\\\/09\\\/Wekh-PCFE-Logo.png\",\"width\":917,\"height\":498,\"caption\":\"WEKH-PCFE\"},\"image\":{\"@id\":\"https:\\\/\\\/wekh.ca\\\/#\\\/schema\\\/logo\\\/image\\\/\"}},{\"@type\":\"Person\",\"@id\":\"https:\\\/\\\/wekh.ca\\\/#\\\/schema\\\/person\\\/61077482980d9700e49539afc53327be\",\"name\":\"Meagan\",\"image\":{\"@type\":\"ImageObject\",\"inLanguage\":\"fr-FR\",\"@id\":\"\\\/\\\/www.gravatar.com\\\/avatar\\\/87bbae3f4d7a4d7a2ce1499d0bf99cc0?s=96&#038;r=g&#038;d=mm\",\"url\":\"\\\/\\\/www.gravatar.com\\\/avatar\\\/87bbae3f4d7a4d7a2ce1499d0bf99cc0?s=96&#038;r=g&#038;d=mm\",\"contentUrl\":\"\\\/\\\/www.gravatar.com\\\/avatar\\\/87bbae3f4d7a4d7a2ce1499d0bf99cc0?s=96&#038;r=g&#038;d=mm\",\"caption\":\"Meagan\"},\"sameAs\":[\"http:\\\/\\\/WEKH\"],\"url\":\"https:\\\/\\\/wekh.ca\\\/fr\\\/author\\\/meagan\\\/\"}]}<\/script>\n<!-- \/ Yoast SEO plugin. -->","yoast_head_json":{"title":"Connected in Colour : r\u00e9union virtuelle de femmes entrepreneures de divers horizons - WEKH-PCFE","robots":{"index":"index","follow":"follow","max-snippet":"max-snippet:-1","max-image-preview":"max-image-preview:large","max-video-preview":"max-video-preview:-1"},"canonical":"https:\/\/wekh.ca\/connected-in-colour-diverse-women-entrepreneurs-meet-online\/","og_locale":"fr_FR","og_type":"article","og_title":"Connected in Colour : r\u00e9union virtuelle de femmes entrepreneures de divers horizons - WEKH-PCFE","og_description":"&hellip;","og_url":"https:\/\/wekh.ca\/connected-in-colour-diverse-women-entrepreneurs-meet-online\/","og_site_name":"WEKH-PCFE","article_published_time":"2020-07-29T15:47:47+00:00","article_modified_time":"2024-10-31T15:47:25+00:00","og_image":[{"width":1024,"height":576,"url":"https:\/\/wekh.ca\/wp-content\/uploads\/2024\/10\/two-women-looking-at-macbook-16x9-2-1-1024x576.png","type":"image\/png"}],"author":"Meagan","twitter_card":"summary_large_image","twitter_misc":{"\u00c9crit par":"Meagan","Dur\u00e9e de lecture estim\u00e9e":"4 minutes"},"schema":{"@context":"https:\/\/schema.org","@graph":[{"@type":"Article","@id":"https:\/\/wekh.ca\/connected-in-colour-diverse-women-entrepreneurs-meet-online\/#article","isPartOf":{"@id":"https:\/\/wekh.ca\/connected-in-colour-diverse-women-entrepreneurs-meet-online\/"},"author":{"name":"Meagan","@id":"https:\/\/wekh.ca\/#\/schema\/person\/61077482980d9700e49539afc53327be"},"headline":"Connected in Colour : r\u00e9union virtuelle de femmes entrepreneures de divers horizons","datePublished":"2020-07-29T15:47:47+00:00","dateModified":"2024-10-31T15:47:25+00:00","mainEntityOfPage":{"@id":"https:\/\/wekh.ca\/connected-in-colour-diverse-women-entrepreneurs-meet-online\/"},"wordCount":799,"publisher":{"@id":"https:\/\/wekh.ca\/#organization"},"image":{"@id":"https:\/\/wekh.ca\/connected-in-colour-diverse-women-entrepreneurs-meet-online\/#primaryimage"},"thumbnailUrl":"https:\/\/wekh.ca\/wp-content\/uploads\/2024\/10\/two-women-looking-at-macbook-16x9-2-1.png","articleSection":["\u00c9v\u00e9nements"],"inLanguage":"fr-FR"},{"@type":"WebPage","@id":"https:\/\/wekh.ca\/connected-in-colour-diverse-women-entrepreneurs-meet-online\/","url":"https:\/\/wekh.ca\/connected-in-colour-diverse-women-entrepreneurs-meet-online\/","name":"Connected in Colour : r\u00e9union virtuelle de femmes entrepreneures de divers horizons - WEKH-PCFE","isPartOf":{"@id":"https:\/\/wekh.ca\/#website"},"primaryImageOfPage":{"@id":"https:\/\/wekh.ca\/connected-in-colour-diverse-women-entrepreneurs-meet-online\/#primaryimage"},"image":{"@id":"https:\/\/wekh.ca\/connected-in-colour-diverse-women-entrepreneurs-meet-online\/#primaryimage"},"thumbnailUrl":"https:\/\/wekh.ca\/wp-content\/uploads\/2024\/10\/two-women-looking-at-macbook-16x9-2-1.png","datePublished":"2020-07-29T15:47:47+00:00","dateModified":"2024-10-31T15:47:25+00:00","breadcrumb":{"@id":"https:\/\/wekh.ca\/connected-in-colour-diverse-women-entrepreneurs-meet-online\/#breadcrumb"},"inLanguage":"fr-FR","potentialAction":[{"@type":"ReadAction","target":["https:\/\/wekh.ca\/connected-in-colour-diverse-women-entrepreneurs-meet-online\/"]}]},{"@type":"ImageObject","inLanguage":"fr-FR","@id":"https:\/\/wekh.ca\/connected-in-colour-diverse-women-entrepreneurs-meet-online\/#primaryimage","url":"https:\/\/wekh.ca\/wp-content\/uploads\/2024\/10\/two-women-looking-at-macbook-16x9-2-1.png","contentUrl":"https:\/\/wekh.ca\/wp-content\/uploads\/2024\/10\/two-women-looking-at-macbook-16x9-2-1.png","width":4096,"height":2303},{"@type":"BreadcrumbList","@id":"https:\/\/wekh.ca\/connected-in-colour-diverse-women-entrepreneurs-meet-online\/#breadcrumb","itemListElement":[{"@type":"ListItem","position":1,"name":"Home","item":"https:\/\/wekh.ca\/"},{"@type":"ListItem","position":2,"name":"Connected in Colour : r\u00e9union virtuelle de femmes entrepreneures de divers horizons"}]},{"@type":"WebSite","@id":"https:\/\/wekh.ca\/#website","url":"https:\/\/wekh.ca\/","name":"WEKH-PCFE","description":"Women Entrepreneurship Knowledge Hub","publisher":{"@id":"https:\/\/wekh.ca\/#organization"},"potentialAction":[{"@type":"SearchAction","target":{"@type":"EntryPoint","urlTemplate":"https:\/\/wekh.ca\/?s={search_term_string}"},"query-input":{"@type":"PropertyValueSpecification","valueRequired":true,"valueName":"search_term_string"}}],"inLanguage":"fr-FR"},{"@type":"Organization","@id":"https:\/\/wekh.ca\/#organization","name":"WEKH-PCFE","url":"https:\/\/wekh.ca\/","logo":{"@type":"ImageObject","inLanguage":"fr-FR","@id":"https:\/\/wekh.ca\/#\/schema\/logo\/image\/","url":"https:\/\/wekh.ca\/wp-content\/uploads\/2024\/09\/Wekh-PCFE-Logo.png","contentUrl":"https:\/\/wekh.ca\/wp-content\/uploads\/2024\/09\/Wekh-PCFE-Logo.png","width":917,"height":498,"caption":"WEKH-PCFE"},"image":{"@id":"https:\/\/wekh.ca\/#\/schema\/logo\/image\/"}},{"@type":"Person","@id":"https:\/\/wekh.ca\/#\/schema\/person\/61077482980d9700e49539afc53327be","name":"Meagan","image":{"@type":"ImageObject","inLanguage":"fr-FR","@id":"\/\/www.gravatar.com\/avatar\/87bbae3f4d7a4d7a2ce1499d0bf99cc0?s=96&#038;r=g&#038;d=mm","url":"\/\/www.gravatar.com\/avatar\/87bbae3f4d7a4d7a2ce1499d0bf99cc0?s=96&#038;r=g&#038;d=mm","contentUrl":"\/\/www.gravatar.com\/avatar\/87bbae3f4d7a4d7a2ce1499d0bf99cc0?s=96&#038;r=g&#038;d=mm","caption":"Meagan"},"sameAs":["http:\/\/WEKH"],"url":"https:\/\/wekh.ca\/fr\/author\/meagan\/"}]}},"_links":{"self":[{"href":"https:\/\/wekh.ca\/fr\/wp-json\/wp\/v2\/posts\/105605","targetHints":{"allow":["GET"]}}],"collection":[{"href":"https:\/\/wekh.ca\/fr\/wp-json\/wp\/v2\/posts"}],"about":[{"href":"https:\/\/wekh.ca\/fr\/wp-json\/wp\/v2\/types\/post"}],"author":[{"embeddable":true,"href":"https:\/\/wekh.ca\/fr\/wp-json\/wp\/v2\/users\/7749"}],"replies":[{"embeddable":true,"href":"https:\/\/wekh.ca\/fr\/wp-json\/wp\/v2\/comments?post=105605"}],"version-history":[{"count":1,"href":"https:\/\/wekh.ca\/fr\/wp-json\/wp\/v2\/posts\/105605\/revisions"}],"predecessor-version":[{"id":105613,"href":"https:\/\/wekh.ca\/fr\/wp-json\/wp\/v2\/posts\/105605\/revisions\/105613"}],"wp:featuredmedia":[{"embeddable":true,"href":"https:\/\/wekh.ca\/fr\/wp-json\/wp\/v2\/media\/105255"}],"wp:attachment":[{"href":"https:\/\/wekh.ca\/fr\/wp-json\/wp\/v2\/media?parent=105605"}],"wp:term":[{"taxonomy":"category","embeddable":true,"href":"https:\/\/wekh.ca\/fr\/wp-json\/wp\/v2\/categories?post=105605"},{"taxonomy":"post_tag","embeddable":true,"href":"https:\/\/wekh.ca\/fr\/wp-json\/wp\/v2\/tags?post=105605"}],"curies":[{"name":"wp","href":"https:\/\/api.w.org\/{rel}","templated":true}]}}