{"id":105622,"date":"2019-06-12T16:50:00","date_gmt":"2019-06-12T20:50:00","guid":{"rendered":"https:\/\/wekh.ca\/?p=105622"},"modified":"2024-10-31T11:47:38","modified_gmt":"2024-10-31T15:47:38","slug":"lancement-dun-centre-regional-du-pcfe-a-impact-hub-ottawa","status":"publish","type":"post","link":"https:\/\/wekh.ca\/fr\/lancement-dun-centre-regional-du-pcfe-a-impact-hub-ottawa\/","title":{"rendered":"Lancement d\u2019un centre r\u00e9gional du PCFE \u00e0 Impact Hub Ottawa"},"content":{"rendered":"<?xml encoding=\"utf-8\" ?><p role=\"heading\">Le 12 juin, le Diversity Institute de l&rsquo;Universit&eacute; Ryerson a c&eacute;l&eacute;br&eacute; le lancement du PCFE &agrave; Impact Hub Ottawa, avec les centres r&eacute;gionaux de l&rsquo;Universit&eacute; Carleton et du PARO &ndash; Centre pour l&rsquo;entreprise des femmes.<\/p><p role=\"heading\">L&rsquo;honorable Mary Ng, ministre de la Petite Entreprise, de la Promotion des exportations et du Commerce international, et plus de 150 entrepreneurs, intrapreneurs, chercheurs, fournisseurs de services et champions de la diversit&eacute; et de l&rsquo;inclusion issus de diff&eacute;rents secteurs se sont r&eacute;unis pour braquer les projecteurs sur certaines perspectives au sein de l&rsquo;&eacute;cosyst&egrave;me entrepreneurial.<\/p><p role=\"heading\">Au cours de discussions anim&eacute;es entre experts, de s&eacute;ances int&eacute;ressantes en ateliers et de pr&eacute;sentations &eacute;clair, les invit&eacute;s ont pu acqu&eacute;rir une meilleure compr&eacute;hension des d&eacute;fis et des possibilit&eacute;s pour renforcer l&rsquo;inclusion dans l&rsquo;entrepreneuriat de notre r&eacute;gion.&nbsp;<\/p><p role=\"heading\">Les femmes canadiennes cr&eacute;ent plus d&rsquo;entreprises que les femmes des autres pays, et pourtant elles continuent de se heurter &agrave; des obstacles uniques en tant qu&rsquo;entrepreneures.<\/p><p role=\"heading\">Dirig&eacute; par le <a href=\"https:\/\/www.ryerson.ca\/diversity\/\" target=\"_blank\" rel=\"noreferrer noopener\">Diversity Institute de l&rsquo;Universit&eacute; Ryerson<\/a>, le <a href=\"https:\/\/brookfieldinstitute.ca\/\" target=\"_blank\" rel=\"noreferrer noopener\">Brookfield Institute for Innovation + Entrepreneurship<\/a> et la <a href=\"https:\/\/www.ryerson.ca\/tedrogersschool\/\" target=\"_blank\" rel=\"noreferrer noopener\">Ted Rogers School of Management<\/a>, et avec le soutien de plus de 50&nbsp;organismes partenaires, le <a href=\"https:\/\/www.ryerson.ca\/diversity\/projects\/wekh\/\" target=\"_blank\" rel=\"noreferrer noopener\">Portail de connaissances pour les femmes en entrepreneuriat<\/a> (PCFE) forme un r&eacute;seau national de chercheurs, d&rsquo;organismes de soutien aux entreprises et d&rsquo;intervenants cl&eacute;s ayant pour objectif de r&eacute;duire les obstacles et de stimuler l&rsquo;esprit d&rsquo;entreprise f&eacute;minin au Canada.&nbsp;Pour en savoir plus sur le PCFE, rendez-vous sur <a href=\"blank\" target=\"_blank\" rel=\"noreferrer noopener\">pcfe.ca\/a-propos<\/a>.<\/p>\n","protected":false},"excerpt":{"rendered":"<p>&hellip;<\/p>\n","protected":false},"author":7749,"featured_media":105313,"comment_status":"closed","ping_status":"closed","sticky":false,"template":"","format":"standard","meta":{"_acf_changed":false,"_bbp_topic_count":0,"_bbp_reply_count":0,"_bbp_total_topic_count":0,"_bbp_total_reply_count":0,"_bbp_voice_count":0,"_bbp_anonymous_reply_count":0,"_bbp_topic_count_hidden":0,"_bbp_reply_count_hidden":0,"_bbp_forum_subforum_count":0,"footnotes":""},"categories":[6337],"tags":[],"class_list":["post-105622","post","type-post","status-publish","format-standard","has-post-thumbnail","hentry","category-annonce"],"acf":[],"yoast_head":"<!-- This site is optimized with the Yoast SEO plugin v27.5 - https:\/\/yoast.com\/product\/yoast-seo-wordpress\/ -->\n<title>Lancement d\u2019un centre r\u00e9gional du PCFE \u00e0 Impact Hub Ottawa - WEKH-PCFE<\/title>\n<meta name=\"robots\" content=\"index, follow, max-snippet:-1, max-image-preview:large, max-video-preview:-1\" \/>\n<link rel=\"canonical\" href=\"https:\/\/wekh.ca\/wekh-launches-regional-hub-at-impact-hub-ottawa\/\" \/>\n<meta property=\"og:locale\" content=\"fr_FR\" \/>\n<meta property=\"og:type\" content=\"article\" \/>\n<meta property=\"og:title\" content=\"Lancement d\u2019un centre r\u00e9gional du PCFE \u00e0 Impact Hub Ottawa - WEKH-PCFE\" \/>\n<meta property=\"og:description\" content=\"&hellip;\" \/>\n<meta property=\"og:url\" content=\"https:\/\/wekh.ca\/wekh-launches-regional-hub-at-impact-hub-ottawa\/\" \/>\n<meta property=\"og:site_name\" content=\"WEKH-PCFE\" \/>\n<meta property=\"article:published_time\" content=\"2019-06-12T20:50:00+00:00\" \/>\n<meta property=\"article:modified_time\" content=\"2024-10-31T15:47:38+00:00\" \/>\n<meta property=\"og:image\" content=\"https:\/\/wekh.ca\/wp-content\/uploads\/2024\/10\/WEKH_16x9_Cyan.jpg\" \/>\n\t<meta property=\"og:image:width\" content=\"888\" \/>\n\t<meta property=\"og:image:height\" content=\"500\" \/>\n\t<meta property=\"og:image:type\" content=\"image\/jpeg\" \/>\n<meta name=\"author\" content=\"Meagan\" \/>\n<meta name=\"twitter:card\" content=\"summary_large_image\" \/>\n<meta name=\"twitter:label1\" content=\"\u00c9crit par\" \/>\n\t<meta name=\"twitter:data1\" content=\"Meagan\" \/>\n\t<meta name=\"twitter:label2\" content=\"Dur\u00e9e de lecture estim\u00e9e\" \/>\n\t<meta name=\"twitter:data2\" content=\"1 minute\" \/>\n<script type=\"application\/ld+json\" class=\"yoast-schema-graph\">{\"@context\":\"https:\\\/\\\/schema.org\",\"@graph\":[{\"@type\":\"Article\",\"@id\":\"https:\\\/\\\/wekh.ca\\\/wekh-launches-regional-hub-at-impact-hub-ottawa\\\/#article\",\"isPartOf\":{\"@id\":\"https:\\\/\\\/wekh.ca\\\/wekh-launches-regional-hub-at-impact-hub-ottawa\\\/\"},\"author\":{\"name\":\"Meagan\",\"@id\":\"https:\\\/\\\/wekh.ca\\\/#\\\/schema\\\/person\\\/61077482980d9700e49539afc53327be\"},\"headline\":\"Lancement d\u2019un centre r\u00e9gional du PCFE \u00e0 Impact Hub Ottawa\",\"datePublished\":\"2019-06-12T20:50:00+00:00\",\"dateModified\":\"2024-10-31T15:47:38+00:00\",\"mainEntityOfPage\":{\"@id\":\"https:\\\/\\\/wekh.ca\\\/wekh-launches-regional-hub-at-impact-hub-ottawa\\\/\"},\"wordCount\":277,\"publisher\":{\"@id\":\"https:\\\/\\\/wekh.ca\\\/#organization\"},\"image\":{\"@id\":\"https:\\\/\\\/wekh.ca\\\/wekh-launches-regional-hub-at-impact-hub-ottawa\\\/#primaryimage\"},\"thumbnailUrl\":\"https:\\\/\\\/wekh.ca\\\/wp-content\\\/uploads\\\/2024\\\/10\\\/WEKH_16x9_Cyan.jpg\",\"articleSection\":[\"Annonce\"],\"inLanguage\":\"fr-FR\"},{\"@type\":\"WebPage\",\"@id\":\"https:\\\/\\\/wekh.ca\\\/wekh-launches-regional-hub-at-impact-hub-ottawa\\\/\",\"url\":\"https:\\\/\\\/wekh.ca\\\/wekh-launches-regional-hub-at-impact-hub-ottawa\\\/\",\"name\":\"Lancement d\u2019un centre r\u00e9gional du PCFE \u00e0 Impact Hub Ottawa - WEKH-PCFE\",\"isPartOf\":{\"@id\":\"https:\\\/\\\/wekh.ca\\\/#website\"},\"primaryImageOfPage\":{\"@id\":\"https:\\\/\\\/wekh.ca\\\/wekh-launches-regional-hub-at-impact-hub-ottawa\\\/#primaryimage\"},\"image\":{\"@id\":\"https:\\\/\\\/wekh.ca\\\/wekh-launches-regional-hub-at-impact-hub-ottawa\\\/#primaryimage\"},\"thumbnailUrl\":\"https:\\\/\\\/wekh.ca\\\/wp-content\\\/uploads\\\/2024\\\/10\\\/WEKH_16x9_Cyan.jpg\",\"datePublished\":\"2019-06-12T20:50:00+00:00\",\"dateModified\":\"2024-10-31T15:47:38+00:00\",\"breadcrumb\":{\"@id\":\"https:\\\/\\\/wekh.ca\\\/wekh-launches-regional-hub-at-impact-hub-ottawa\\\/#breadcrumb\"},\"inLanguage\":\"fr-FR\",\"potentialAction\":[{\"@type\":\"ReadAction\",\"target\":[\"https:\\\/\\\/wekh.ca\\\/wekh-launches-regional-hub-at-impact-hub-ottawa\\\/\"]}]},{\"@type\":\"ImageObject\",\"inLanguage\":\"fr-FR\",\"@id\":\"https:\\\/\\\/wekh.ca\\\/wekh-launches-regional-hub-at-impact-hub-ottawa\\\/#primaryimage\",\"url\":\"https:\\\/\\\/wekh.ca\\\/wp-content\\\/uploads\\\/2024\\\/10\\\/WEKH_16x9_Cyan.jpg\",\"contentUrl\":\"https:\\\/\\\/wekh.ca\\\/wp-content\\\/uploads\\\/2024\\\/10\\\/WEKH_16x9_Cyan.jpg\",\"width\":888,\"height\":500},{\"@type\":\"BreadcrumbList\",\"@id\":\"https:\\\/\\\/wekh.ca\\\/wekh-launches-regional-hub-at-impact-hub-ottawa\\\/#breadcrumb\",\"itemListElement\":[{\"@type\":\"ListItem\",\"position\":1,\"name\":\"Home\",\"item\":\"https:\\\/\\\/wekh.ca\\\/\"},{\"@type\":\"ListItem\",\"position\":2,\"name\":\"Lancement d\u2019un centre r\u00e9gional du PCFE \u00e0 Impact Hub Ottawa\"}]},{\"@type\":\"WebSite\",\"@id\":\"https:\\\/\\\/wekh.ca\\\/#website\",\"url\":\"https:\\\/\\\/wekh.ca\\\/\",\"name\":\"WEKH-PCFE\",\"description\":\"Women Entrepreneurship Knowledge Hub\",\"publisher\":{\"@id\":\"https:\\\/\\\/wekh.ca\\\/#organization\"},\"potentialAction\":[{\"@type\":\"SearchAction\",\"target\":{\"@type\":\"EntryPoint\",\"urlTemplate\":\"https:\\\/\\\/wekh.ca\\\/?s={search_term_string}\"},\"query-input\":{\"@type\":\"PropertyValueSpecification\",\"valueRequired\":true,\"valueName\":\"search_term_string\"}}],\"inLanguage\":\"fr-FR\"},{\"@type\":\"Organization\",\"@id\":\"https:\\\/\\\/wekh.ca\\\/#organization\",\"name\":\"WEKH-PCFE\",\"url\":\"https:\\\/\\\/wekh.ca\\\/\",\"logo\":{\"@type\":\"ImageObject\",\"inLanguage\":\"fr-FR\",\"@id\":\"https:\\\/\\\/wekh.ca\\\/#\\\/schema\\\/logo\\\/image\\\/\",\"url\":\"https:\\\/\\\/wekh.ca\\\/wp-content\\\/uploads\\\/2024\\\/09\\\/Wekh-PCFE-Logo.png\",\"contentUrl\":\"https:\\\/\\\/wekh.ca\\\/wp-content\\\/uploads\\\/2024\\\/09\\\/Wekh-PCFE-Logo.png\",\"width\":917,\"height\":498,\"caption\":\"WEKH-PCFE\"},\"image\":{\"@id\":\"https:\\\/\\\/wekh.ca\\\/#\\\/schema\\\/logo\\\/image\\\/\"}},{\"@type\":\"Person\",\"@id\":\"https:\\\/\\\/wekh.ca\\\/#\\\/schema\\\/person\\\/61077482980d9700e49539afc53327be\",\"name\":\"Meagan\",\"image\":{\"@type\":\"ImageObject\",\"inLanguage\":\"fr-FR\",\"@id\":\"\\\/\\\/www.gravatar.com\\\/avatar\\\/87bbae3f4d7a4d7a2ce1499d0bf99cc0?s=96&#038;r=g&#038;d=mm\",\"url\":\"\\\/\\\/www.gravatar.com\\\/avatar\\\/87bbae3f4d7a4d7a2ce1499d0bf99cc0?s=96&#038;r=g&#038;d=mm\",\"contentUrl\":\"\\\/\\\/www.gravatar.com\\\/avatar\\\/87bbae3f4d7a4d7a2ce1499d0bf99cc0?s=96&#038;r=g&#038;d=mm\",\"caption\":\"Meagan\"},\"sameAs\":[\"http:\\\/\\\/WEKH\"],\"url\":\"https:\\\/\\\/wekh.ca\\\/fr\\\/author\\\/meagan\\\/\"}]}<\/script>\n<!-- \/ Yoast SEO plugin. -->","yoast_head_json":{"title":"Lancement d\u2019un centre r\u00e9gional du PCFE \u00e0 Impact Hub Ottawa - WEKH-PCFE","robots":{"index":"index","follow":"follow","max-snippet":"max-snippet:-1","max-image-preview":"max-image-preview:large","max-video-preview":"max-video-preview:-1"},"canonical":"https:\/\/wekh.ca\/wekh-launches-regional-hub-at-impact-hub-ottawa\/","og_locale":"fr_FR","og_type":"article","og_title":"Lancement d\u2019un centre r\u00e9gional du PCFE \u00e0 Impact Hub Ottawa - WEKH-PCFE","og_description":"&hellip;","og_url":"https:\/\/wekh.ca\/wekh-launches-regional-hub-at-impact-hub-ottawa\/","og_site_name":"WEKH-PCFE","article_published_time":"2019-06-12T20:50:00+00:00","article_modified_time":"2024-10-31T15:47:38+00:00","og_image":[{"width":888,"height":500,"url":"https:\/\/wekh.ca\/wp-content\/uploads\/2024\/10\/WEKH_16x9_Cyan.jpg","type":"image\/jpeg"}],"author":"Meagan","twitter_card":"summary_large_image","twitter_misc":{"\u00c9crit par":"Meagan","Dur\u00e9e de lecture estim\u00e9e":"1 minute"},"schema":{"@context":"https:\/\/schema.org","@graph":[{"@type":"Article","@id":"https:\/\/wekh.ca\/wekh-launches-regional-hub-at-impact-hub-ottawa\/#article","isPartOf":{"@id":"https:\/\/wekh.ca\/wekh-launches-regional-hub-at-impact-hub-ottawa\/"},"author":{"name":"Meagan","@id":"https:\/\/wekh.ca\/#\/schema\/person\/61077482980d9700e49539afc53327be"},"headline":"Lancement d\u2019un centre r\u00e9gional du PCFE \u00e0 Impact Hub Ottawa","datePublished":"2019-06-12T20:50:00+00:00","dateModified":"2024-10-31T15:47:38+00:00","mainEntityOfPage":{"@id":"https:\/\/wekh.ca\/wekh-launches-regional-hub-at-impact-hub-ottawa\/"},"wordCount":277,"publisher":{"@id":"https:\/\/wekh.ca\/#organization"},"image":{"@id":"https:\/\/wekh.ca\/wekh-launches-regional-hub-at-impact-hub-ottawa\/#primaryimage"},"thumbnailUrl":"https:\/\/wekh.ca\/wp-content\/uploads\/2024\/10\/WEKH_16x9_Cyan.jpg","articleSection":["Annonce"],"inLanguage":"fr-FR"},{"@type":"WebPage","@id":"https:\/\/wekh.ca\/wekh-launches-regional-hub-at-impact-hub-ottawa\/","url":"https:\/\/wekh.ca\/wekh-launches-regional-hub-at-impact-hub-ottawa\/","name":"Lancement d\u2019un centre r\u00e9gional du PCFE \u00e0 Impact Hub Ottawa - WEKH-PCFE","isPartOf":{"@id":"https:\/\/wekh.ca\/#website"},"primaryImageOfPage":{"@id":"https:\/\/wekh.ca\/wekh-launches-regional-hub-at-impact-hub-ottawa\/#primaryimage"},"image":{"@id":"https:\/\/wekh.ca\/wekh-launches-regional-hub-at-impact-hub-ottawa\/#primaryimage"},"thumbnailUrl":"https:\/\/wekh.ca\/wp-content\/uploads\/2024\/10\/WEKH_16x9_Cyan.jpg","datePublished":"2019-06-12T20:50:00+00:00","dateModified":"2024-10-31T15:47:38+00:00","breadcrumb":{"@id":"https:\/\/wekh.ca\/wekh-launches-regional-hub-at-impact-hub-ottawa\/#breadcrumb"},"inLanguage":"fr-FR","potentialAction":[{"@type":"ReadAction","target":["https:\/\/wekh.ca\/wekh-launches-regional-hub-at-impact-hub-ottawa\/"]}]},{"@type":"ImageObject","inLanguage":"fr-FR","@id":"https:\/\/wekh.ca\/wekh-launches-regional-hub-at-impact-hub-ottawa\/#primaryimage","url":"https:\/\/wekh.ca\/wp-content\/uploads\/2024\/10\/WEKH_16x9_Cyan.jpg","contentUrl":"https:\/\/wekh.ca\/wp-content\/uploads\/2024\/10\/WEKH_16x9_Cyan.jpg","width":888,"height":500},{"@type":"BreadcrumbList","@id":"https:\/\/wekh.ca\/wekh-launches-regional-hub-at-impact-hub-ottawa\/#breadcrumb","itemListElement":[{"@type":"ListItem","position":1,"name":"Home","item":"https:\/\/wekh.ca\/"},{"@type":"ListItem","position":2,"name":"Lancement d\u2019un centre r\u00e9gional du PCFE \u00e0 Impact Hub Ottawa"}]},{"@type":"WebSite","@id":"https:\/\/wekh.ca\/#website","url":"https:\/\/wekh.ca\/","name":"WEKH-PCFE","description":"Women Entrepreneurship Knowledge Hub","publisher":{"@id":"https:\/\/wekh.ca\/#organization"},"potentialAction":[{"@type":"SearchAction","target":{"@type":"EntryPoint","urlTemplate":"https:\/\/wekh.ca\/?s={search_term_string}"},"query-input":{"@type":"PropertyValueSpecification","valueRequired":true,"valueName":"search_term_string"}}],"inLanguage":"fr-FR"},{"@type":"Organization","@id":"https:\/\/wekh.ca\/#organization","name":"WEKH-PCFE","url":"https:\/\/wekh.ca\/","logo":{"@type":"ImageObject","inLanguage":"fr-FR","@id":"https:\/\/wekh.ca\/#\/schema\/logo\/image\/","url":"https:\/\/wekh.ca\/wp-content\/uploads\/2024\/09\/Wekh-PCFE-Logo.png","contentUrl":"https:\/\/wekh.ca\/wp-content\/uploads\/2024\/09\/Wekh-PCFE-Logo.png","width":917,"height":498,"caption":"WEKH-PCFE"},"image":{"@id":"https:\/\/wekh.ca\/#\/schema\/logo\/image\/"}},{"@type":"Person","@id":"https:\/\/wekh.ca\/#\/schema\/person\/61077482980d9700e49539afc53327be","name":"Meagan","image":{"@type":"ImageObject","inLanguage":"fr-FR","@id":"\/\/www.gravatar.com\/avatar\/87bbae3f4d7a4d7a2ce1499d0bf99cc0?s=96&#038;r=g&#038;d=mm","url":"\/\/www.gravatar.com\/avatar\/87bbae3f4d7a4d7a2ce1499d0bf99cc0?s=96&#038;r=g&#038;d=mm","contentUrl":"\/\/www.gravatar.com\/avatar\/87bbae3f4d7a4d7a2ce1499d0bf99cc0?s=96&#038;r=g&#038;d=mm","caption":"Meagan"},"sameAs":["http:\/\/WEKH"],"url":"https:\/\/wekh.ca\/fr\/author\/meagan\/"}]}},"_links":{"self":[{"href":"https:\/\/wekh.ca\/fr\/wp-json\/wp\/v2\/posts\/105622","targetHints":{"allow":["GET"]}}],"collection":[{"href":"https:\/\/wekh.ca\/fr\/wp-json\/wp\/v2\/posts"}],"about":[{"href":"https:\/\/wekh.ca\/fr\/wp-json\/wp\/v2\/types\/post"}],"author":[{"embeddable":true,"href":"https:\/\/wekh.ca\/fr\/wp-json\/wp\/v2\/users\/7749"}],"replies":[{"embeddable":true,"href":"https:\/\/wekh.ca\/fr\/wp-json\/wp\/v2\/comments?post=105622"}],"version-history":[{"count":1,"href":"https:\/\/wekh.ca\/fr\/wp-json\/wp\/v2\/posts\/105622\/revisions"}],"predecessor-version":[{"id":105627,"href":"https:\/\/wekh.ca\/fr\/wp-json\/wp\/v2\/posts\/105622\/revisions\/105627"}],"wp:featuredmedia":[{"embeddable":true,"href":"https:\/\/wekh.ca\/fr\/wp-json\/wp\/v2\/media\/105313"}],"wp:attachment":[{"href":"https:\/\/wekh.ca\/fr\/wp-json\/wp\/v2\/media?parent=105622"}],"wp:term":[{"taxonomy":"category","embeddable":true,"href":"https:\/\/wekh.ca\/fr\/wp-json\/wp\/v2\/categories?post=105622"},{"taxonomy":"post_tag","embeddable":true,"href":"https:\/\/wekh.ca\/fr\/wp-json\/wp\/v2\/tags?post=105622"}],"curies":[{"name":"wp","href":"https:\/\/api.w.org\/{rel}","templated":true}]}}