{"id":140871,"date":"2025-05-29T00:00:00","date_gmt":"2025-05-29T04:00:00","guid":{"rendered":"https:\/\/wekh.ca\/liberer-le-potentiel-des-chaines-dapprovisionnement-inclusives-faits-saillants-du-panel-sur-la-diversite-des-fournisseurs-au-sommet-national-de-weoc-2025\/"},"modified":"2025-12-01T17:14:46","modified_gmt":"2025-12-01T22:14:46","slug":"liberer-le-potentiel-des-chaines-dapprovisionnement-inclusives-faits-saillants-du-panel-sur-la-diversite-des-fournisseurs-au-sommet-national-de-weoc-2025","status":"publish","type":"post","link":"https:\/\/wekh.ca\/fr\/liberer-le-potentiel-des-chaines-dapprovisionnement-inclusives-faits-saillants-du-panel-sur-la-diversite-des-fournisseurs-au-sommet-national-de-weoc-2025\/","title":{"rendered":"Lib\u00e9rer le potentiel des cha\u00eenes d\u2019approvisionnement inclusives : faits saillants du panel sur la diversit\u00e9 des fournisseurs au Sommet national de WEOC\u00a02025"},"content":{"rendered":"<?xml encoding=\"utf-8\" ?><figure class=\"wp-block-image size-full is-resized\"><figcaption class=\"wp-element-caption\"><em role=\"heading\">De gauche &agrave; droite : Ruth Vachon, pr&eacute;sidente-directrice g&eacute;n&eacute;rale, R&eacute;seau des Femmes d&rsquo;Affaires du Qu&eacute;bec ; Darrell Schuurman, cofondateur et pr&eacute;sident-directeur g&eacute;n&eacute;ral, Chambre de commerce 2SLGBTQI+ du Canada ; Danielle Barkman, directrice du marketing et de la croissance des affaires, Women Business Enterprises Canada Council ; Christina Rodrigues, chef de l&rsquo;exploitation, Conseil canadien des fournisseurs autochtones et minoritaires ; Sabine Soumare, directrice g&eacute;n&eacute;rale, Portail de Connaissances pour les Femmes en Entrepreneuriat (PCFE)<\/em><\/figcaption><\/figure><p role=\"heading\">Le 8 mai dernier, des leaders de l&rsquo;&eacute;cosyst&egrave;me entrepreneurial, des entrepreneures ainsi que des actrices et acteurs du changement provenant de l&rsquo;ensemble du Canada se sont r&eacute;unis &agrave; Winnipeg dans le cadre du <a href=\"https:\/\/weoc.ca\/fr\/\" target=\"_blank\" rel=\"noopener noreferrer nofollow\">Sommet national du WEOC<\/a> 2025 afin de faire avancer des strat&eacute;gies visant &agrave; b&acirc;tir une &eacute;conomie plus inclusive et plus r&eacute;siliente.<\/p><p role=\"heading\">Parmi les discussions les plus percutantes de la journ&eacute;e figurait le panel sur la diversit&eacute; des fournisseurs, anim&eacute; par Sabine Soumare, directrice g&eacute;n&eacute;rale du<a href=\"https:\/\/wekh.ca\/?lang=fr\"> Portail de Connaissances pour les Femmes en Entrepreneuriat<\/a> (PCFE).<\/p><p role=\"heading\">Le panel rassemblait Christina Rodrigues (Conseil canadien des fournisseurs autochtones et minoritaires), Danielle Barkman (Women Business Enterprises Canada Council), Darrell Schuurman (Chambre de commerce 2SLGBTQI+ du Canada) et Ruth Vachon (R&eacute;seau des Femmes d&rsquo;Affaires du Qu&eacute;bec). Ensemble, ils ont explor&eacute; la mani&egrave;re dont la diversit&eacute; des fournisseurs, soit la pratique d&rsquo;un approvisionnement intentionnel aupr&egrave;s d&rsquo;entreprises dirig&eacute;es par des femmes, des personnes autochtones, racis&eacute;es, 2SLGBTQI+ et d&rsquo;autres groupes historiquement sous-repr&eacute;sent&eacute;s, constitue bien plus qu&rsquo;un engagement social. C&rsquo;est une v&eacute;ritable strat&eacute;gie d&rsquo;affaires qui stimule l&rsquo;innovation et renforce la r&eacute;silience des cha&icirc;nes d&rsquo;approvisionnement.<\/p><p role=\"heading\">En d&eacute;pit de l&rsquo;avanc&eacute;e des initiatives, les pan&eacute;listes ont soulign&eacute; que des barri&egrave;res syst&eacute;miques continuent de freiner la pleine participation des fournisseurs issus de la diversit&eacute;. Christina Rodrigues a not&eacute; que les processus d&rsquo;appel d&rsquo;offres sont souvent trop complexes et exigeants en ressources, ce qui repr&eacute;sente un d&eacute;fi de taille pour les petites entreprises et celles dirig&eacute;es par des femmes. Elle a &eacute;galement soulign&eacute; que les d&eacute;lais de paiement prolong&eacute;s constituent un obstacle majeur &agrave; la viabilit&eacute; financi&egrave;re de ces fournisseurs.<\/p><p role=\"heading\">Danielle Barkman a cit&eacute; les r&eacute;sultats d&rsquo;un rapport r&eacute;cent du <a href=\"https:\/\/wbecanada.ca\/fr\/\" target=\"_blank\" rel=\"noopener noreferrer nofollow\">Women Business Enterprises Canada Council<\/a> (WBE Canada), qui a mis en lumi&egrave;re les principaux obstacles auxquels font face les entrepreneures. Parmi ceux-ci figurent le manque de ressources, la forte concurrence des grandes entreprises, les st&eacute;r&eacute;otypes li&eacute;s au genre, un acc&egrave;s limit&eacute; au capital, une perception de l&rsquo;aversion au risque ainsi qu&rsquo;un manque de mentors f&eacute;minins capables de les guider dans les cha&icirc;nes d&rsquo;approvisionnement des grandes entreprises.<\/p><p role=\"heading\">Darrell Schuurman a ajout&eacute; que de nombreux entrepreneurs 2SLGBTQI+ choisissent de ne pas s&rsquo;auto-identifier par crainte de discrimination, ce qui r&eacute;duit leur visibilit&eacute; dans les processus d&rsquo;approvisionnement, malgr&eacute; l&rsquo;existence de programmes con&ccedil;us pour les soutenir.<\/p><p role=\"heading\">Dans une d&eacute;marche prospective, Ruth Vachon a pr&eacute;sent&eacute; l&rsquo;approche proactive adopt&eacute;e par le R&eacute;seau des Femmes d&rsquo;Affaires du Qu&eacute;bec (RFAQ) gr&acirc;ce au Projet de croissance inclusive Ma&iuml;a, lanc&eacute; en mars 2024 gr&acirc;ce &agrave; un financement f&eacute;d&eacute;ral de 3,7 millions de dollars provenant du<a href=\"https:\/\/ised-isde.canada.ca\/site\/fonds-ecosysteme-sfe\/fr\" target=\"_blank\" rel=\"noopener noreferrer nofollow\"> Fonds de l&rsquo;&eacute;cosyst&egrave;me de la Strat&eacute;gie pour les femmes en entrepreneuriat (SFE)<\/a>. Ce projet vise &agrave; sensibiliser les entreprises aux avantages commerciaux li&eacute;s &agrave; la diversit&eacute; des fournisseurs, tout en offrant de la formation et du soutien aux entrepreneures qui souhaitent int&eacute;grer les cha&icirc;nes d&rsquo;approvisionnement. Ce travail r&eacute;pond directement aux lacunes identifi&eacute;es dans le sommaire ex&eacute;cutif 2025 de <a href=\"https:\/\/wekh.ca\/research\/etat-des-lieux-de-lentrepreneuriat-feminin-au-canada-2025-resume\/?lang=fr\">L&rsquo;&eacute;tat des lieux de l&rsquo;entrepreneuriat f&eacute;minin au Canada<\/a>, qui r&eacute;v&egrave;le que, malgr&eacute; une contribution de plus de 90 milliards de dollars &agrave; l&rsquo;&eacute;conomie et la cr&eacute;ation de plus de 865 000 emplois, les entrepreneures demeurent sous-repr&eacute;sent&eacute;es au sein des processus d&rsquo;approvisionnement &agrave; l&rsquo;&eacute;chelle du pays.<\/p><p role=\"heading\">Le panel s&rsquo;est &eacute;galement pench&eacute; sur les grandes tendances du march&eacute;, notamment le recul pr&eacute;occupant de certains programmes de diversit&eacute; des fournisseurs chez des entreprises am&eacute;ricaines. Bien qu&rsquo;elle reconnaisse les risques associ&eacute;s &agrave; ce ph&eacute;nom&egrave;ne, Ruth Vachon y voit un appel &agrave; l&rsquo;action : une occasion pour les organisations canadiennes de montrer l&rsquo;exemple et de promouvoir le d&eacute;veloppement de cha&icirc;nes d&rsquo;approvisionnement inclusives.<\/p><p role=\"heading\">En cl&ocirc;ture de s&eacute;ance, Sabine Soumare a rappel&eacute; aux participantes et participants que le changement r&eacute;el et durable repose sur une collaboration &eacute;troite entre les gouvernements, les entreprises et l&rsquo;ensemble de l&rsquo;&eacute;cosyst&egrave;me entrepreneurial. Elle a soulign&eacute; que la diversit&eacute; des fournisseurs ne constitue pas une tendance passag&egrave;re, mais bien une voie essentielle pour b&acirc;tir une &eacute;conomie plus forte, inclusive et r&eacute;siliente au b&eacute;n&eacute;fice de toutes et tous au Canada.<\/p>\n","protected":false},"excerpt":{"rendered":"<p>&hellip;<\/p>\n","protected":false},"author":8230,"featured_media":140868,"comment_status":"open","ping_status":"open","sticky":false,"template":"","format":"standard","meta":{"_acf_changed":false,"_bbp_topic_count":0,"_bbp_reply_count":0,"_bbp_total_topic_count":0,"_bbp_total_reply_count":0,"_bbp_voice_count":0,"_bbp_anonymous_reply_count":0,"_bbp_topic_count_hidden":0,"_bbp_reply_count_hidden":0,"_bbp_forum_subforum_count":0,"footnotes":""},"categories":[6331,6329],"tags":[],"class_list":["post-140871","post","type-post","status-publish","format-standard","has-post-thumbnail","hentry","category-evenements","category-femmes-entrepreneures"],"acf":[],"yoast_head":"<!-- This site is optimized with the Yoast SEO plugin v27.5 - https:\/\/yoast.com\/product\/yoast-seo-wordpress\/ -->\n<title>Lib\u00e9rer le potentiel des cha\u00eenes d\u2019approvisionnement inclusives : faits saillants du panel sur la diversit\u00e9 des fournisseurs au Sommet national de WEOC\u00a02025 - WEKH-PCFE<\/title>\n<meta name=\"robots\" content=\"index, follow, max-snippet:-1, max-image-preview:large, max-video-preview:-1\" \/>\n<link rel=\"canonical\" href=\"https:\/\/wekh.ca\/liberer-le-potentiel-des-chaines-dapprovisionnement-inclusives-faits-saillants-du-panel-sur-la-diversite-des-fournisseurs-au-sommet-national-de-weoc-2025\/\" \/>\n<meta property=\"og:locale\" content=\"fr_FR\" \/>\n<meta property=\"og:type\" content=\"article\" \/>\n<meta property=\"og:title\" content=\"Lib\u00e9rer le potentiel des cha\u00eenes d\u2019approvisionnement inclusives : faits saillants du panel sur la diversit\u00e9 des fournisseurs au Sommet national de WEOC\u00a02025 - WEKH-PCFE\" \/>\n<meta property=\"og:description\" content=\"&hellip;\" \/>\n<meta property=\"og:url\" content=\"https:\/\/wekh.ca\/liberer-le-potentiel-des-chaines-dapprovisionnement-inclusives-faits-saillants-du-panel-sur-la-diversite-des-fournisseurs-au-sommet-national-de-weoc-2025\/\" \/>\n<meta property=\"og:site_name\" content=\"WEKH-PCFE\" \/>\n<meta property=\"article:published_time\" content=\"2025-05-29T04:00:00+00:00\" \/>\n<meta property=\"article:modified_time\" content=\"2025-12-01T22:14:46+00:00\" \/>\n<meta property=\"og:image\" content=\"https:\/\/wekh.ca\/wp-content\/uploads\/2025\/12\/WEKH-WEOC-Panel.jpg\" \/>\n\t<meta property=\"og:image:width\" content=\"624\" \/>\n\t<meta property=\"og:image:height\" content=\"416\" \/>\n\t<meta property=\"og:image:type\" content=\"image\/jpeg\" \/>\n<meta name=\"author\" content=\"Deirdre O&#039;Beirne-Rosaeg\" \/>\n<meta name=\"twitter:card\" content=\"summary_large_image\" \/>\n<meta name=\"twitter:label1\" content=\"\u00c9crit par\" \/>\n\t<meta name=\"twitter:data1\" content=\"Deirdre O&#039;Beirne-Rosaeg\" \/>\n\t<meta name=\"twitter:label2\" content=\"Dur\u00e9e de lecture estim\u00e9e\" \/>\n\t<meta name=\"twitter:data2\" content=\"4 minutes\" \/>\n<script type=\"application\/ld+json\" class=\"yoast-schema-graph\">{\"@context\":\"https:\\\/\\\/schema.org\",\"@graph\":[{\"@type\":\"Article\",\"@id\":\"https:\\\/\\\/wekh.ca\\\/liberer-le-potentiel-des-chaines-dapprovisionnement-inclusives-faits-saillants-du-panel-sur-la-diversite-des-fournisseurs-au-sommet-national-de-weoc-2025\\\/#article\",\"isPartOf\":{\"@id\":\"https:\\\/\\\/wekh.ca\\\/liberer-le-potentiel-des-chaines-dapprovisionnement-inclusives-faits-saillants-du-panel-sur-la-diversite-des-fournisseurs-au-sommet-national-de-weoc-2025\\\/\"},\"author\":{\"name\":\"Deirdre O'Beirne-Rosaeg\",\"@id\":\"https:\\\/\\\/wekh.ca\\\/#\\\/schema\\\/person\\\/0ef71c822bc3208949644604ff2b1bc3\"},\"headline\":\"Lib\u00e9rer le potentiel des cha\u00eenes d\u2019approvisionnement inclusives : faits saillants du panel sur la diversit\u00e9 des fournisseurs au Sommet national de WEOC\u00a02025\",\"datePublished\":\"2025-05-29T04:00:00+00:00\",\"dateModified\":\"2025-12-01T22:14:46+00:00\",\"mainEntityOfPage\":{\"@id\":\"https:\\\/\\\/wekh.ca\\\/liberer-le-potentiel-des-chaines-dapprovisionnement-inclusives-faits-saillants-du-panel-sur-la-diversite-des-fournisseurs-au-sommet-national-de-weoc-2025\\\/\"},\"wordCount\":848,\"commentCount\":0,\"publisher\":{\"@id\":\"https:\\\/\\\/wekh.ca\\\/#organization\"},\"image\":{\"@id\":\"https:\\\/\\\/wekh.ca\\\/liberer-le-potentiel-des-chaines-dapprovisionnement-inclusives-faits-saillants-du-panel-sur-la-diversite-des-fournisseurs-au-sommet-national-de-weoc-2025\\\/#primaryimage\"},\"thumbnailUrl\":\"https:\\\/\\\/wekh.ca\\\/wp-content\\\/uploads\\\/2025\\\/12\\\/WEKH-WEOC-Panel.jpg\",\"articleSection\":[\"\u00c9v\u00e9nements\",\"Femmes Entrepreneures\"],\"inLanguage\":\"fr-FR\",\"potentialAction\":[{\"@type\":\"CommentAction\",\"name\":\"Comment\",\"target\":[\"https:\\\/\\\/wekh.ca\\\/liberer-le-potentiel-des-chaines-dapprovisionnement-inclusives-faits-saillants-du-panel-sur-la-diversite-des-fournisseurs-au-sommet-national-de-weoc-2025\\\/#respond\"]}]},{\"@type\":\"WebPage\",\"@id\":\"https:\\\/\\\/wekh.ca\\\/liberer-le-potentiel-des-chaines-dapprovisionnement-inclusives-faits-saillants-du-panel-sur-la-diversite-des-fournisseurs-au-sommet-national-de-weoc-2025\\\/\",\"url\":\"https:\\\/\\\/wekh.ca\\\/liberer-le-potentiel-des-chaines-dapprovisionnement-inclusives-faits-saillants-du-panel-sur-la-diversite-des-fournisseurs-au-sommet-national-de-weoc-2025\\\/\",\"name\":\"Lib\u00e9rer le potentiel des cha\u00eenes d\u2019approvisionnement inclusives : faits saillants du panel sur la diversit\u00e9 des fournisseurs au Sommet national de WEOC\u00a02025 - WEKH-PCFE\",\"isPartOf\":{\"@id\":\"https:\\\/\\\/wekh.ca\\\/#website\"},\"primaryImageOfPage\":{\"@id\":\"https:\\\/\\\/wekh.ca\\\/liberer-le-potentiel-des-chaines-dapprovisionnement-inclusives-faits-saillants-du-panel-sur-la-diversite-des-fournisseurs-au-sommet-national-de-weoc-2025\\\/#primaryimage\"},\"image\":{\"@id\":\"https:\\\/\\\/wekh.ca\\\/liberer-le-potentiel-des-chaines-dapprovisionnement-inclusives-faits-saillants-du-panel-sur-la-diversite-des-fournisseurs-au-sommet-national-de-weoc-2025\\\/#primaryimage\"},\"thumbnailUrl\":\"https:\\\/\\\/wekh.ca\\\/wp-content\\\/uploads\\\/2025\\\/12\\\/WEKH-WEOC-Panel.jpg\",\"datePublished\":\"2025-05-29T04:00:00+00:00\",\"dateModified\":\"2025-12-01T22:14:46+00:00\",\"breadcrumb\":{\"@id\":\"https:\\\/\\\/wekh.ca\\\/liberer-le-potentiel-des-chaines-dapprovisionnement-inclusives-faits-saillants-du-panel-sur-la-diversite-des-fournisseurs-au-sommet-national-de-weoc-2025\\\/#breadcrumb\"},\"inLanguage\":\"fr-FR\",\"potentialAction\":[{\"@type\":\"ReadAction\",\"target\":[\"https:\\\/\\\/wekh.ca\\\/liberer-le-potentiel-des-chaines-dapprovisionnement-inclusives-faits-saillants-du-panel-sur-la-diversite-des-fournisseurs-au-sommet-national-de-weoc-2025\\\/\"]}]},{\"@type\":\"ImageObject\",\"inLanguage\":\"fr-FR\",\"@id\":\"https:\\\/\\\/wekh.ca\\\/liberer-le-potentiel-des-chaines-dapprovisionnement-inclusives-faits-saillants-du-panel-sur-la-diversite-des-fournisseurs-au-sommet-national-de-weoc-2025\\\/#primaryimage\",\"url\":\"https:\\\/\\\/wekh.ca\\\/wp-content\\\/uploads\\\/2025\\\/12\\\/WEKH-WEOC-Panel.jpg\",\"contentUrl\":\"https:\\\/\\\/wekh.ca\\\/wp-content\\\/uploads\\\/2025\\\/12\\\/WEKH-WEOC-Panel.jpg\",\"width\":624,\"height\":416},{\"@type\":\"BreadcrumbList\",\"@id\":\"https:\\\/\\\/wekh.ca\\\/liberer-le-potentiel-des-chaines-dapprovisionnement-inclusives-faits-saillants-du-panel-sur-la-diversite-des-fournisseurs-au-sommet-national-de-weoc-2025\\\/#breadcrumb\",\"itemListElement\":[{\"@type\":\"ListItem\",\"position\":1,\"name\":\"Home\",\"item\":\"https:\\\/\\\/wekh.ca\\\/\"},{\"@type\":\"ListItem\",\"position\":2,\"name\":\"Lib\u00e9rer le potentiel des cha\u00eenes d\u2019approvisionnement inclusives : faits saillants du panel sur la diversit\u00e9 des fournisseurs au Sommet national de WEOC\u00a02025\"}]},{\"@type\":\"WebSite\",\"@id\":\"https:\\\/\\\/wekh.ca\\\/#website\",\"url\":\"https:\\\/\\\/wekh.ca\\\/\",\"name\":\"WEKH-PCFE\",\"description\":\"Women Entrepreneurship Knowledge Hub\",\"publisher\":{\"@id\":\"https:\\\/\\\/wekh.ca\\\/#organization\"},\"potentialAction\":[{\"@type\":\"SearchAction\",\"target\":{\"@type\":\"EntryPoint\",\"urlTemplate\":\"https:\\\/\\\/wekh.ca\\\/?s={search_term_string}\"},\"query-input\":{\"@type\":\"PropertyValueSpecification\",\"valueRequired\":true,\"valueName\":\"search_term_string\"}}],\"inLanguage\":\"fr-FR\"},{\"@type\":\"Organization\",\"@id\":\"https:\\\/\\\/wekh.ca\\\/#organization\",\"name\":\"WEKH-PCFE\",\"url\":\"https:\\\/\\\/wekh.ca\\\/\",\"logo\":{\"@type\":\"ImageObject\",\"inLanguage\":\"fr-FR\",\"@id\":\"https:\\\/\\\/wekh.ca\\\/#\\\/schema\\\/logo\\\/image\\\/\",\"url\":\"https:\\\/\\\/wekh.ca\\\/wp-content\\\/uploads\\\/2024\\\/09\\\/Wekh-PCFE-Logo.png\",\"contentUrl\":\"https:\\\/\\\/wekh.ca\\\/wp-content\\\/uploads\\\/2024\\\/09\\\/Wekh-PCFE-Logo.png\",\"width\":917,\"height\":498,\"caption\":\"WEKH-PCFE\"},\"image\":{\"@id\":\"https:\\\/\\\/wekh.ca\\\/#\\\/schema\\\/logo\\\/image\\\/\"}},{\"@type\":\"Person\",\"@id\":\"https:\\\/\\\/wekh.ca\\\/#\\\/schema\\\/person\\\/0ef71c822bc3208949644604ff2b1bc3\",\"name\":\"Deirdre O'Beirne-Rosaeg\",\"image\":{\"@type\":\"ImageObject\",\"inLanguage\":\"fr-FR\",\"@id\":\"\\\/\\\/www.gravatar.com\\\/avatar\\\/98f91f9a9ad188875b736ec7873d9e41?s=96&#038;r=g&#038;d=mm\",\"url\":\"\\\/\\\/www.gravatar.com\\\/avatar\\\/98f91f9a9ad188875b736ec7873d9e41?s=96&#038;r=g&#038;d=mm\",\"contentUrl\":\"\\\/\\\/www.gravatar.com\\\/avatar\\\/98f91f9a9ad188875b736ec7873d9e41?s=96&#038;r=g&#038;d=mm\",\"caption\":\"Deirdre O'Beirne-Rosaeg\"},\"url\":\"https:\\\/\\\/wekh.ca\\\/fr\\\/author\\\/deirdre\\\/\"}]}<\/script>\n<!-- \/ Yoast SEO plugin. -->","yoast_head_json":{"title":"Lib\u00e9rer le potentiel des cha\u00eenes d\u2019approvisionnement inclusives : faits saillants du panel sur la diversit\u00e9 des fournisseurs au Sommet national de WEOC\u00a02025 - WEKH-PCFE","robots":{"index":"index","follow":"follow","max-snippet":"max-snippet:-1","max-image-preview":"max-image-preview:large","max-video-preview":"max-video-preview:-1"},"canonical":"https:\/\/wekh.ca\/liberer-le-potentiel-des-chaines-dapprovisionnement-inclusives-faits-saillants-du-panel-sur-la-diversite-des-fournisseurs-au-sommet-national-de-weoc-2025\/","og_locale":"fr_FR","og_type":"article","og_title":"Lib\u00e9rer le potentiel des cha\u00eenes d\u2019approvisionnement inclusives : faits saillants du panel sur la diversit\u00e9 des fournisseurs au Sommet national de WEOC\u00a02025 - WEKH-PCFE","og_description":"&hellip;","og_url":"https:\/\/wekh.ca\/liberer-le-potentiel-des-chaines-dapprovisionnement-inclusives-faits-saillants-du-panel-sur-la-diversite-des-fournisseurs-au-sommet-national-de-weoc-2025\/","og_site_name":"WEKH-PCFE","article_published_time":"2025-05-29T04:00:00+00:00","article_modified_time":"2025-12-01T22:14:46+00:00","og_image":[{"width":624,"height":416,"url":"https:\/\/wekh.ca\/wp-content\/uploads\/2025\/12\/WEKH-WEOC-Panel.jpg","type":"image\/jpeg"}],"author":"Deirdre O'Beirne-Rosaeg","twitter_card":"summary_large_image","twitter_misc":{"\u00c9crit par":"Deirdre O'Beirne-Rosaeg","Dur\u00e9e de lecture estim\u00e9e":"4 minutes"},"schema":{"@context":"https:\/\/schema.org","@graph":[{"@type":"Article","@id":"https:\/\/wekh.ca\/liberer-le-potentiel-des-chaines-dapprovisionnement-inclusives-faits-saillants-du-panel-sur-la-diversite-des-fournisseurs-au-sommet-national-de-weoc-2025\/#article","isPartOf":{"@id":"https:\/\/wekh.ca\/liberer-le-potentiel-des-chaines-dapprovisionnement-inclusives-faits-saillants-du-panel-sur-la-diversite-des-fournisseurs-au-sommet-national-de-weoc-2025\/"},"author":{"name":"Deirdre O'Beirne-Rosaeg","@id":"https:\/\/wekh.ca\/#\/schema\/person\/0ef71c822bc3208949644604ff2b1bc3"},"headline":"Lib\u00e9rer le potentiel des cha\u00eenes d\u2019approvisionnement inclusives : faits saillants du panel sur la diversit\u00e9 des fournisseurs au Sommet national de WEOC\u00a02025","datePublished":"2025-05-29T04:00:00+00:00","dateModified":"2025-12-01T22:14:46+00:00","mainEntityOfPage":{"@id":"https:\/\/wekh.ca\/liberer-le-potentiel-des-chaines-dapprovisionnement-inclusives-faits-saillants-du-panel-sur-la-diversite-des-fournisseurs-au-sommet-national-de-weoc-2025\/"},"wordCount":848,"commentCount":0,"publisher":{"@id":"https:\/\/wekh.ca\/#organization"},"image":{"@id":"https:\/\/wekh.ca\/liberer-le-potentiel-des-chaines-dapprovisionnement-inclusives-faits-saillants-du-panel-sur-la-diversite-des-fournisseurs-au-sommet-national-de-weoc-2025\/#primaryimage"},"thumbnailUrl":"https:\/\/wekh.ca\/wp-content\/uploads\/2025\/12\/WEKH-WEOC-Panel.jpg","articleSection":["\u00c9v\u00e9nements","Femmes Entrepreneures"],"inLanguage":"fr-FR","potentialAction":[{"@type":"CommentAction","name":"Comment","target":["https:\/\/wekh.ca\/liberer-le-potentiel-des-chaines-dapprovisionnement-inclusives-faits-saillants-du-panel-sur-la-diversite-des-fournisseurs-au-sommet-national-de-weoc-2025\/#respond"]}]},{"@type":"WebPage","@id":"https:\/\/wekh.ca\/liberer-le-potentiel-des-chaines-dapprovisionnement-inclusives-faits-saillants-du-panel-sur-la-diversite-des-fournisseurs-au-sommet-national-de-weoc-2025\/","url":"https:\/\/wekh.ca\/liberer-le-potentiel-des-chaines-dapprovisionnement-inclusives-faits-saillants-du-panel-sur-la-diversite-des-fournisseurs-au-sommet-national-de-weoc-2025\/","name":"Lib\u00e9rer le potentiel des cha\u00eenes d\u2019approvisionnement inclusives : faits saillants du panel sur la diversit\u00e9 des fournisseurs au Sommet national de WEOC\u00a02025 - WEKH-PCFE","isPartOf":{"@id":"https:\/\/wekh.ca\/#website"},"primaryImageOfPage":{"@id":"https:\/\/wekh.ca\/liberer-le-potentiel-des-chaines-dapprovisionnement-inclusives-faits-saillants-du-panel-sur-la-diversite-des-fournisseurs-au-sommet-national-de-weoc-2025\/#primaryimage"},"image":{"@id":"https:\/\/wekh.ca\/liberer-le-potentiel-des-chaines-dapprovisionnement-inclusives-faits-saillants-du-panel-sur-la-diversite-des-fournisseurs-au-sommet-national-de-weoc-2025\/#primaryimage"},"thumbnailUrl":"https:\/\/wekh.ca\/wp-content\/uploads\/2025\/12\/WEKH-WEOC-Panel.jpg","datePublished":"2025-05-29T04:00:00+00:00","dateModified":"2025-12-01T22:14:46+00:00","breadcrumb":{"@id":"https:\/\/wekh.ca\/liberer-le-potentiel-des-chaines-dapprovisionnement-inclusives-faits-saillants-du-panel-sur-la-diversite-des-fournisseurs-au-sommet-national-de-weoc-2025\/#breadcrumb"},"inLanguage":"fr-FR","potentialAction":[{"@type":"ReadAction","target":["https:\/\/wekh.ca\/liberer-le-potentiel-des-chaines-dapprovisionnement-inclusives-faits-saillants-du-panel-sur-la-diversite-des-fournisseurs-au-sommet-national-de-weoc-2025\/"]}]},{"@type":"ImageObject","inLanguage":"fr-FR","@id":"https:\/\/wekh.ca\/liberer-le-potentiel-des-chaines-dapprovisionnement-inclusives-faits-saillants-du-panel-sur-la-diversite-des-fournisseurs-au-sommet-national-de-weoc-2025\/#primaryimage","url":"https:\/\/wekh.ca\/wp-content\/uploads\/2025\/12\/WEKH-WEOC-Panel.jpg","contentUrl":"https:\/\/wekh.ca\/wp-content\/uploads\/2025\/12\/WEKH-WEOC-Panel.jpg","width":624,"height":416},{"@type":"BreadcrumbList","@id":"https:\/\/wekh.ca\/liberer-le-potentiel-des-chaines-dapprovisionnement-inclusives-faits-saillants-du-panel-sur-la-diversite-des-fournisseurs-au-sommet-national-de-weoc-2025\/#breadcrumb","itemListElement":[{"@type":"ListItem","position":1,"name":"Home","item":"https:\/\/wekh.ca\/"},{"@type":"ListItem","position":2,"name":"Lib\u00e9rer le potentiel des cha\u00eenes d\u2019approvisionnement inclusives : faits saillants du panel sur la diversit\u00e9 des fournisseurs au Sommet national de WEOC\u00a02025"}]},{"@type":"WebSite","@id":"https:\/\/wekh.ca\/#website","url":"https:\/\/wekh.ca\/","name":"WEKH-PCFE","description":"Women Entrepreneurship Knowledge Hub","publisher":{"@id":"https:\/\/wekh.ca\/#organization"},"potentialAction":[{"@type":"SearchAction","target":{"@type":"EntryPoint","urlTemplate":"https:\/\/wekh.ca\/?s={search_term_string}"},"query-input":{"@type":"PropertyValueSpecification","valueRequired":true,"valueName":"search_term_string"}}],"inLanguage":"fr-FR"},{"@type":"Organization","@id":"https:\/\/wekh.ca\/#organization","name":"WEKH-PCFE","url":"https:\/\/wekh.ca\/","logo":{"@type":"ImageObject","inLanguage":"fr-FR","@id":"https:\/\/wekh.ca\/#\/schema\/logo\/image\/","url":"https:\/\/wekh.ca\/wp-content\/uploads\/2024\/09\/Wekh-PCFE-Logo.png","contentUrl":"https:\/\/wekh.ca\/wp-content\/uploads\/2024\/09\/Wekh-PCFE-Logo.png","width":917,"height":498,"caption":"WEKH-PCFE"},"image":{"@id":"https:\/\/wekh.ca\/#\/schema\/logo\/image\/"}},{"@type":"Person","@id":"https:\/\/wekh.ca\/#\/schema\/person\/0ef71c822bc3208949644604ff2b1bc3","name":"Deirdre O'Beirne-Rosaeg","image":{"@type":"ImageObject","inLanguage":"fr-FR","@id":"\/\/www.gravatar.com\/avatar\/98f91f9a9ad188875b736ec7873d9e41?s=96&#038;r=g&#038;d=mm","url":"\/\/www.gravatar.com\/avatar\/98f91f9a9ad188875b736ec7873d9e41?s=96&#038;r=g&#038;d=mm","contentUrl":"\/\/www.gravatar.com\/avatar\/98f91f9a9ad188875b736ec7873d9e41?s=96&#038;r=g&#038;d=mm","caption":"Deirdre O'Beirne-Rosaeg"},"url":"https:\/\/wekh.ca\/fr\/author\/deirdre\/"}]}},"_links":{"self":[{"href":"https:\/\/wekh.ca\/fr\/wp-json\/wp\/v2\/posts\/140871","targetHints":{"allow":["GET"]}}],"collection":[{"href":"https:\/\/wekh.ca\/fr\/wp-json\/wp\/v2\/posts"}],"about":[{"href":"https:\/\/wekh.ca\/fr\/wp-json\/wp\/v2\/types\/post"}],"author":[{"embeddable":true,"href":"https:\/\/wekh.ca\/fr\/wp-json\/wp\/v2\/users\/8230"}],"replies":[{"embeddable":true,"href":"https:\/\/wekh.ca\/fr\/wp-json\/wp\/v2\/comments?post=140871"}],"version-history":[{"count":3,"href":"https:\/\/wekh.ca\/fr\/wp-json\/wp\/v2\/posts\/140871\/revisions"}],"predecessor-version":[{"id":140952,"href":"https:\/\/wekh.ca\/fr\/wp-json\/wp\/v2\/posts\/140871\/revisions\/140952"}],"wp:featuredmedia":[{"embeddable":true,"href":"https:\/\/wekh.ca\/fr\/wp-json\/wp\/v2\/media\/140868"}],"wp:attachment":[{"href":"https:\/\/wekh.ca\/fr\/wp-json\/wp\/v2\/media?parent=140871"}],"wp:term":[{"taxonomy":"category","embeddable":true,"href":"https:\/\/wekh.ca\/fr\/wp-json\/wp\/v2\/categories?post=140871"},{"taxonomy":"post_tag","embeddable":true,"href":"https:\/\/wekh.ca\/fr\/wp-json\/wp\/v2\/tags?post=140871"}],"curies":[{"name":"wp","href":"https:\/\/api.w.org\/{rel}","templated":true}]}}