{"id":141052,"date":"2024-11-19T12:18:24","date_gmt":"2024-11-19T17:18:24","guid":{"rendered":"https:\/\/wekh.ca\/valoriser-lentrepreneuriat-lors-de-la-42e-conference-annuelle-du-conseil-canadien-pour-les-petites-entreprises-et-lentrepreneuriat\/"},"modified":"2026-02-03T16:30:14","modified_gmt":"2026-02-03T21:30:14","slug":"valoriser-lentrepreneuriat-lors-de-la-42e-conference-annuelle-du-conseil-canadien-pour-les-petites-entreprises-et-lentrepreneuriat","status":"publish","type":"post","link":"https:\/\/wekh.ca\/fr\/valoriser-lentrepreneuriat-lors-de-la-42e-conference-annuelle-du-conseil-canadien-pour-les-petites-entreprises-et-lentrepreneuriat\/","title":{"rendered":"Valoriser l&rsquo;entrepreneuriat lors de la 42e Conf\u00e9rence annuelle du Conseil canadien pour les petites entreprises et l&rsquo;entrepreneuriat"},"content":{"rendered":"<?xml encoding=\"utf-8\" ?><p role=\"heading\"><strong>Researchers from across the country discussed the latest research on entrepreneurship and innovation<\/strong><\/p><p role=\"heading\">Le Diversity Institute (DI) et le PCFE ont jou&eacute; un r&ocirc;le cl&eacute; lors de la 42e Conf&eacute;rence internationale annuelle du Conseil canadien pour les petites entreprises et l&rsquo;entrepreneuriat (CCSBE), qui s&rsquo;est tenue du 6 au 8 novembre 2024, &agrave; la fois virtuellement et en pr&eacute;sentiel &agrave; Calgary, Alberta. Lors des neuf panels virtuels organis&eacute;s le premier jour, des chercheurs ont pr&eacute;sent&eacute; les derni&egrave;res recherches sur des th&egrave;mes importants, notamment le financement des femmes entrepreneures, l&rsquo;entrepreneuriat autochtone, l&rsquo;entrepreneuriat 2SLGBTQ+, l&rsquo;entrepreneuriat des immigrants, les syst&egrave;mes de soutien, les comp&eacute;tences et la formation, l&rsquo;approvisionnement et la diversit&eacute; des fournisseurs, l&rsquo;entrepreneuriat social et la durabilit&eacute;, ainsi que les femmes dans la technologie.<\/p><p role=\"heading\">Shannon Pestun, principale conseill&egrave;re aupr&egrave;s de DI et PCFE, a prononc&eacute; un message au nom des commanditaires, soulignant l&rsquo;impact des recherches men&eacute;es par DI et PCFE sur l&rsquo;avancement de l&rsquo;entrepreneuriat. &laquo; Sous la direction du Diversity Institute, le PCFE collabore avec 10 p&ocirc;les r&eacute;gionaux et un r&eacute;seau de plus de 250 organisations. Gr&acirc;ce &agrave; ce mod&egrave;le, nous partageons notre expertise &agrave; travers tout le pays, permettant aux prestataires de services, aux universitaires, aux gouvernements et aux industries d&rsquo;am&eacute;liorer leur soutien aux femmes entrepreneures &raquo;, a d&eacute;clar&eacute; Pestun. &laquo; Aujourd&rsquo;hui, le PCFE r&eacute;pond aux besoins de plus de 100 000 femmes entrepreneures issues de la diversit&eacute;. Sa plateforme technologique avanc&eacute;e, propuls&eacute;e par Magnet, relie les femmes entrepreneures et les organisations qui les soutiennent &agrave; des ressources et des pratiques exemplaires. La base de donn&eacute;es <a href=\"https:\/\/wekh.ca\/seeitbeit\/\" target=\"_blank\" rel=\"noreferrer noopener\">S&rsquo;inspirer. Be It. du PCFE<\/a> remet en question les st&eacute;r&eacute;otypes de genre en pr&eacute;sentant plus de 1 800 femmes entrepreneures &agrave; succ&egrave;s. &raquo;<\/p><p role=\"heading\">Ce soir-l&agrave;, le CCSBE a remis au Dr Wendy Cukier, fondatrice et directrice acad&eacute;mique de DI et du PCFE, le tout premier Prix Mary A. Kilfoil pour contributions exceptionnelles &agrave; l&rsquo;avancement de l&rsquo;innovation dans l&rsquo;&eacute;ducation entrepreneuriale. Ce prestigieux prix, cr&eacute;&eacute; en m&eacute;moire de feu Mary Kilfoil, a &eacute;t&eacute; remis par son &eacute;poux, le Dr Ed Leach, pour honorer l&rsquo;h&eacute;ritage de Kilfoil dans le domaine de l&rsquo;entrepreneuriat. Cukier a &eacute;t&eacute; reconnue pour ses contributions majeures &agrave; l&rsquo;&eacute;cosyst&egrave;me d&rsquo;innovation du Canada gr&acirc;ce &agrave; DI, au Future Skills Centre et au PCFE. Ne pouvant assister &agrave; la c&eacute;r&eacute;monie en personne, <a href=\"https:\/\/www.youtube.com\/watch?v=2PqvbILqHVE\" target=\"_blank\" rel=\"noreferrer noopener\">elle a livr&eacute; un discours &eacute;mouvant par vid&eacute;o soulignant l&rsquo;influence et l&rsquo;impact remarquables de Kilfoil.<\/a> Pestun a accept&eacute; le prix en son nom.<br><br><img decoding=\"async\" src=\"https:\/\/wekh.ca\/wp-content\/uploads\/2025\/12\/AD_4nXd08U2_GJ-fJmT4-VwZVprUGbzKMHZd98lPV-B3mwI92bx9nTbmDuunzUKJs4q51Z8sADmNll__rspn2pRaV-7ErHtBF0tJabcwpU9CXXJA64aQQ7wqLbUfw8UAThqo391ecea10Q.jpeg\" width=\"266.66666666666663\" height=\"332.5\"><\/p><p class=\"has-small-font-size\" role=\"heading\"><em role=\"heading\">Shannon Pestun, conseill&egrave;re principale chez WEKH, tient le prix Mary A. Kilfoil. Le Dr Ed Leach, debout &agrave; ses c&ocirc;t&eacute;s, a remis le prix portant le nom de sa d&eacute;funte &eacute;pouse au Dr Wendy Cukier, fondatrice et directrice acad&eacute;mique de DI et WEKH. Pestun a accept&eacute; le prix en son nom.<\/em><\/p><p role=\"heading\"><img class=\"lazyload_inited\" fetchpriority=\"high\" decoding=\"async\" src=\"https:\/\/wekh.ca\/wp-content\/uploads\/2025\/12\/AD_4nXfF3GBRwPUpcTRfqfmpXoQ8MWQOZZ0834gvUarAXGnEWICm399LypYfLOPYrQm1jYU8oQ6WIobBuQa5JMDQ0H7SHcznsdxIILd9Afqyap5bzyle6qs88hUBRCXvzMUHkTdIEM3U.png\" width=\"485\" height=\"271\"><\/p><p role=\"heading\">Le lendemain, une s&eacute;ance pl&eacute;ni&egrave;re en pr&eacute;sentiel sur les &eacute;cosyst&egrave;mes entrepreneuriaux inclusifs a d&eacute;but&eacute; par une pr&eacute;sentation vid&eacute;o de Cukier, suivie d&rsquo;une discussion en personne avec le Dr Gina Grandy de l&rsquo;Universit&eacute; de Calgary et le Dr Banu Ozkazanc-Pan de l&rsquo;Universit&eacute; Brown, mod&eacute;r&eacute;e par Pestun. La session a explor&eacute; l&rsquo;&eacute;tat de l&rsquo;entrepreneuriat f&eacute;minin au Canada, y compris le r&ocirc;le crucial des femmes ainsi que les obstacles et les lacunes &agrave; surmonter pour stimuler la croissance &eacute;conomique.<\/p><p role=\"heading\">&nbsp;<\/p>\n","protected":false},"excerpt":{"rendered":"<p>Le Diversity Institute (DI) et le PCFE ont jou\u00e9 un r\u00f4le cl\u00e9 lors de la 42e Conf\u00e9rence internationale annuelle du Conseil canadien pour les petites entreprises et l\u2019entrepreneuriat (CCSBE), qui s\u2019est tenue du 6 au 8 novembre 2024, \u00e0 la fois virtuellement et en pr\u00e9sentiel \u00e0 Calgary, Alberta.<\/p>\n","protected":false},"author":8230,"featured_media":141058,"comment_status":"closed","ping_status":"closed","sticky":false,"template":"","format":"standard","meta":{"_acf_changed":false,"_bbp_topic_count":0,"_bbp_reply_count":0,"_bbp_total_topic_count":0,"_bbp_total_reply_count":0,"_bbp_voice_count":0,"_bbp_anonymous_reply_count":0,"_bbp_topic_count_hidden":0,"_bbp_reply_count_hidden":0,"_bbp_forum_subforum_count":0,"footnotes":""},"categories":[6331,6347],"tags":[6086],"class_list":["post-141052","post","type-post","status-publish","format-standard","has-post-thumbnail","hentry","category-evenements","category-nouvelles","tag-womens-entrepreneurship-day-fr-2"],"acf":[],"yoast_head":"<!-- This site is optimized with the Yoast SEO plugin v27.5 - https:\/\/yoast.com\/product\/yoast-seo-wordpress\/ -->\n<title>Valoriser l&#039;entrepreneuriat lors de la 42e Conf\u00e9rence annuelle du Conseil canadien pour les petites entreprises et l&#039;entrepreneuriat - WEKH-PCFE<\/title>\n<meta name=\"robots\" content=\"index, follow, max-snippet:-1, max-image-preview:large, max-video-preview:-1\" \/>\n<link rel=\"canonical\" href=\"https:\/\/wekh.ca\/fr\/valoriser-lentrepreneuriat-lors-de-la-42e-conference-annuelle-du-conseil-canadien-pour-les-petites-entreprises-et-lentrepreneuriat\/\" \/>\n<meta property=\"og:locale\" content=\"fr_FR\" \/>\n<meta property=\"og:type\" content=\"article\" \/>\n<meta property=\"og:title\" content=\"Valoriser l&#039;entrepreneuriat lors de la 42e Conf\u00e9rence annuelle du Conseil canadien pour les petites entreprises et l&#039;entrepreneuriat - WEKH-PCFE\" \/>\n<meta property=\"og:description\" content=\"Le Diversity Institute (DI) et le PCFE ont jou\u00e9 un r\u00f4le cl\u00e9 lors de la 42e Conf\u00e9rence internationale annuelle du Conseil canadien pour les petites entreprises et l\u2019entrepreneuriat (CCSBE), qui s\u2019est tenue du 6 au 8 novembre 2024, \u00e0 la fois virtuellement et en pr\u00e9sentiel \u00e0 Calgary, Alberta.\" \/>\n<meta property=\"og:url\" content=\"https:\/\/wekh.ca\/fr\/valoriser-lentrepreneuriat-lors-de-la-42e-conference-annuelle-du-conseil-canadien-pour-les-petites-entreprises-et-lentrepreneuriat\/\" \/>\n<meta property=\"og:site_name\" content=\"WEKH-PCFE\" \/>\n<meta property=\"article:published_time\" content=\"2024-11-19T17:18:24+00:00\" \/>\n<meta property=\"article:modified_time\" content=\"2026-02-03T21:30:14+00:00\" \/>\n<meta property=\"og:image\" content=\"https:\/\/wekh.ca\/wp-content\/uploads\/2025\/12\/CCSBE-e1732551961630-1.jpg\" \/>\n\t<meta property=\"og:image:width\" content=\"800\" \/>\n\t<meta property=\"og:image:height\" content=\"450\" \/>\n\t<meta property=\"og:image:type\" content=\"image\/jpeg\" \/>\n<meta name=\"author\" content=\"Deirdre O&#039;Beirne-Rosaeg\" \/>\n<meta name=\"twitter:card\" content=\"summary_large_image\" \/>\n<meta name=\"twitter:label1\" content=\"\u00c9crit par\" \/>\n\t<meta name=\"twitter:data1\" content=\"Deirdre O&#039;Beirne-Rosaeg\" \/>\n\t<meta name=\"twitter:label2\" content=\"Dur\u00e9e de lecture estim\u00e9e\" \/>\n\t<meta name=\"twitter:data2\" content=\"3 minutes\" \/>\n<script type=\"application\/ld+json\" class=\"yoast-schema-graph\">{\"@context\":\"https:\\\/\\\/schema.org\",\"@graph\":[{\"@type\":\"Article\",\"@id\":\"https:\\\/\\\/wekh.ca\\\/fr\\\/valoriser-lentrepreneuriat-lors-de-la-42e-conference-annuelle-du-conseil-canadien-pour-les-petites-entreprises-et-lentrepreneuriat\\\/#article\",\"isPartOf\":{\"@id\":\"https:\\\/\\\/wekh.ca\\\/fr\\\/valoriser-lentrepreneuriat-lors-de-la-42e-conference-annuelle-du-conseil-canadien-pour-les-petites-entreprises-et-lentrepreneuriat\\\/\"},\"author\":{\"name\":\"Deirdre O'Beirne-Rosaeg\",\"@id\":\"https:\\\/\\\/wekh.ca\\\/#\\\/schema\\\/person\\\/0ef71c822bc3208949644604ff2b1bc3\"},\"headline\":\"Valoriser l&rsquo;entrepreneuriat lors de la 42e Conf\u00e9rence annuelle du Conseil canadien pour les petites entreprises et l&rsquo;entrepreneuriat\",\"datePublished\":\"2024-11-19T17:18:24+00:00\",\"dateModified\":\"2026-02-03T21:30:14+00:00\",\"mainEntityOfPage\":{\"@id\":\"https:\\\/\\\/wekh.ca\\\/fr\\\/valoriser-lentrepreneuriat-lors-de-la-42e-conference-annuelle-du-conseil-canadien-pour-les-petites-entreprises-et-lentrepreneuriat\\\/\"},\"wordCount\":599,\"publisher\":{\"@id\":\"https:\\\/\\\/wekh.ca\\\/#organization\"},\"image\":{\"@id\":\"https:\\\/\\\/wekh.ca\\\/fr\\\/valoriser-lentrepreneuriat-lors-de-la-42e-conference-annuelle-du-conseil-canadien-pour-les-petites-entreprises-et-lentrepreneuriat\\\/#primaryimage\"},\"thumbnailUrl\":\"https:\\\/\\\/wekh.ca\\\/wp-content\\\/uploads\\\/2025\\\/12\\\/CCSBE-e1732551961630-1.jpg\",\"keywords\":[\"Women's Entrepreneurship Day\"],\"articleSection\":[\"\u00c9v\u00e9nements\",\"Nouvelles\"],\"inLanguage\":\"fr-FR\"},{\"@type\":\"WebPage\",\"@id\":\"https:\\\/\\\/wekh.ca\\\/fr\\\/valoriser-lentrepreneuriat-lors-de-la-42e-conference-annuelle-du-conseil-canadien-pour-les-petites-entreprises-et-lentrepreneuriat\\\/\",\"url\":\"https:\\\/\\\/wekh.ca\\\/fr\\\/valoriser-lentrepreneuriat-lors-de-la-42e-conference-annuelle-du-conseil-canadien-pour-les-petites-entreprises-et-lentrepreneuriat\\\/\",\"name\":\"Valoriser l'entrepreneuriat lors de la 42e Conf\u00e9rence annuelle du Conseil canadien pour les petites entreprises et l'entrepreneuriat - WEKH-PCFE\",\"isPartOf\":{\"@id\":\"https:\\\/\\\/wekh.ca\\\/#website\"},\"primaryImageOfPage\":{\"@id\":\"https:\\\/\\\/wekh.ca\\\/fr\\\/valoriser-lentrepreneuriat-lors-de-la-42e-conference-annuelle-du-conseil-canadien-pour-les-petites-entreprises-et-lentrepreneuriat\\\/#primaryimage\"},\"image\":{\"@id\":\"https:\\\/\\\/wekh.ca\\\/fr\\\/valoriser-lentrepreneuriat-lors-de-la-42e-conference-annuelle-du-conseil-canadien-pour-les-petites-entreprises-et-lentrepreneuriat\\\/#primaryimage\"},\"thumbnailUrl\":\"https:\\\/\\\/wekh.ca\\\/wp-content\\\/uploads\\\/2025\\\/12\\\/CCSBE-e1732551961630-1.jpg\",\"datePublished\":\"2024-11-19T17:18:24+00:00\",\"dateModified\":\"2026-02-03T21:30:14+00:00\",\"breadcrumb\":{\"@id\":\"https:\\\/\\\/wekh.ca\\\/fr\\\/valoriser-lentrepreneuriat-lors-de-la-42e-conference-annuelle-du-conseil-canadien-pour-les-petites-entreprises-et-lentrepreneuriat\\\/#breadcrumb\"},\"inLanguage\":\"fr-FR\",\"potentialAction\":[{\"@type\":\"ReadAction\",\"target\":[\"https:\\\/\\\/wekh.ca\\\/fr\\\/valoriser-lentrepreneuriat-lors-de-la-42e-conference-annuelle-du-conseil-canadien-pour-les-petites-entreprises-et-lentrepreneuriat\\\/\"]}]},{\"@type\":\"ImageObject\",\"inLanguage\":\"fr-FR\",\"@id\":\"https:\\\/\\\/wekh.ca\\\/fr\\\/valoriser-lentrepreneuriat-lors-de-la-42e-conference-annuelle-du-conseil-canadien-pour-les-petites-entreprises-et-lentrepreneuriat\\\/#primaryimage\",\"url\":\"https:\\\/\\\/wekh.ca\\\/wp-content\\\/uploads\\\/2025\\\/12\\\/CCSBE-e1732551961630-1.jpg\",\"contentUrl\":\"https:\\\/\\\/wekh.ca\\\/wp-content\\\/uploads\\\/2025\\\/12\\\/CCSBE-e1732551961630-1.jpg\",\"width\":800,\"height\":450,\"caption\":\"Ccsbe E1732551961630\"},{\"@type\":\"BreadcrumbList\",\"@id\":\"https:\\\/\\\/wekh.ca\\\/fr\\\/valoriser-lentrepreneuriat-lors-de-la-42e-conference-annuelle-du-conseil-canadien-pour-les-petites-entreprises-et-lentrepreneuriat\\\/#breadcrumb\",\"itemListElement\":[{\"@type\":\"ListItem\",\"position\":1,\"name\":\"Home\",\"item\":\"https:\\\/\\\/wekh.ca\\\/\"},{\"@type\":\"ListItem\",\"position\":2,\"name\":\"Valoriser l&#8217;entrepreneuriat lors de la 42e Conf\u00e9rence annuelle du Conseil canadien pour les petites entreprises et l&#8217;entrepreneuriat\"}]},{\"@type\":\"WebSite\",\"@id\":\"https:\\\/\\\/wekh.ca\\\/#website\",\"url\":\"https:\\\/\\\/wekh.ca\\\/\",\"name\":\"WEKH-PCFE\",\"description\":\"Women Entrepreneurship Knowledge Hub\",\"publisher\":{\"@id\":\"https:\\\/\\\/wekh.ca\\\/#organization\"},\"potentialAction\":[{\"@type\":\"SearchAction\",\"target\":{\"@type\":\"EntryPoint\",\"urlTemplate\":\"https:\\\/\\\/wekh.ca\\\/?s={search_term_string}\"},\"query-input\":{\"@type\":\"PropertyValueSpecification\",\"valueRequired\":true,\"valueName\":\"search_term_string\"}}],\"inLanguage\":\"fr-FR\"},{\"@type\":\"Organization\",\"@id\":\"https:\\\/\\\/wekh.ca\\\/#organization\",\"name\":\"WEKH-PCFE\",\"url\":\"https:\\\/\\\/wekh.ca\\\/\",\"logo\":{\"@type\":\"ImageObject\",\"inLanguage\":\"fr-FR\",\"@id\":\"https:\\\/\\\/wekh.ca\\\/#\\\/schema\\\/logo\\\/image\\\/\",\"url\":\"https:\\\/\\\/wekh.ca\\\/wp-content\\\/uploads\\\/2024\\\/09\\\/Wekh-PCFE-Logo.png\",\"contentUrl\":\"https:\\\/\\\/wekh.ca\\\/wp-content\\\/uploads\\\/2024\\\/09\\\/Wekh-PCFE-Logo.png\",\"width\":917,\"height\":498,\"caption\":\"WEKH-PCFE\"},\"image\":{\"@id\":\"https:\\\/\\\/wekh.ca\\\/#\\\/schema\\\/logo\\\/image\\\/\"}},{\"@type\":\"Person\",\"@id\":\"https:\\\/\\\/wekh.ca\\\/#\\\/schema\\\/person\\\/0ef71c822bc3208949644604ff2b1bc3\",\"name\":\"Deirdre O'Beirne-Rosaeg\",\"image\":{\"@type\":\"ImageObject\",\"inLanguage\":\"fr-FR\",\"@id\":\"\\\/\\\/www.gravatar.com\\\/avatar\\\/98f91f9a9ad188875b736ec7873d9e41?s=96&#038;r=g&#038;d=mm\",\"url\":\"\\\/\\\/www.gravatar.com\\\/avatar\\\/98f91f9a9ad188875b736ec7873d9e41?s=96&#038;r=g&#038;d=mm\",\"contentUrl\":\"\\\/\\\/www.gravatar.com\\\/avatar\\\/98f91f9a9ad188875b736ec7873d9e41?s=96&#038;r=g&#038;d=mm\",\"caption\":\"Deirdre O'Beirne-Rosaeg\"},\"url\":\"https:\\\/\\\/wekh.ca\\\/fr\\\/author\\\/deirdre\\\/\"}]}<\/script>\n<!-- \/ Yoast SEO plugin. -->","yoast_head_json":{"title":"Valoriser l'entrepreneuriat lors de la 42e Conf\u00e9rence annuelle du Conseil canadien pour les petites entreprises et l'entrepreneuriat - WEKH-PCFE","robots":{"index":"index","follow":"follow","max-snippet":"max-snippet:-1","max-image-preview":"max-image-preview:large","max-video-preview":"max-video-preview:-1"},"canonical":"https:\/\/wekh.ca\/fr\/valoriser-lentrepreneuriat-lors-de-la-42e-conference-annuelle-du-conseil-canadien-pour-les-petites-entreprises-et-lentrepreneuriat\/","og_locale":"fr_FR","og_type":"article","og_title":"Valoriser l'entrepreneuriat lors de la 42e Conf\u00e9rence annuelle du Conseil canadien pour les petites entreprises et l'entrepreneuriat - WEKH-PCFE","og_description":"Le Diversity Institute (DI) et le PCFE ont jou\u00e9 un r\u00f4le cl\u00e9 lors de la 42e Conf\u00e9rence internationale annuelle du Conseil canadien pour les petites entreprises et l\u2019entrepreneuriat (CCSBE), qui s\u2019est tenue du 6 au 8 novembre 2024, \u00e0 la fois virtuellement et en pr\u00e9sentiel \u00e0 Calgary, Alberta.","og_url":"https:\/\/wekh.ca\/fr\/valoriser-lentrepreneuriat-lors-de-la-42e-conference-annuelle-du-conseil-canadien-pour-les-petites-entreprises-et-lentrepreneuriat\/","og_site_name":"WEKH-PCFE","article_published_time":"2024-11-19T17:18:24+00:00","article_modified_time":"2026-02-03T21:30:14+00:00","og_image":[{"width":800,"height":450,"url":"https:\/\/wekh.ca\/wp-content\/uploads\/2025\/12\/CCSBE-e1732551961630-1.jpg","type":"image\/jpeg"}],"author":"Deirdre O'Beirne-Rosaeg","twitter_card":"summary_large_image","twitter_misc":{"\u00c9crit par":"Deirdre O'Beirne-Rosaeg","Dur\u00e9e de lecture estim\u00e9e":"3 minutes"},"schema":{"@context":"https:\/\/schema.org","@graph":[{"@type":"Article","@id":"https:\/\/wekh.ca\/fr\/valoriser-lentrepreneuriat-lors-de-la-42e-conference-annuelle-du-conseil-canadien-pour-les-petites-entreprises-et-lentrepreneuriat\/#article","isPartOf":{"@id":"https:\/\/wekh.ca\/fr\/valoriser-lentrepreneuriat-lors-de-la-42e-conference-annuelle-du-conseil-canadien-pour-les-petites-entreprises-et-lentrepreneuriat\/"},"author":{"name":"Deirdre O'Beirne-Rosaeg","@id":"https:\/\/wekh.ca\/#\/schema\/person\/0ef71c822bc3208949644604ff2b1bc3"},"headline":"Valoriser l&rsquo;entrepreneuriat lors de la 42e Conf\u00e9rence annuelle du Conseil canadien pour les petites entreprises et l&rsquo;entrepreneuriat","datePublished":"2024-11-19T17:18:24+00:00","dateModified":"2026-02-03T21:30:14+00:00","mainEntityOfPage":{"@id":"https:\/\/wekh.ca\/fr\/valoriser-lentrepreneuriat-lors-de-la-42e-conference-annuelle-du-conseil-canadien-pour-les-petites-entreprises-et-lentrepreneuriat\/"},"wordCount":599,"publisher":{"@id":"https:\/\/wekh.ca\/#organization"},"image":{"@id":"https:\/\/wekh.ca\/fr\/valoriser-lentrepreneuriat-lors-de-la-42e-conference-annuelle-du-conseil-canadien-pour-les-petites-entreprises-et-lentrepreneuriat\/#primaryimage"},"thumbnailUrl":"https:\/\/wekh.ca\/wp-content\/uploads\/2025\/12\/CCSBE-e1732551961630-1.jpg","keywords":["Women's Entrepreneurship Day"],"articleSection":["\u00c9v\u00e9nements","Nouvelles"],"inLanguage":"fr-FR"},{"@type":"WebPage","@id":"https:\/\/wekh.ca\/fr\/valoriser-lentrepreneuriat-lors-de-la-42e-conference-annuelle-du-conseil-canadien-pour-les-petites-entreprises-et-lentrepreneuriat\/","url":"https:\/\/wekh.ca\/fr\/valoriser-lentrepreneuriat-lors-de-la-42e-conference-annuelle-du-conseil-canadien-pour-les-petites-entreprises-et-lentrepreneuriat\/","name":"Valoriser l'entrepreneuriat lors de la 42e Conf\u00e9rence annuelle du Conseil canadien pour les petites entreprises et l'entrepreneuriat - WEKH-PCFE","isPartOf":{"@id":"https:\/\/wekh.ca\/#website"},"primaryImageOfPage":{"@id":"https:\/\/wekh.ca\/fr\/valoriser-lentrepreneuriat-lors-de-la-42e-conference-annuelle-du-conseil-canadien-pour-les-petites-entreprises-et-lentrepreneuriat\/#primaryimage"},"image":{"@id":"https:\/\/wekh.ca\/fr\/valoriser-lentrepreneuriat-lors-de-la-42e-conference-annuelle-du-conseil-canadien-pour-les-petites-entreprises-et-lentrepreneuriat\/#primaryimage"},"thumbnailUrl":"https:\/\/wekh.ca\/wp-content\/uploads\/2025\/12\/CCSBE-e1732551961630-1.jpg","datePublished":"2024-11-19T17:18:24+00:00","dateModified":"2026-02-03T21:30:14+00:00","breadcrumb":{"@id":"https:\/\/wekh.ca\/fr\/valoriser-lentrepreneuriat-lors-de-la-42e-conference-annuelle-du-conseil-canadien-pour-les-petites-entreprises-et-lentrepreneuriat\/#breadcrumb"},"inLanguage":"fr-FR","potentialAction":[{"@type":"ReadAction","target":["https:\/\/wekh.ca\/fr\/valoriser-lentrepreneuriat-lors-de-la-42e-conference-annuelle-du-conseil-canadien-pour-les-petites-entreprises-et-lentrepreneuriat\/"]}]},{"@type":"ImageObject","inLanguage":"fr-FR","@id":"https:\/\/wekh.ca\/fr\/valoriser-lentrepreneuriat-lors-de-la-42e-conference-annuelle-du-conseil-canadien-pour-les-petites-entreprises-et-lentrepreneuriat\/#primaryimage","url":"https:\/\/wekh.ca\/wp-content\/uploads\/2025\/12\/CCSBE-e1732551961630-1.jpg","contentUrl":"https:\/\/wekh.ca\/wp-content\/uploads\/2025\/12\/CCSBE-e1732551961630-1.jpg","width":800,"height":450,"caption":"Ccsbe E1732551961630"},{"@type":"BreadcrumbList","@id":"https:\/\/wekh.ca\/fr\/valoriser-lentrepreneuriat-lors-de-la-42e-conference-annuelle-du-conseil-canadien-pour-les-petites-entreprises-et-lentrepreneuriat\/#breadcrumb","itemListElement":[{"@type":"ListItem","position":1,"name":"Home","item":"https:\/\/wekh.ca\/"},{"@type":"ListItem","position":2,"name":"Valoriser l&#8217;entrepreneuriat lors de la 42e Conf\u00e9rence annuelle du Conseil canadien pour les petites entreprises et l&#8217;entrepreneuriat"}]},{"@type":"WebSite","@id":"https:\/\/wekh.ca\/#website","url":"https:\/\/wekh.ca\/","name":"WEKH-PCFE","description":"Women Entrepreneurship Knowledge Hub","publisher":{"@id":"https:\/\/wekh.ca\/#organization"},"potentialAction":[{"@type":"SearchAction","target":{"@type":"EntryPoint","urlTemplate":"https:\/\/wekh.ca\/?s={search_term_string}"},"query-input":{"@type":"PropertyValueSpecification","valueRequired":true,"valueName":"search_term_string"}}],"inLanguage":"fr-FR"},{"@type":"Organization","@id":"https:\/\/wekh.ca\/#organization","name":"WEKH-PCFE","url":"https:\/\/wekh.ca\/","logo":{"@type":"ImageObject","inLanguage":"fr-FR","@id":"https:\/\/wekh.ca\/#\/schema\/logo\/image\/","url":"https:\/\/wekh.ca\/wp-content\/uploads\/2024\/09\/Wekh-PCFE-Logo.png","contentUrl":"https:\/\/wekh.ca\/wp-content\/uploads\/2024\/09\/Wekh-PCFE-Logo.png","width":917,"height":498,"caption":"WEKH-PCFE"},"image":{"@id":"https:\/\/wekh.ca\/#\/schema\/logo\/image\/"}},{"@type":"Person","@id":"https:\/\/wekh.ca\/#\/schema\/person\/0ef71c822bc3208949644604ff2b1bc3","name":"Deirdre O'Beirne-Rosaeg","image":{"@type":"ImageObject","inLanguage":"fr-FR","@id":"\/\/www.gravatar.com\/avatar\/98f91f9a9ad188875b736ec7873d9e41?s=96&#038;r=g&#038;d=mm","url":"\/\/www.gravatar.com\/avatar\/98f91f9a9ad188875b736ec7873d9e41?s=96&#038;r=g&#038;d=mm","contentUrl":"\/\/www.gravatar.com\/avatar\/98f91f9a9ad188875b736ec7873d9e41?s=96&#038;r=g&#038;d=mm","caption":"Deirdre O'Beirne-Rosaeg"},"url":"https:\/\/wekh.ca\/fr\/author\/deirdre\/"}]}},"_links":{"self":[{"href":"https:\/\/wekh.ca\/fr\/wp-json\/wp\/v2\/posts\/141052","targetHints":{"allow":["GET"]}}],"collection":[{"href":"https:\/\/wekh.ca\/fr\/wp-json\/wp\/v2\/posts"}],"about":[{"href":"https:\/\/wekh.ca\/fr\/wp-json\/wp\/v2\/types\/post"}],"author":[{"embeddable":true,"href":"https:\/\/wekh.ca\/fr\/wp-json\/wp\/v2\/users\/8230"}],"replies":[{"embeddable":true,"href":"https:\/\/wekh.ca\/fr\/wp-json\/wp\/v2\/comments?post=141052"}],"version-history":[{"count":5,"href":"https:\/\/wekh.ca\/fr\/wp-json\/wp\/v2\/posts\/141052\/revisions"}],"predecessor-version":[{"id":141099,"href":"https:\/\/wekh.ca\/fr\/wp-json\/wp\/v2\/posts\/141052\/revisions\/141099"}],"wp:featuredmedia":[{"embeddable":true,"href":"https:\/\/wekh.ca\/fr\/wp-json\/wp\/v2\/media\/141058"}],"wp:attachment":[{"href":"https:\/\/wekh.ca\/fr\/wp-json\/wp\/v2\/media?parent=141052"}],"wp:term":[{"taxonomy":"category","embeddable":true,"href":"https:\/\/wekh.ca\/fr\/wp-json\/wp\/v2\/categories?post=141052"},{"taxonomy":"post_tag","embeddable":true,"href":"https:\/\/wekh.ca\/fr\/wp-json\/wp\/v2\/tags?post=141052"}],"curies":[{"name":"wp","href":"https:\/\/api.w.org\/{rel}","templated":true}]}}