{"id":141269,"date":"2025-12-09T00:00:00","date_gmt":"2025-12-09T05:00:00","guid":{"rendered":"https:\/\/wekh.ca\/qui-le-construira-la-fondatrice-du-pcfe-la-dre-wendy-cukier-demontre-pourquoi-il-est-essentiel-dappliquer-une-perspective-de-genre-aux-priorites-du-canada\/"},"modified":"2026-02-03T13:46:24","modified_gmt":"2026-02-03T18:46:24","slug":"qui-le-construira-la-fondatrice-du-pcfe-la-dre-wendy-cukier-demontre-pourquoi-il-est-essentiel-dappliquer-une-perspective-de-genre-aux-priorites-du-canada","status":"publish","type":"post","link":"https:\/\/wekh.ca\/fr\/qui-le-construira-la-fondatrice-du-pcfe-la-dre-wendy-cukier-demontre-pourquoi-il-est-essentiel-dappliquer-une-perspective-de-genre-aux-priorites-du-canada\/","title":{"rendered":"Qui le construira ? La fondatrice du PCFE, la Dre Wendy Cukier, d\u00e9montre pourquoi il est essentiel d\u2019appliquer une perspective de genre aux priorit\u00e9s du Canada"},"content":{"rendered":"<?xml encoding=\"utf-8\" ?><figure class=\"wp-block-image size-large\">\r\n<figcaption class=\"wp-element-caption\"><em role=\"heading\">Tamara Thermitus Ad.E., &eacute;minente chercheuse principale Boulton et chercheuse invit&eacute;e au Centre McGill pour les droits de la personne et le pluralisme juridique, la Dre Wendy Cukier, copr&eacute;sidente de WEKH, et l&rsquo;honorable Rechie Valdez lors de l&rsquo;&eacute;v&eacute;nement Women Build Canada &agrave; Ottawa.<\/em><\/figcaption>\r\n<\/figure><p role=\"heading\">Les investissements pr&eacute;vus dans le Budget de 2025 du gouvernement du Canada, dans le cadre de l&rsquo;initiative Build Canada Better, en mati&egrave;re de projets majeurs, de diversification du commerce et de secteurs strat&eacute;giques repr&eacute;sentent des occasions importantes pour les petites et moyennes entreprises (PME) dirig&eacute;es par des femmes. Toutefois, les dirigeantes et dirigeants de l&rsquo;&eacute;cosyst&egrave;me entrepreneurial devront poursuivre leurs efforts de repr&eacute;sentation avec vigueur afin de garantir que ces entreprises puissent r&eacute;ellement tirer parti de ce moment potentiellement transformateur pour le d&eacute;veloppement &eacute;conomique du Canada.<\/p><p role=\"heading\">Lors de son allocution &agrave; l&rsquo;&eacute;v&eacute;nement &ldquo; Women Build Canada : Favoriser la r&eacute;ussite dans des secteurs strat&eacute;giques &rdquo;, organis&eacute; en novembre par le Portail de connaissances pour les femmes en entrepreneuriat (PCFE) et le Diversity Institute au Rideau Club d&rsquo;Ottawa, la fondatrice et directrice acad&eacute;mique, la Dre Wendy Cukier, a soulign&eacute; que, sans strat&eacute;gies intentionnelles et cibles mesurables, les entreprises dirig&eacute;es par des femmes risquent d&rsquo;&ecirc;tre &eacute;cart&eacute;es au moment o&ugrave; ces importants investissements f&eacute;d&eacute;raux seront d&eacute;ploy&eacute;s.<\/p><p role=\"heading\">&ldquo; Il faut concentrer les efforts sur l&rsquo;int&eacute;gration des entreprises dirig&eacute;es par des femmes aux cha&icirc;nes d&rsquo;approvisionnement de ces nouveaux projets &rdquo;, a-t-elle expliqu&eacute; lors d&rsquo;une discussion informelle anim&eacute;e avec l&rsquo;honorable Rechie Valdez, ministre des Femmes et de l&rsquo;&Eacute;galit&eacute; des genres et secr&eacute;taire d&rsquo;&Eacute;tat &agrave; la Petite entreprise et au Tourisme du Canada. Leur &eacute;change a suivi la pr&eacute;sentation, par la ministre Valdez, des faits saillants du Budget de 2025 devant un auditoire compos&eacute; de femmes entrepreneures, de dirigeantes influentes du milieu des affaires et de partenaires de l&rsquo;&eacute;cosyst&egrave;me.<\/p><figure class=\"wp-block-image size-large\"><img decoding=\"async\" class=\"lazyload_inited wp-image-101452\" src=\"https:\/\/wekh.ca\/wp-content\/uploads\/2026\/01\/IMG_3437-copy-2-scaled.jpg\" alt=\"Deux femmes assises sur sc&egrave;ne discutent devant un public. \">\r\n<figcaption class=\"wp-element-caption\"><em role=\"heading\">La ministre canadienne des Femmes et de l&rsquo;&Eacute;galit&eacute; des genre et secr&eacute;taire d&rsquo;&Eacute;tat aux Petites Entreprises et au Tourisme, l&rsquo;honorable Rechie Valdez, s&rsquo;exprimant lors de l&rsquo;&eacute;v&eacute;nement Women Build Canada.<\/em><\/figcaption>\r\n<\/figure><p role=\"heading\">&ldquo; Comme une petite ou moyenne entreprise appartenant &agrave; des femmes a peu de chances de rivaliser pour un projet de pont de 3 milliards de dollars, ou pour d&rsquo;autres investissements d&rsquo;infrastructure de cette ampleur, certaines des meilleures opportunit&eacute;s se trouveront plut&ocirc;t dans les r&ocirc;les de fournisseurs aupr&egrave;s des grandes entreprises et des partenaires responsables de la construction et de la r&eacute;alisation de ces projets. &rdquo;<\/p><p role=\"heading\">&Agrave; la suite de cette conversation au coin du feu, la Dre Cukier a pr&eacute;sent&eacute; d&rsquo;autres &eacute;clairages issus de l&rsquo;analyse fond&eacute;e sur le genre r&eacute;alis&eacute;e par le PCFE au sujet des initiatives Build Canada Strong, d&eacute;crivant le paysage actuel de l&rsquo;entrepreneuriat f&eacute;minin au Canada et examinant des secteurs pr&eacute;cis li&eacute;s aux domaines mis de l&rsquo;avant dans le budget.<\/p><p role=\"heading\">Par exemple:<\/p><ul class=\"wp-block-list\">\r\n<li>3 % des entreprises en technologies propres sont majoritairement d&eacute;tenues ou g&eacute;r&eacute;es par des femmes, alors que 18 % des entreprises en phase de recherche et d&eacute;veloppement sont dirig&eacute;es par des femmes. Les jeunes pousses du secteur vert dirig&eacute;es par des femmes affichent des rendements sur investissement sup&eacute;rieurs &agrave; ceux des jeunes pousses dirig&eacute;es par des hommes.<\/li>\r\n\r\n\r\n\r\n<li>Dans les entreprises &agrave; double vocation &mdash; celles qui servent &agrave; la fois les march&eacute;s de la d&eacute;fense et les march&eacute;s civils &mdash; la repr&eacute;sentation des femmes est en croissance. Toutefois, pour b&eacute;n&eacute;ficier des politiques d&rsquo;approvisionnement de d&eacute;fense &laquo; Achetez canadien &raquo;, il faut savoir naviguer dans les relations avec les entrepreneurs principaux et surmonter des m&eacute;canismes d&rsquo;approvisionnement souvent opaques.<\/li>\r\n\r\n\r\n\r\n<li>Les entreprises de construction dirig&eacute;es par des femmes demeurent une faible proportion du secteur, mais leur repr&eacute;sentation a augment&eacute; de fa&ccedil;on marqu&eacute;e &mdash; passant de 3,9 % en 2017 &agrave; 7,8 % en 2024.<\/li>\r\n\r\n\r\n\r\n<li>La propri&eacute;t&eacute; majoritaire ou la gestion par des femmes dans les secteurs professionnels, scientifiques et techniques est pass&eacute;e de 14,9 % en 2017 &agrave; 22 % en 2023.<\/li>\r\n\r\n\r\n\r\n<li>Le Canada est en t&ecirc;te au niveau mondial en mati&egrave;re de diversit&eacute; des genres dans le domaine de l&rsquo;IA, avec une augmentation de 67 % du nombre de femmes travaillant dans ce secteur entre 2022 et 2023, soit la plus forte augmentation au monde. L&rsquo;&eacute;cart entre les genres dans le domaine de l&rsquo;IA est moins important au Canada que dans d&rsquo;autres technologies : 47 % des femmes connaissent les programmes d&rsquo;IA, contre 53 % des hommes.<\/li>\r\n<\/ul><p role=\"heading\">La Dre Cukier a soulign&eacute; que les engagements du gouvernement visant &agrave; aider les PME &agrave; acc&eacute;der aux politiques d&rsquo;approvisionnement &laquo; Achetez canadien &raquo; et &agrave; des opportunit&eacute;s d&rsquo;exportation diversifi&eacute;es constituent des signaux encourageants pour les entreprises dirig&eacute;es par des femmes.<\/p><p role=\"heading\">&ldquo; Au cours des derni&egrave;res ann&eacute;es, une grande partie des efforts a port&eacute; sur l&rsquo;acc&egrave;s au financement, l&rsquo;acc&egrave;s aux pr&ecirc;ts et l&rsquo;acc&egrave;s aux investisseurs &mdash; des &eacute;l&eacute;ments qui demeurent tous tr&egrave;s importants. Mais l&rsquo;acc&egrave;s aux clients est tout aussi transformateur. Appliquer une perspective fond&eacute;e sur le genre et la diversit&eacute; &agrave; l&rsquo;approvisionnement est essentiel, particuli&egrave;rement &agrave; un moment o&ugrave; d&rsquo;importants investissements publics sont pr&eacute;vus. Il existe des opportunit&eacute;s en tant que fournisseurs de niveau 1, mais aussi de niveau 2, et nous voulons nous assurer que les grands projets accordent la priorit&eacute; aux retomb&eacute;es pour les collectivit&eacute;s dans le cadre des n&eacute;gociations, surtout dans le Nord.<\/p><p role=\"heading\">Montrant qu&rsquo;une perspective intersectionnelle et inclusive doit &ecirc;tre int&eacute;gr&eacute;e &agrave; l&rsquo;ensemble de l&rsquo;approche pangouvernementale associ&eacute;e &agrave; l&rsquo;initiative Build Canada Strong, la Dre Cukier a particuli&egrave;rement mis en lumi&egrave;re l&rsquo;impact &eacute;conomique majeur des personnes entrepreneures immigrantes, notamment les femmes :<\/p><ul class=\"wp-block-list\">\r\n<li>Les entreprises appartenant &agrave; des femmes ont combl&eacute; l&rsquo;&eacute;cart entre les genres et sont tout aussi susceptibles d&rsquo;exporter que les entreprises dirig&eacute;es par des hommes.<\/li>\r\n\r\n\r\n\r\n<li>En 2023, 20 % des PME appartenant &agrave; des personnes immigrantes ont export&eacute;, comparativement &agrave; 12,9 % des entreprises appartenant &agrave; des personnes non immigrantes et &agrave; 15,1 % de l&rsquo;ensemble des PME.<\/li>\r\n\r\n\r\n\r\n<li>Elles sont plus susceptibles d&rsquo;exporter vers des march&eacute;s autres que les &Eacute;tats-Unis que les PME dirig&eacute;es par des personnes n&eacute;es au Canada (76,1 % contre 88,2 %, qui se concentrent principalement sur le march&eacute; am&eacute;ricain).<\/li>\r\n\r\n\r\n\r\n<li>Les femmes sont surrepr&eacute;sent&eacute;es au sein de nombreux groupes d&rsquo;entrepreneuriat issus de diverses communaut&eacute;s ethniques, comparativement aux femmes dans la population g&eacute;n&eacute;rale.<\/li>\r\n<\/ul><p role=\"heading\">&ldquo; Les personnes immigrantes sont la force secr&egrave;te du Canada : nous sommes un pays ouvert sur le monde ; nous avons une main-d&rsquo;&oelig;uvre mondiale ; nous avons des personnes entrepreneures dont la port&eacute;e est internationale. C&rsquo;est un capital g&eacute;opolitique et un potentiel d&rsquo;acc&eacute;l&eacute;ration des exportations. &rdquo;<\/p><figure class=\"wp-block-image size-large\">\r\n<figcaption class=\"wp-element-caption\"><em role=\"heading\">Suzanne Gagnon, vice-doyenne &agrave; la recherche, professeure et titulaire de la chaire Canada Life &agrave; l&rsquo;Universit&eacute; du Manitoba, Wendy Cukier, directrice acad&eacute;mique du WEKH, Tania Saba, titulaire de la chaire BMO en diversit&eacute; et gouvernance &agrave; l&rsquo;Universit&eacute; de Montr&eacute;al, et Nathalie Bradbury, pr&eacute;sidente de l&rsquo;Organisation des femmes dans le commerce (OWIT) d&rsquo;Ottawa, lors de l&rsquo;&eacute;v&eacute;nement Women Build Canada &agrave; Ottawa.<\/em><\/figcaption>\r\n<\/figure><p role=\"heading\">La Dre Cukier a &eacute;galement salu&eacute; l&rsquo;importance accord&eacute;e, dans le Budget de 2025, &agrave; la transformation num&eacute;rique et &agrave; l&rsquo;adoption de l&rsquo;intelligence artificielle. Elle a soulign&eacute; la n&eacute;cessit&eacute; de r&eacute;soudre le paradoxe canadien en mati&egrave;re d&rsquo;IA : le Canada est reconnu mondialement comme un chef de file dans le d&eacute;veloppement des technologies d&rsquo;IA, mais demeure en retard lorsqu&rsquo;il s&rsquo;agit de les adopter. Permettre aux PME de combler cet &eacute;cart d&rsquo;adoption repr&eacute;sente une occasion majeure pour stimuler la croissance et renforcer l&rsquo;impact &eacute;conomique.<\/p><p role=\"heading\">&ldquo; Quatre-vingt-dix pour cent des emplois du secteur priv&eacute; reposent sur les PME, mais les plus petites entreprises sont tellement sollicit&eacute;es qu&rsquo;elles n&rsquo;ont pas toujours le temps, les ressources, le capital suppl&eacute;mentaire, ni les comp&eacute;tences n&eacute;cessaires pour tirer parti de cette technologie. &rdquo;<\/p><p role=\"heading\">Les recherches montrent que 65 % des PME qui utilisent l&rsquo;IA g&eacute;n&eacute;rative constatent une am&eacute;lioration du rendement de leur personnel. On estime qu&rsquo;une adoption plus large pourrait permettre aux personnes employ&eacute;es dans les PME d&rsquo;&eacute;conomiser en moyenne 125 heures par ann&eacute;e, et g&eacute;n&eacute;rer jusqu&rsquo;&agrave; 100 milliards de dollars de valeur annuellement. Ces gains, a-t-elle soutenu, d&eacute;pendent de la capacit&eacute; &agrave; outiller les personnes entrepreneures et leurs employ&eacute;es et employ&eacute;s des comp&eacute;tences n&eacute;cessaires pour utiliser l&rsquo;IA de mani&egrave;re responsable et efficace.<\/p><p role=\"heading\">Garantir que les entreprises dirig&eacute;es par des femmes puissent acc&eacute;der &agrave; l&rsquo;ensemble des opportunit&eacute;s offertes par les initiatives Build Canada Strong exigera un effort concert&eacute; entre le gouvernement, l&rsquo;industrie et l&rsquo;&eacute;cosyst&egrave;me entrepreneurial. L&rsquo;innovation inclusive doit &ecirc;tre int&eacute;gr&eacute;e d&egrave;s la conception des programmes et tout au long de leur &eacute;valuation, a conclu la Dre Cukier.<\/p><p role=\"heading\">&ldquo; Ce que nous cherchons r&eacute;ellement &agrave; accomplir, c&rsquo;est d&rsquo;int&eacute;grer une perspective fond&eacute;e sur le genre &agrave; l&rsquo;ensemble de l&rsquo;&eacute;cosyst&egrave;me. Cela signifie que pour chaque politique et pour chaque programme, il faut se poser la question : &ldquo;Quel est l&rsquo;impact pour les femmes entrepreneures ?&rdquo;, qu&rsquo;il s&rsquo;agisse de l&rsquo;IA, des investissements en science et technologie, des investissements en R-D ou encore des politiques fiscales. &rdquo;<\/p>\n","protected":false},"excerpt":{"rendered":"<p>&hellip;<\/p>\n","protected":false},"author":8230,"featured_media":141464,"comment_status":"closed","ping_status":"closed","sticky":false,"template":"","format":"standard","meta":{"_acf_changed":false,"_bbp_topic_count":0,"_bbp_reply_count":0,"_bbp_total_topic_count":0,"_bbp_total_reply_count":0,"_bbp_voice_count":0,"_bbp_anonymous_reply_count":0,"_bbp_topic_count_hidden":0,"_bbp_reply_count_hidden":0,"_bbp_forum_subforum_count":0,"footnotes":""},"categories":[6331],"tags":[],"class_list":["post-141269","post","type-post","status-publish","format-standard","has-post-thumbnail","hentry","category-evenements"],"acf":[],"yoast_head":"<!-- This site is optimized with the Yoast SEO plugin v27.5 - https:\/\/yoast.com\/product\/yoast-seo-wordpress\/ -->\n<title>Qui le construira ? La fondatrice du PCFE, la Dre Wendy Cukier, d\u00e9montre pourquoi il est essentiel d\u2019appliquer une perspective de genre aux priorit\u00e9s du Canada - WEKH-PCFE<\/title>\n<meta name=\"robots\" content=\"index, follow, max-snippet:-1, max-image-preview:large, max-video-preview:-1\" \/>\n<link rel=\"canonical\" href=\"https:\/\/wekh.ca\/fr\/qui-le-construira-la-fondatrice-du-pcfe-la-dre-wendy-cukier-demontre-pourquoi-il-est-essentiel-dappliquer-une-perspective-de-genre-aux-priorites-du-canada\/\" \/>\n<meta property=\"og:locale\" content=\"fr_FR\" \/>\n<meta property=\"og:type\" content=\"article\" \/>\n<meta property=\"og:title\" content=\"Qui le construira ? La fondatrice du PCFE, la Dre Wendy Cukier, d\u00e9montre pourquoi il est essentiel d\u2019appliquer une perspective de genre aux priorit\u00e9s du Canada - WEKH-PCFE\" \/>\n<meta property=\"og:description\" content=\"&hellip;\" \/>\n<meta property=\"og:url\" content=\"https:\/\/wekh.ca\/fr\/qui-le-construira-la-fondatrice-du-pcfe-la-dre-wendy-cukier-demontre-pourquoi-il-est-essentiel-dappliquer-une-perspective-de-genre-aux-priorites-du-canada\/\" \/>\n<meta property=\"og:site_name\" content=\"WEKH-PCFE\" \/>\n<meta property=\"article:published_time\" content=\"2025-12-09T05:00:00+00:00\" \/>\n<meta property=\"article:modified_time\" content=\"2026-02-03T18:46:24+00:00\" \/>\n<meta property=\"og:image\" content=\"https:\/\/wekh.ca\/wp-content\/uploads\/2026\/01\/IMG_3352-copy-scaled-1.jpg\" \/>\n\t<meta property=\"og:image:width\" content=\"2560\" \/>\n\t<meta property=\"og:image:height\" content=\"1440\" \/>\n\t<meta property=\"og:image:type\" content=\"image\/jpeg\" \/>\n<meta name=\"author\" content=\"Deirdre O&#039;Beirne-Rosaeg\" \/>\n<meta name=\"twitter:card\" content=\"summary_large_image\" \/>\n<meta name=\"twitter:label1\" content=\"\u00c9crit par\" \/>\n\t<meta name=\"twitter:data1\" content=\"Deirdre O&#039;Beirne-Rosaeg\" \/>\n\t<meta name=\"twitter:label2\" content=\"Dur\u00e9e de lecture estim\u00e9e\" \/>\n\t<meta name=\"twitter:data2\" content=\"7 minutes\" \/>\n<script type=\"application\/ld+json\" class=\"yoast-schema-graph\">{\"@context\":\"https:\\\/\\\/schema.org\",\"@graph\":[{\"@type\":\"Article\",\"@id\":\"https:\\\/\\\/wekh.ca\\\/fr\\\/qui-le-construira-la-fondatrice-du-pcfe-la-dre-wendy-cukier-demontre-pourquoi-il-est-essentiel-dappliquer-une-perspective-de-genre-aux-priorites-du-canada\\\/#article\",\"isPartOf\":{\"@id\":\"https:\\\/\\\/wekh.ca\\\/fr\\\/qui-le-construira-la-fondatrice-du-pcfe-la-dre-wendy-cukier-demontre-pourquoi-il-est-essentiel-dappliquer-une-perspective-de-genre-aux-priorites-du-canada\\\/\"},\"author\":{\"name\":\"Deirdre O'Beirne-Rosaeg\",\"@id\":\"https:\\\/\\\/wekh.ca\\\/#\\\/schema\\\/person\\\/0ef71c822bc3208949644604ff2b1bc3\"},\"headline\":\"Qui le construira ? La fondatrice du PCFE, la Dre Wendy Cukier, d\u00e9montre pourquoi il est essentiel d\u2019appliquer une perspective de genre aux priorit\u00e9s du Canada\",\"datePublished\":\"2025-12-09T05:00:00+00:00\",\"dateModified\":\"2026-02-03T18:46:24+00:00\",\"mainEntityOfPage\":{\"@id\":\"https:\\\/\\\/wekh.ca\\\/fr\\\/qui-le-construira-la-fondatrice-du-pcfe-la-dre-wendy-cukier-demontre-pourquoi-il-est-essentiel-dappliquer-une-perspective-de-genre-aux-priorites-du-canada\\\/\"},\"wordCount\":1590,\"publisher\":{\"@id\":\"https:\\\/\\\/wekh.ca\\\/#organization\"},\"image\":{\"@id\":\"https:\\\/\\\/wekh.ca\\\/fr\\\/qui-le-construira-la-fondatrice-du-pcfe-la-dre-wendy-cukier-demontre-pourquoi-il-est-essentiel-dappliquer-une-perspective-de-genre-aux-priorites-du-canada\\\/#primaryimage\"},\"thumbnailUrl\":\"https:\\\/\\\/wekh.ca\\\/wp-content\\\/uploads\\\/2026\\\/01\\\/IMG_3352-copy-scaled-1.jpg\",\"articleSection\":[\"\u00c9v\u00e9nements\"],\"inLanguage\":\"fr-FR\"},{\"@type\":\"WebPage\",\"@id\":\"https:\\\/\\\/wekh.ca\\\/fr\\\/qui-le-construira-la-fondatrice-du-pcfe-la-dre-wendy-cukier-demontre-pourquoi-il-est-essentiel-dappliquer-une-perspective-de-genre-aux-priorites-du-canada\\\/\",\"url\":\"https:\\\/\\\/wekh.ca\\\/fr\\\/qui-le-construira-la-fondatrice-du-pcfe-la-dre-wendy-cukier-demontre-pourquoi-il-est-essentiel-dappliquer-une-perspective-de-genre-aux-priorites-du-canada\\\/\",\"name\":\"Qui le construira ? La fondatrice du PCFE, la Dre Wendy Cukier, d\u00e9montre pourquoi il est essentiel d\u2019appliquer une perspective de genre aux priorit\u00e9s du Canada - WEKH-PCFE\",\"isPartOf\":{\"@id\":\"https:\\\/\\\/wekh.ca\\\/#website\"},\"primaryImageOfPage\":{\"@id\":\"https:\\\/\\\/wekh.ca\\\/fr\\\/qui-le-construira-la-fondatrice-du-pcfe-la-dre-wendy-cukier-demontre-pourquoi-il-est-essentiel-dappliquer-une-perspective-de-genre-aux-priorites-du-canada\\\/#primaryimage\"},\"image\":{\"@id\":\"https:\\\/\\\/wekh.ca\\\/fr\\\/qui-le-construira-la-fondatrice-du-pcfe-la-dre-wendy-cukier-demontre-pourquoi-il-est-essentiel-dappliquer-une-perspective-de-genre-aux-priorites-du-canada\\\/#primaryimage\"},\"thumbnailUrl\":\"https:\\\/\\\/wekh.ca\\\/wp-content\\\/uploads\\\/2026\\\/01\\\/IMG_3352-copy-scaled-1.jpg\",\"datePublished\":\"2025-12-09T05:00:00+00:00\",\"dateModified\":\"2026-02-03T18:46:24+00:00\",\"breadcrumb\":{\"@id\":\"https:\\\/\\\/wekh.ca\\\/fr\\\/qui-le-construira-la-fondatrice-du-pcfe-la-dre-wendy-cukier-demontre-pourquoi-il-est-essentiel-dappliquer-une-perspective-de-genre-aux-priorites-du-canada\\\/#breadcrumb\"},\"inLanguage\":\"fr-FR\",\"potentialAction\":[{\"@type\":\"ReadAction\",\"target\":[\"https:\\\/\\\/wekh.ca\\\/fr\\\/qui-le-construira-la-fondatrice-du-pcfe-la-dre-wendy-cukier-demontre-pourquoi-il-est-essentiel-dappliquer-une-perspective-de-genre-aux-priorites-du-canada\\\/\"]}]},{\"@type\":\"ImageObject\",\"inLanguage\":\"fr-FR\",\"@id\":\"https:\\\/\\\/wekh.ca\\\/fr\\\/qui-le-construira-la-fondatrice-du-pcfe-la-dre-wendy-cukier-demontre-pourquoi-il-est-essentiel-dappliquer-une-perspective-de-genre-aux-priorites-du-canada\\\/#primaryimage\",\"url\":\"https:\\\/\\\/wekh.ca\\\/wp-content\\\/uploads\\\/2026\\\/01\\\/IMG_3352-copy-scaled-1.jpg\",\"contentUrl\":\"https:\\\/\\\/wekh.ca\\\/wp-content\\\/uploads\\\/2026\\\/01\\\/IMG_3352-copy-scaled-1.jpg\",\"width\":2560,\"height\":1440,\"caption\":\"Tamara Thermitus Ad.E., Distinguished Boulton Senior Fellow and visiting scholar at the McGill Centre for Human Rights and Legal Pluralism, Dr. Wendy Cukier, Co-Chair of WEKH and the Honourable Rechie Valdez at the Women Build Canada event in Ottawa.\"},{\"@type\":\"BreadcrumbList\",\"@id\":\"https:\\\/\\\/wekh.ca\\\/fr\\\/qui-le-construira-la-fondatrice-du-pcfe-la-dre-wendy-cukier-demontre-pourquoi-il-est-essentiel-dappliquer-une-perspective-de-genre-aux-priorites-du-canada\\\/#breadcrumb\",\"itemListElement\":[{\"@type\":\"ListItem\",\"position\":1,\"name\":\"Home\",\"item\":\"https:\\\/\\\/wekh.ca\\\/\"},{\"@type\":\"ListItem\",\"position\":2,\"name\":\"Qui le construira ? La fondatrice du PCFE, la Dre Wendy Cukier, d\u00e9montre pourquoi il est essentiel d\u2019appliquer une perspective de genre aux priorit\u00e9s du Canada\"}]},{\"@type\":\"WebSite\",\"@id\":\"https:\\\/\\\/wekh.ca\\\/#website\",\"url\":\"https:\\\/\\\/wekh.ca\\\/\",\"name\":\"WEKH-PCFE\",\"description\":\"Women Entrepreneurship Knowledge Hub\",\"publisher\":{\"@id\":\"https:\\\/\\\/wekh.ca\\\/#organization\"},\"potentialAction\":[{\"@type\":\"SearchAction\",\"target\":{\"@type\":\"EntryPoint\",\"urlTemplate\":\"https:\\\/\\\/wekh.ca\\\/?s={search_term_string}\"},\"query-input\":{\"@type\":\"PropertyValueSpecification\",\"valueRequired\":true,\"valueName\":\"search_term_string\"}}],\"inLanguage\":\"fr-FR\"},{\"@type\":\"Organization\",\"@id\":\"https:\\\/\\\/wekh.ca\\\/#organization\",\"name\":\"WEKH-PCFE\",\"url\":\"https:\\\/\\\/wekh.ca\\\/\",\"logo\":{\"@type\":\"ImageObject\",\"inLanguage\":\"fr-FR\",\"@id\":\"https:\\\/\\\/wekh.ca\\\/#\\\/schema\\\/logo\\\/image\\\/\",\"url\":\"https:\\\/\\\/wekh.ca\\\/wp-content\\\/uploads\\\/2024\\\/09\\\/Wekh-PCFE-Logo.png\",\"contentUrl\":\"https:\\\/\\\/wekh.ca\\\/wp-content\\\/uploads\\\/2024\\\/09\\\/Wekh-PCFE-Logo.png\",\"width\":917,\"height\":498,\"caption\":\"WEKH-PCFE\"},\"image\":{\"@id\":\"https:\\\/\\\/wekh.ca\\\/#\\\/schema\\\/logo\\\/image\\\/\"}},{\"@type\":\"Person\",\"@id\":\"https:\\\/\\\/wekh.ca\\\/#\\\/schema\\\/person\\\/0ef71c822bc3208949644604ff2b1bc3\",\"name\":\"Deirdre O'Beirne-Rosaeg\",\"image\":{\"@type\":\"ImageObject\",\"inLanguage\":\"fr-FR\",\"@id\":\"\\\/\\\/www.gravatar.com\\\/avatar\\\/98f91f9a9ad188875b736ec7873d9e41?s=96&#038;r=g&#038;d=mm\",\"url\":\"\\\/\\\/www.gravatar.com\\\/avatar\\\/98f91f9a9ad188875b736ec7873d9e41?s=96&#038;r=g&#038;d=mm\",\"contentUrl\":\"\\\/\\\/www.gravatar.com\\\/avatar\\\/98f91f9a9ad188875b736ec7873d9e41?s=96&#038;r=g&#038;d=mm\",\"caption\":\"Deirdre O'Beirne-Rosaeg\"},\"url\":\"https:\\\/\\\/wekh.ca\\\/fr\\\/author\\\/deirdre\\\/\"}]}<\/script>\n<!-- \/ Yoast SEO plugin. -->","yoast_head_json":{"title":"Qui le construira ? La fondatrice du PCFE, la Dre Wendy Cukier, d\u00e9montre pourquoi il est essentiel d\u2019appliquer une perspective de genre aux priorit\u00e9s du Canada - WEKH-PCFE","robots":{"index":"index","follow":"follow","max-snippet":"max-snippet:-1","max-image-preview":"max-image-preview:large","max-video-preview":"max-video-preview:-1"},"canonical":"https:\/\/wekh.ca\/fr\/qui-le-construira-la-fondatrice-du-pcfe-la-dre-wendy-cukier-demontre-pourquoi-il-est-essentiel-dappliquer-une-perspective-de-genre-aux-priorites-du-canada\/","og_locale":"fr_FR","og_type":"article","og_title":"Qui le construira ? La fondatrice du PCFE, la Dre Wendy Cukier, d\u00e9montre pourquoi il est essentiel d\u2019appliquer une perspective de genre aux priorit\u00e9s du Canada - WEKH-PCFE","og_description":"&hellip;","og_url":"https:\/\/wekh.ca\/fr\/qui-le-construira-la-fondatrice-du-pcfe-la-dre-wendy-cukier-demontre-pourquoi-il-est-essentiel-dappliquer-une-perspective-de-genre-aux-priorites-du-canada\/","og_site_name":"WEKH-PCFE","article_published_time":"2025-12-09T05:00:00+00:00","article_modified_time":"2026-02-03T18:46:24+00:00","og_image":[{"width":2560,"height":1440,"url":"https:\/\/wekh.ca\/wp-content\/uploads\/2026\/01\/IMG_3352-copy-scaled-1.jpg","type":"image\/jpeg"}],"author":"Deirdre O'Beirne-Rosaeg","twitter_card":"summary_large_image","twitter_misc":{"\u00c9crit par":"Deirdre O'Beirne-Rosaeg","Dur\u00e9e de lecture estim\u00e9e":"7 minutes"},"schema":{"@context":"https:\/\/schema.org","@graph":[{"@type":"Article","@id":"https:\/\/wekh.ca\/fr\/qui-le-construira-la-fondatrice-du-pcfe-la-dre-wendy-cukier-demontre-pourquoi-il-est-essentiel-dappliquer-une-perspective-de-genre-aux-priorites-du-canada\/#article","isPartOf":{"@id":"https:\/\/wekh.ca\/fr\/qui-le-construira-la-fondatrice-du-pcfe-la-dre-wendy-cukier-demontre-pourquoi-il-est-essentiel-dappliquer-une-perspective-de-genre-aux-priorites-du-canada\/"},"author":{"name":"Deirdre O'Beirne-Rosaeg","@id":"https:\/\/wekh.ca\/#\/schema\/person\/0ef71c822bc3208949644604ff2b1bc3"},"headline":"Qui le construira ? La fondatrice du PCFE, la Dre Wendy Cukier, d\u00e9montre pourquoi il est essentiel d\u2019appliquer une perspective de genre aux priorit\u00e9s du Canada","datePublished":"2025-12-09T05:00:00+00:00","dateModified":"2026-02-03T18:46:24+00:00","mainEntityOfPage":{"@id":"https:\/\/wekh.ca\/fr\/qui-le-construira-la-fondatrice-du-pcfe-la-dre-wendy-cukier-demontre-pourquoi-il-est-essentiel-dappliquer-une-perspective-de-genre-aux-priorites-du-canada\/"},"wordCount":1590,"publisher":{"@id":"https:\/\/wekh.ca\/#organization"},"image":{"@id":"https:\/\/wekh.ca\/fr\/qui-le-construira-la-fondatrice-du-pcfe-la-dre-wendy-cukier-demontre-pourquoi-il-est-essentiel-dappliquer-une-perspective-de-genre-aux-priorites-du-canada\/#primaryimage"},"thumbnailUrl":"https:\/\/wekh.ca\/wp-content\/uploads\/2026\/01\/IMG_3352-copy-scaled-1.jpg","articleSection":["\u00c9v\u00e9nements"],"inLanguage":"fr-FR"},{"@type":"WebPage","@id":"https:\/\/wekh.ca\/fr\/qui-le-construira-la-fondatrice-du-pcfe-la-dre-wendy-cukier-demontre-pourquoi-il-est-essentiel-dappliquer-une-perspective-de-genre-aux-priorites-du-canada\/","url":"https:\/\/wekh.ca\/fr\/qui-le-construira-la-fondatrice-du-pcfe-la-dre-wendy-cukier-demontre-pourquoi-il-est-essentiel-dappliquer-une-perspective-de-genre-aux-priorites-du-canada\/","name":"Qui le construira ? La fondatrice du PCFE, la Dre Wendy Cukier, d\u00e9montre pourquoi il est essentiel d\u2019appliquer une perspective de genre aux priorit\u00e9s du Canada - WEKH-PCFE","isPartOf":{"@id":"https:\/\/wekh.ca\/#website"},"primaryImageOfPage":{"@id":"https:\/\/wekh.ca\/fr\/qui-le-construira-la-fondatrice-du-pcfe-la-dre-wendy-cukier-demontre-pourquoi-il-est-essentiel-dappliquer-une-perspective-de-genre-aux-priorites-du-canada\/#primaryimage"},"image":{"@id":"https:\/\/wekh.ca\/fr\/qui-le-construira-la-fondatrice-du-pcfe-la-dre-wendy-cukier-demontre-pourquoi-il-est-essentiel-dappliquer-une-perspective-de-genre-aux-priorites-du-canada\/#primaryimage"},"thumbnailUrl":"https:\/\/wekh.ca\/wp-content\/uploads\/2026\/01\/IMG_3352-copy-scaled-1.jpg","datePublished":"2025-12-09T05:00:00+00:00","dateModified":"2026-02-03T18:46:24+00:00","breadcrumb":{"@id":"https:\/\/wekh.ca\/fr\/qui-le-construira-la-fondatrice-du-pcfe-la-dre-wendy-cukier-demontre-pourquoi-il-est-essentiel-dappliquer-une-perspective-de-genre-aux-priorites-du-canada\/#breadcrumb"},"inLanguage":"fr-FR","potentialAction":[{"@type":"ReadAction","target":["https:\/\/wekh.ca\/fr\/qui-le-construira-la-fondatrice-du-pcfe-la-dre-wendy-cukier-demontre-pourquoi-il-est-essentiel-dappliquer-une-perspective-de-genre-aux-priorites-du-canada\/"]}]},{"@type":"ImageObject","inLanguage":"fr-FR","@id":"https:\/\/wekh.ca\/fr\/qui-le-construira-la-fondatrice-du-pcfe-la-dre-wendy-cukier-demontre-pourquoi-il-est-essentiel-dappliquer-une-perspective-de-genre-aux-priorites-du-canada\/#primaryimage","url":"https:\/\/wekh.ca\/wp-content\/uploads\/2026\/01\/IMG_3352-copy-scaled-1.jpg","contentUrl":"https:\/\/wekh.ca\/wp-content\/uploads\/2026\/01\/IMG_3352-copy-scaled-1.jpg","width":2560,"height":1440,"caption":"Tamara Thermitus Ad.E., Distinguished Boulton Senior Fellow and visiting scholar at the McGill Centre for Human Rights and Legal Pluralism, Dr. Wendy Cukier, Co-Chair of WEKH and the Honourable Rechie Valdez at the Women Build Canada event in Ottawa."},{"@type":"BreadcrumbList","@id":"https:\/\/wekh.ca\/fr\/qui-le-construira-la-fondatrice-du-pcfe-la-dre-wendy-cukier-demontre-pourquoi-il-est-essentiel-dappliquer-une-perspective-de-genre-aux-priorites-du-canada\/#breadcrumb","itemListElement":[{"@type":"ListItem","position":1,"name":"Home","item":"https:\/\/wekh.ca\/"},{"@type":"ListItem","position":2,"name":"Qui le construira ? La fondatrice du PCFE, la Dre Wendy Cukier, d\u00e9montre pourquoi il est essentiel d\u2019appliquer une perspective de genre aux priorit\u00e9s du Canada"}]},{"@type":"WebSite","@id":"https:\/\/wekh.ca\/#website","url":"https:\/\/wekh.ca\/","name":"WEKH-PCFE","description":"Women Entrepreneurship Knowledge Hub","publisher":{"@id":"https:\/\/wekh.ca\/#organization"},"potentialAction":[{"@type":"SearchAction","target":{"@type":"EntryPoint","urlTemplate":"https:\/\/wekh.ca\/?s={search_term_string}"},"query-input":{"@type":"PropertyValueSpecification","valueRequired":true,"valueName":"search_term_string"}}],"inLanguage":"fr-FR"},{"@type":"Organization","@id":"https:\/\/wekh.ca\/#organization","name":"WEKH-PCFE","url":"https:\/\/wekh.ca\/","logo":{"@type":"ImageObject","inLanguage":"fr-FR","@id":"https:\/\/wekh.ca\/#\/schema\/logo\/image\/","url":"https:\/\/wekh.ca\/wp-content\/uploads\/2024\/09\/Wekh-PCFE-Logo.png","contentUrl":"https:\/\/wekh.ca\/wp-content\/uploads\/2024\/09\/Wekh-PCFE-Logo.png","width":917,"height":498,"caption":"WEKH-PCFE"},"image":{"@id":"https:\/\/wekh.ca\/#\/schema\/logo\/image\/"}},{"@type":"Person","@id":"https:\/\/wekh.ca\/#\/schema\/person\/0ef71c822bc3208949644604ff2b1bc3","name":"Deirdre O'Beirne-Rosaeg","image":{"@type":"ImageObject","inLanguage":"fr-FR","@id":"\/\/www.gravatar.com\/avatar\/98f91f9a9ad188875b736ec7873d9e41?s=96&#038;r=g&#038;d=mm","url":"\/\/www.gravatar.com\/avatar\/98f91f9a9ad188875b736ec7873d9e41?s=96&#038;r=g&#038;d=mm","contentUrl":"\/\/www.gravatar.com\/avatar\/98f91f9a9ad188875b736ec7873d9e41?s=96&#038;r=g&#038;d=mm","caption":"Deirdre O'Beirne-Rosaeg"},"url":"https:\/\/wekh.ca\/fr\/author\/deirdre\/"}]}},"_links":{"self":[{"href":"https:\/\/wekh.ca\/fr\/wp-json\/wp\/v2\/posts\/141269","targetHints":{"allow":["GET"]}}],"collection":[{"href":"https:\/\/wekh.ca\/fr\/wp-json\/wp\/v2\/posts"}],"about":[{"href":"https:\/\/wekh.ca\/fr\/wp-json\/wp\/v2\/types\/post"}],"author":[{"embeddable":true,"href":"https:\/\/wekh.ca\/fr\/wp-json\/wp\/v2\/users\/8230"}],"replies":[{"embeddable":true,"href":"https:\/\/wekh.ca\/fr\/wp-json\/wp\/v2\/comments?post=141269"}],"version-history":[{"count":2,"href":"https:\/\/wekh.ca\/fr\/wp-json\/wp\/v2\/posts\/141269\/revisions"}],"predecessor-version":[{"id":141577,"href":"https:\/\/wekh.ca\/fr\/wp-json\/wp\/v2\/posts\/141269\/revisions\/141577"}],"wp:featuredmedia":[{"embeddable":true,"href":"https:\/\/wekh.ca\/fr\/wp-json\/wp\/v2\/media\/141464"}],"wp:attachment":[{"href":"https:\/\/wekh.ca\/fr\/wp-json\/wp\/v2\/media?parent=141269"}],"wp:term":[{"taxonomy":"category","embeddable":true,"href":"https:\/\/wekh.ca\/fr\/wp-json\/wp\/v2\/categories?post=141269"},{"taxonomy":"post_tag","embeddable":true,"href":"https:\/\/wekh.ca\/fr\/wp-json\/wp\/v2\/tags?post=141269"}],"curies":[{"name":"wp","href":"https:\/\/api.w.org\/{rel}","templated":true}]}}