{"id":141278,"date":"2025-12-09T00:00:00","date_gmt":"2025-12-09T05:00:00","guid":{"rendered":"https:\/\/wekh.ca\/la-ministre-valdez-presente-les-faits-saillants-du-budget-de-2025-lors-dun-evenement-du-pcfe-a-ottawa\/"},"modified":"2026-01-14T12:52:35","modified_gmt":"2026-01-14T17:52:35","slug":"la-ministre-valdez-presente-les-faits-saillants-du-budget-de-2025-lors-dun-evenement-du-pcfe-a-ottawa","status":"publish","type":"post","link":"https:\/\/wekh.ca\/fr\/la-ministre-valdez-presente-les-faits-saillants-du-budget-de-2025-lors-dun-evenement-du-pcfe-a-ottawa\/","title":{"rendered":"La ministre Valdez pr\u00e9sente les faits saillants du Budget de 2025 lors d\u2019un \u00e9v\u00e9nement du PCFE \u00e0 Ottawa"},"content":{"rendered":"<?xml encoding=\"utf-8\" ?><h2 class=\"wp-block-heading\">La Dre Wendy Cukier, du PCFE, anime une conversation au coin du feu sur les opportunit&eacute;s offertes aux entreprises dirig&eacute;es par des femmes dans le cadre de l&rsquo;initiative f&eacute;d&eacute;rale Build Canada Strong.<\/h2><p role=\"heading\">&ldquo;Notre gouvernement croit que toutes les femmes m&eacute;ritent l&rsquo;opportunit&eacute; de participer, de diriger et de s&rsquo;&eacute;panouir. Leur participation accrue contribue &agrave; la croissance de l&rsquo;&eacute;conomie canadienne, ajoutant des milliards de dollars au PIB. En termes simples, nous ne pouvons pas b&acirc;tir l&rsquo;&eacute;conomie la plus forte du G7 sans la participation pleine et active des femmes.&rdquo;<\/p><figure class=\"wp-block-image size-large\"><figcaption class=\"wp-element-caption\"><em role=\"heading\">L&rsquo;honorable Rechie Valdez, ministre canadienne des Femmes et de l&rsquo;&Eacute;galit&eacute; des sexes et secr&eacute;taire d&rsquo;&Eacute;tat aux Petites Entreprises et au Tourisme, s&rsquo;exprimant lors de l&rsquo;&eacute;v&eacute;nement Women Build Canada.<\/em><\/figcaption><\/figure><p role=\"heading\">L&rsquo;honorable Rechie Valdez, ministre des Femmes et de l&rsquo;&Eacute;galit&eacute; des genres et secr&eacute;taire d&rsquo;&Eacute;tat &agrave; la Petite entreprise et au Tourisme du Canada, a formul&eacute; cette d&eacute;claration lors de l&rsquo;&eacute;v&eacute;nement Women Build Canada : Favoriser la r&eacute;ussite dans des secteurs strat&eacute;giques, organis&eacute; en novembre par le Portail de connaissances pour les femmes en entrepreneuriat (PCFE) et le Diversity Institute au Rideau Club d&rsquo;Ottawa.<\/p><p role=\"heading\">En d&eacute;crivant ses propres exp&eacute;riences en tant que fondatrice, la ministre a confi&eacute; &agrave; l&rsquo;auditoire compos&eacute; de femmes entrepreneures et de partenaires de l&rsquo;&eacute;cosyst&egrave;me qu&rsquo;elle avait &ldquo; d&eacute;couvert, au fil de ce parcours, tous les obstacles et les d&eacute;fis auxquels les personnes entrepreneures sont encore confront&eacute;es aujourd&rsquo;hui, en particulier lorsqu&rsquo;il s&rsquo;agit d&rsquo;acc&eacute;der aux r&eacute;seaux de capital et au mentorat &rdquo;.<\/p><p role=\"heading\">&ldquo; Ces exp&eacute;riences ont fa&ccedil;onn&eacute; mon r&ocirc;le, tant comme ministre de la Petite entreprise et du Tourisme que comme ministre des Femmes et de l&rsquo;&Eacute;galit&eacute; des genres. Lorsque je si&egrave;ge &agrave; la table du Cabinet, je pense aux femmes fondatrices qui font cro&icirc;tre leur entreprise, aux femmes entrepreneures pr&ecirc;tes &agrave; exporter, ainsi qu&rsquo;aux femmes porteuses d&rsquo;id&eacute;es novatrices qui sont encore ignor&eacute;es et trop souvent sous-estim&eacute;es. &rdquo;<\/p><p role=\"heading\">En pr&eacute;sentant les faits saillants du Budget de 2025 du gouvernement f&eacute;d&eacute;ral, qui venait tout juste d&rsquo;&ecirc;tre adopt&eacute; la semaine pr&eacute;c&eacute;dente, la ministre Valdez a indiqu&eacute; que les investissements f&eacute;d&eacute;raux de plus de 7 milliards de dollars r&eacute;alis&eacute;s dans le cadre de la Strat&eacute;gie pour les femmes en entrepreneuriat ont aid&eacute; pr&egrave;s de 500 000 femmes &agrave; acc&eacute;der au financement, &agrave; des services de conseils, &agrave; des occasions de r&eacute;seautage et au mentorat.<\/p><p role=\"heading\">&ldquo; En plus d&rsquo;un engagement budg&eacute;taire de plus de 660 millions de dollars sur cinq ans pour soutenir le minist&egrave;re des Femmes et &Eacute;galit&eacute; des genres Canada (FEGC), le Budget de 2025 comprend un engagement de 380 millions de dollars &laquo; pour revitaliser et stabiliser les efforts visant &agrave; faire progresser l&rsquo;&eacute;galit&eacute; des femmes au Canada gr&acirc;ce &agrave; des initiatives comme le Programme de promotion de la femme &raquo;, a-t-elle ajout&eacute;. &rdquo;<\/p><p role=\"heading\">La ministre a &eacute;galement mis en lumi&egrave;re des initiatives visant &agrave; renforcer les outils et les ressources destin&eacute;s aux entreprises dirig&eacute;es par des femmes, notamment 46,5 millions de dollars pour le Programme de pr&eacute;paration &agrave; l&rsquo;exportation des PME, 68 millions de dollars pour l&rsquo;expansion de CanExport, &ldquo; afin que davantage d&rsquo;entreprises dirig&eacute;es par des femmes puissent acc&eacute;der &agrave; de nouveaux march&eacute;s en toute confiance &rdquo;, ainsi que la D&eacute;duction bonifi&eacute;e pour la productivit&eacute;, un ensemble de mesures fiscales con&ccedil;u pour faciliter les investissements des petites entreprises dans la technologie, l&rsquo;&eacute;quipement et l&rsquo;innovation, y compris l&rsquo;intelligence artificielle.<\/p><figure class=\"wp-block-image size-large\"><img decoding=\"async\" src=\"https:\/\/wekh.ca\/wp-content\/uploads\/2026\/01\/IMG_3437-copy-2-scaled.jpg\" alt=\"Deux femmes assises sur sc&egrave;ne discutent devant un public. \" class=\"lazyload_inited wp-image-101453\"><figcaption class=\"wp-element-caption\"><em role=\"heading\"><em>La ministre canadienne des Femmes et de l&rsquo;&Eacute;galit&eacute; des genre et secr&eacute;taire d&rsquo;&Eacute;tat aux Petites Entreprises et au Tourisme, l&rsquo;honorable Rechie Valdez, s&rsquo;exprimant lors de l&rsquo;&eacute;v&eacute;nement Women Build Canada.<\/em><\/em><\/figcaption><\/figure><h2 class=\"wp-block-heading\"><strong>Une conversation au coin du feu explore l&rsquo;&eacute;laboration de politiques fond&eacute;es sur le genre et les soutiens destin&eacute;s aux PME dirig&eacute;es par des femmes<\/strong><\/h2><p role=\"heading\">&Agrave; la suite de ses remarques d&rsquo;ouverture, la ministre s&rsquo;est jointe &agrave; la Dre Wendy Cukier, fondatrice et directrice acad&eacute;mique du PCFE, pour une vaste conversation au coin du feu.<\/p><p role=\"heading\">Accueillant favorablement l&rsquo;engagement du gouvernement du Canada envers FEGC et son soutien &agrave; la Strat&eacute;gie pour les femmes en entrepreneuriat, la Dre Cukier a invit&eacute; la ministre &agrave; partager ses perspectives sur les principales mesures budg&eacute;taires, sur le r&ocirc;le des soutiens int&eacute;gr&eacute;s pour les fondatrices, ainsi que sur les fa&ccedil;ons dont les entreprises dirig&eacute;es par des femmes peuvent saisir les opportunit&eacute;s offertes par la diversification du commerce mondial, les politiques d&rsquo;approvisionnement &ldquo; Achetez canadien &rdquo;, et la croissance des secteurs strat&eacute;giques &mdash; des th&egrave;mes qui seraient abord&eacute;s lors des panels pr&eacute;vus plus tard dans la journ&eacute;e.<\/p><p role=\"heading\">Reconnaissant l&rsquo;importance des soutiens int&eacute;gr&eacute;s qui permettent aux femmes de lancer et de faire cro&icirc;tre leur entreprise, la ministre Valdez a soulign&eacute; que les programmes de formation, le mentorat et l&rsquo;appui du gouvernement f&eacute;d&eacute;ral en mati&egrave;re de services de garde sont essentiels &agrave; la participation pleine et enti&egrave;re des femmes &agrave; l&rsquo;&eacute;conomie. Elle a &eacute;galement mentionn&eacute; un investissement de 220 millions de dollars destin&eacute; &agrave; lutter contre la violence fond&eacute;e sur le genre, affirmant que &ldquo; les opportunit&eacute;s &eacute;conomiques d&eacute;pendent de la s&eacute;curit&eacute; des femmes et du fait de garantir qu&rsquo;elles disposent de la stabilit&eacute; et de la protection n&eacute;cessaires pour poursuivre leurs objectifs &rdquo;.<\/p><p role=\"heading\">&ldquo; Ensemble, ces initiatives donnent aux femmes le pouvoir de red&eacute;finir le paysage entrepreneurial, de briser les plafonds de verre et de b&acirc;tir une &eacute;conomie d&rsquo;avenir o&ugrave; chaque femme a une opportunit&eacute; &eacute;gale de r&eacute;ussir.&rdquo;<\/p><p role=\"heading\">La Dre Cukier a soulign&eacute; que le gouvernement f&eacute;d&eacute;ral d&eacute;pense 30 milliards de dollars par ann&eacute;e en biens et services, et que le Budget de 2025 pr&eacute;sente de nouvelles initiatives Build Canada ainsi que des secteurs prioritaires. Sans strat&eacute;gies intentionnelles ni cibles mesurables, a-t-elle averti, les entreprises dirig&eacute;es par des femmes pourraient faire face &agrave; des obstacles pour acc&eacute;der &agrave; ces opportunit&eacute;s.<\/p><p role=\"heading\">La ministre Valdez a reconnu que l&rsquo;&eacute;volution &eacute;conomique du Canada a le potentiel d&rsquo;&ecirc;tre transformative pour les petites et moyennes entreprises (PME). Le programme Achetez canadien du gouvernement vise &agrave; accorder la priorit&eacute; aux PME dans les processus d&rsquo;approvisionnement et cr&eacute;e de nouveaux soutiens pour les aider &agrave; naviguer dans les opportunit&eacute;s qui se pr&eacute;sentent. Un programme d&rsquo;exportation &eacute;largi est &eacute;galement con&ccedil;u pour aider les PME &agrave; acc&eacute;der &agrave; des march&eacute;s au-del&agrave; des &Eacute;tats-Unis, contribuant ainsi &agrave; une &eacute;conomie plus diversifi&eacute;e et plus r&eacute;siliente.<\/p><p role=\"heading\">&ldquo; Nous devons nous assurer d&rsquo;appliquer une analyse diff&eacute;renci&eacute;e selon le genre dans nos processus d&eacute;cisionnels&hellip; afin que, du point de vue de l&rsquo;&eacute;quit&eacute;, les femmes soient toujours incluses &rdquo;, a-t-elle d&eacute;clar&eacute;, en citant de grands projets nationaux d&rsquo;infrastructure et des investissements dans la construction r&eacute;sidentielle comme exemples de domaines o&ugrave; les femmes exer&ccedil;ant des m&eacute;tiers sp&eacute;cialis&eacute;s, travaillant dans la construction ou dans des secteurs connexes devraient &ecirc;tre soutenues. &ldquo; Dans l&rsquo;ensemble de nos investissements, nous veillons &agrave; appliquer une perspective fond&eacute;e sur le genre et l&rsquo;&eacute;quit&eacute;, de mani&egrave;re &agrave; ce que, d&egrave;s la phase d&rsquo;&eacute;laboration, l&rsquo;une des composantes de notre strat&eacute;gie soit inclusive des femmes. &rdquo;<\/p><p role=\"heading\">La ministre a conclu en encourageant les femmes entrepreneures et les dirigeantes d&rsquo;entreprises, tous secteurs confondus, &agrave; continuer de se mobiliser et de faire entendre leur voix au sujet des opportunit&eacute;s, des obstacles et des d&eacute;fis li&eacute;s &agrave; la croissance de leur entreprise. &ldquo; Vous repr&eacute;sentez diff&eacute;rents secteurs et diff&eacute;rents groupes. Vous cr&eacute;ez des emplois, stimulez l&rsquo;innovation et renforcez les communaut&eacute;s. &rdquo;<\/p><p role=\"heading\">&ldquo; Et ensemble, vos voix peuvent contribuer &agrave; g&eacute;n&eacute;rer les recommandations et les mesures de politique publique qui renforceront notre repr&eacute;sentation dans l&rsquo;ensemble des secteurs de notre &eacute;conomie. &rdquo;<\/p>\n","protected":false},"excerpt":{"rendered":"<p>&hellip;<\/p>\n","protected":false},"author":8230,"featured_media":141276,"comment_status":"closed","ping_status":"closed","sticky":false,"template":"","format":"standard","meta":{"_acf_changed":false,"_bbp_topic_count":0,"_bbp_reply_count":0,"_bbp_total_topic_count":0,"_bbp_total_reply_count":0,"_bbp_voice_count":0,"_bbp_anonymous_reply_count":0,"_bbp_topic_count_hidden":0,"_bbp_reply_count_hidden":0,"_bbp_forum_subforum_count":0,"footnotes":""},"categories":[6331],"tags":[],"class_list":["post-141278","post","type-post","status-publish","format-standard","has-post-thumbnail","hentry","category-evenements"],"acf":[],"yoast_head":"<!-- This site is optimized with the Yoast SEO plugin v27.5 - https:\/\/yoast.com\/product\/yoast-seo-wordpress\/ -->\n<title>La ministre Valdez pr\u00e9sente les faits saillants du Budget de 2025 lors d\u2019un \u00e9v\u00e9nement du PCFE \u00e0 Ottawa - WEKH-PCFE<\/title>\n<meta name=\"robots\" content=\"index, follow, max-snippet:-1, max-image-preview:large, max-video-preview:-1\" \/>\n<link rel=\"canonical\" href=\"https:\/\/wekh.ca\/la-ministre-valdez-presente-les-faits-saillants-du-budget-de-2025-lors-dun-evenement-du-pcfe-a-ottawa\/\" \/>\n<meta property=\"og:locale\" content=\"fr_FR\" \/>\n<meta property=\"og:type\" content=\"article\" \/>\n<meta property=\"og:title\" content=\"La ministre Valdez pr\u00e9sente les faits saillants du Budget de 2025 lors d\u2019un \u00e9v\u00e9nement du PCFE \u00e0 Ottawa - WEKH-PCFE\" \/>\n<meta property=\"og:description\" content=\"&hellip;\" \/>\n<meta property=\"og:url\" content=\"https:\/\/wekh.ca\/la-ministre-valdez-presente-les-faits-saillants-du-budget-de-2025-lors-dun-evenement-du-pcfe-a-ottawa\/\" \/>\n<meta property=\"og:site_name\" content=\"WEKH-PCFE\" \/>\n<meta property=\"article:published_time\" content=\"2025-12-09T05:00:00+00:00\" \/>\n<meta property=\"article:modified_time\" content=\"2026-01-14T17:52:35+00:00\" \/>\n<meta property=\"og:image\" content=\"https:\/\/wekh.ca\/wp-content\/uploads\/2026\/01\/FXC23227-Recovered-1-scaled-1.jpg\" \/>\n\t<meta property=\"og:image:width\" content=\"2560\" \/>\n\t<meta property=\"og:image:height\" content=\"1440\" \/>\n\t<meta property=\"og:image:type\" content=\"image\/jpeg\" \/>\n<meta name=\"author\" content=\"Deirdre O&#039;Beirne-Rosaeg\" \/>\n<meta name=\"twitter:card\" content=\"summary_large_image\" \/>\n<meta name=\"twitter:label1\" content=\"\u00c9crit par\" \/>\n\t<meta name=\"twitter:data1\" content=\"Deirdre O&#039;Beirne-Rosaeg\" \/>\n\t<meta name=\"twitter:label2\" content=\"Dur\u00e9e de lecture estim\u00e9e\" \/>\n\t<meta name=\"twitter:data2\" content=\"7 minutes\" \/>\n<script type=\"application\/ld+json\" class=\"yoast-schema-graph\">{\"@context\":\"https:\\\/\\\/schema.org\",\"@graph\":[{\"@type\":\"Article\",\"@id\":\"https:\\\/\\\/wekh.ca\\\/la-ministre-valdez-presente-les-faits-saillants-du-budget-de-2025-lors-dun-evenement-du-pcfe-a-ottawa\\\/#article\",\"isPartOf\":{\"@id\":\"https:\\\/\\\/wekh.ca\\\/la-ministre-valdez-presente-les-faits-saillants-du-budget-de-2025-lors-dun-evenement-du-pcfe-a-ottawa\\\/\"},\"author\":{\"name\":\"Deirdre O'Beirne-Rosaeg\",\"@id\":\"https:\\\/\\\/wekh.ca\\\/#\\\/schema\\\/person\\\/0ef71c822bc3208949644604ff2b1bc3\"},\"headline\":\"La ministre Valdez pr\u00e9sente les faits saillants du Budget de 2025 lors d\u2019un \u00e9v\u00e9nement du PCFE \u00e0 Ottawa\",\"datePublished\":\"2025-12-09T05:00:00+00:00\",\"dateModified\":\"2026-01-14T17:52:35+00:00\",\"mainEntityOfPage\":{\"@id\":\"https:\\\/\\\/wekh.ca\\\/la-ministre-valdez-presente-les-faits-saillants-du-budget-de-2025-lors-dun-evenement-du-pcfe-a-ottawa\\\/\"},\"wordCount\":1352,\"publisher\":{\"@id\":\"https:\\\/\\\/wekh.ca\\\/#organization\"},\"image\":{\"@id\":\"https:\\\/\\\/wekh.ca\\\/la-ministre-valdez-presente-les-faits-saillants-du-budget-de-2025-lors-dun-evenement-du-pcfe-a-ottawa\\\/#primaryimage\"},\"thumbnailUrl\":\"https:\\\/\\\/wekh.ca\\\/wp-content\\\/uploads\\\/2026\\\/01\\\/FXC23227-Recovered-1-scaled-1.jpg\",\"articleSection\":[\"\u00c9v\u00e9nements\"],\"inLanguage\":\"fr-FR\"},{\"@type\":\"WebPage\",\"@id\":\"https:\\\/\\\/wekh.ca\\\/la-ministre-valdez-presente-les-faits-saillants-du-budget-de-2025-lors-dun-evenement-du-pcfe-a-ottawa\\\/\",\"url\":\"https:\\\/\\\/wekh.ca\\\/la-ministre-valdez-presente-les-faits-saillants-du-budget-de-2025-lors-dun-evenement-du-pcfe-a-ottawa\\\/\",\"name\":\"La ministre Valdez pr\u00e9sente les faits saillants du Budget de 2025 lors d\u2019un \u00e9v\u00e9nement du PCFE \u00e0 Ottawa - WEKH-PCFE\",\"isPartOf\":{\"@id\":\"https:\\\/\\\/wekh.ca\\\/#website\"},\"primaryImageOfPage\":{\"@id\":\"https:\\\/\\\/wekh.ca\\\/la-ministre-valdez-presente-les-faits-saillants-du-budget-de-2025-lors-dun-evenement-du-pcfe-a-ottawa\\\/#primaryimage\"},\"image\":{\"@id\":\"https:\\\/\\\/wekh.ca\\\/la-ministre-valdez-presente-les-faits-saillants-du-budget-de-2025-lors-dun-evenement-du-pcfe-a-ottawa\\\/#primaryimage\"},\"thumbnailUrl\":\"https:\\\/\\\/wekh.ca\\\/wp-content\\\/uploads\\\/2026\\\/01\\\/FXC23227-Recovered-1-scaled-1.jpg\",\"datePublished\":\"2025-12-09T05:00:00+00:00\",\"dateModified\":\"2026-01-14T17:52:35+00:00\",\"breadcrumb\":{\"@id\":\"https:\\\/\\\/wekh.ca\\\/la-ministre-valdez-presente-les-faits-saillants-du-budget-de-2025-lors-dun-evenement-du-pcfe-a-ottawa\\\/#breadcrumb\"},\"inLanguage\":\"fr-FR\",\"potentialAction\":[{\"@type\":\"ReadAction\",\"target\":[\"https:\\\/\\\/wekh.ca\\\/la-ministre-valdez-presente-les-faits-saillants-du-budget-de-2025-lors-dun-evenement-du-pcfe-a-ottawa\\\/\"]}]},{\"@type\":\"ImageObject\",\"inLanguage\":\"fr-FR\",\"@id\":\"https:\\\/\\\/wekh.ca\\\/la-ministre-valdez-presente-les-faits-saillants-du-budget-de-2025-lors-dun-evenement-du-pcfe-a-ottawa\\\/#primaryimage\",\"url\":\"https:\\\/\\\/wekh.ca\\\/wp-content\\\/uploads\\\/2026\\\/01\\\/FXC23227-Recovered-1-scaled-1.jpg\",\"contentUrl\":\"https:\\\/\\\/wekh.ca\\\/wp-content\\\/uploads\\\/2026\\\/01\\\/FXC23227-Recovered-1-scaled-1.jpg\",\"width\":2560,\"height\":1440},{\"@type\":\"BreadcrumbList\",\"@id\":\"https:\\\/\\\/wekh.ca\\\/la-ministre-valdez-presente-les-faits-saillants-du-budget-de-2025-lors-dun-evenement-du-pcfe-a-ottawa\\\/#breadcrumb\",\"itemListElement\":[{\"@type\":\"ListItem\",\"position\":1,\"name\":\"Home\",\"item\":\"https:\\\/\\\/wekh.ca\\\/\"},{\"@type\":\"ListItem\",\"position\":2,\"name\":\"La ministre Valdez pr\u00e9sente les faits saillants du Budget de 2025 lors d\u2019un \u00e9v\u00e9nement du PCFE \u00e0 Ottawa\"}]},{\"@type\":\"WebSite\",\"@id\":\"https:\\\/\\\/wekh.ca\\\/#website\",\"url\":\"https:\\\/\\\/wekh.ca\\\/\",\"name\":\"WEKH-PCFE\",\"description\":\"Women Entrepreneurship Knowledge Hub\",\"publisher\":{\"@id\":\"https:\\\/\\\/wekh.ca\\\/#organization\"},\"potentialAction\":[{\"@type\":\"SearchAction\",\"target\":{\"@type\":\"EntryPoint\",\"urlTemplate\":\"https:\\\/\\\/wekh.ca\\\/?s={search_term_string}\"},\"query-input\":{\"@type\":\"PropertyValueSpecification\",\"valueRequired\":true,\"valueName\":\"search_term_string\"}}],\"inLanguage\":\"fr-FR\"},{\"@type\":\"Organization\",\"@id\":\"https:\\\/\\\/wekh.ca\\\/#organization\",\"name\":\"WEKH-PCFE\",\"url\":\"https:\\\/\\\/wekh.ca\\\/\",\"logo\":{\"@type\":\"ImageObject\",\"inLanguage\":\"fr-FR\",\"@id\":\"https:\\\/\\\/wekh.ca\\\/#\\\/schema\\\/logo\\\/image\\\/\",\"url\":\"https:\\\/\\\/wekh.ca\\\/wp-content\\\/uploads\\\/2024\\\/09\\\/Wekh-PCFE-Logo.png\",\"contentUrl\":\"https:\\\/\\\/wekh.ca\\\/wp-content\\\/uploads\\\/2024\\\/09\\\/Wekh-PCFE-Logo.png\",\"width\":917,\"height\":498,\"caption\":\"WEKH-PCFE\"},\"image\":{\"@id\":\"https:\\\/\\\/wekh.ca\\\/#\\\/schema\\\/logo\\\/image\\\/\"}},{\"@type\":\"Person\",\"@id\":\"https:\\\/\\\/wekh.ca\\\/#\\\/schema\\\/person\\\/0ef71c822bc3208949644604ff2b1bc3\",\"name\":\"Deirdre O'Beirne-Rosaeg\",\"image\":{\"@type\":\"ImageObject\",\"inLanguage\":\"fr-FR\",\"@id\":\"\\\/\\\/www.gravatar.com\\\/avatar\\\/98f91f9a9ad188875b736ec7873d9e41?s=96&#038;r=g&#038;d=mm\",\"url\":\"\\\/\\\/www.gravatar.com\\\/avatar\\\/98f91f9a9ad188875b736ec7873d9e41?s=96&#038;r=g&#038;d=mm\",\"contentUrl\":\"\\\/\\\/www.gravatar.com\\\/avatar\\\/98f91f9a9ad188875b736ec7873d9e41?s=96&#038;r=g&#038;d=mm\",\"caption\":\"Deirdre O'Beirne-Rosaeg\"},\"url\":\"https:\\\/\\\/wekh.ca\\\/fr\\\/author\\\/deirdre\\\/\"}]}<\/script>\n<!-- \/ Yoast SEO plugin. -->","yoast_head_json":{"title":"La ministre Valdez pr\u00e9sente les faits saillants du Budget de 2025 lors d\u2019un \u00e9v\u00e9nement du PCFE \u00e0 Ottawa - WEKH-PCFE","robots":{"index":"index","follow":"follow","max-snippet":"max-snippet:-1","max-image-preview":"max-image-preview:large","max-video-preview":"max-video-preview:-1"},"canonical":"https:\/\/wekh.ca\/la-ministre-valdez-presente-les-faits-saillants-du-budget-de-2025-lors-dun-evenement-du-pcfe-a-ottawa\/","og_locale":"fr_FR","og_type":"article","og_title":"La ministre Valdez pr\u00e9sente les faits saillants du Budget de 2025 lors d\u2019un \u00e9v\u00e9nement du PCFE \u00e0 Ottawa - WEKH-PCFE","og_description":"&hellip;","og_url":"https:\/\/wekh.ca\/la-ministre-valdez-presente-les-faits-saillants-du-budget-de-2025-lors-dun-evenement-du-pcfe-a-ottawa\/","og_site_name":"WEKH-PCFE","article_published_time":"2025-12-09T05:00:00+00:00","article_modified_time":"2026-01-14T17:52:35+00:00","og_image":[{"width":2560,"height":1440,"url":"https:\/\/wekh.ca\/wp-content\/uploads\/2026\/01\/FXC23227-Recovered-1-scaled-1.jpg","type":"image\/jpeg"}],"author":"Deirdre O'Beirne-Rosaeg","twitter_card":"summary_large_image","twitter_misc":{"\u00c9crit par":"Deirdre O'Beirne-Rosaeg","Dur\u00e9e de lecture estim\u00e9e":"7 minutes"},"schema":{"@context":"https:\/\/schema.org","@graph":[{"@type":"Article","@id":"https:\/\/wekh.ca\/la-ministre-valdez-presente-les-faits-saillants-du-budget-de-2025-lors-dun-evenement-du-pcfe-a-ottawa\/#article","isPartOf":{"@id":"https:\/\/wekh.ca\/la-ministre-valdez-presente-les-faits-saillants-du-budget-de-2025-lors-dun-evenement-du-pcfe-a-ottawa\/"},"author":{"name":"Deirdre O'Beirne-Rosaeg","@id":"https:\/\/wekh.ca\/#\/schema\/person\/0ef71c822bc3208949644604ff2b1bc3"},"headline":"La ministre Valdez pr\u00e9sente les faits saillants du Budget de 2025 lors d\u2019un \u00e9v\u00e9nement du PCFE \u00e0 Ottawa","datePublished":"2025-12-09T05:00:00+00:00","dateModified":"2026-01-14T17:52:35+00:00","mainEntityOfPage":{"@id":"https:\/\/wekh.ca\/la-ministre-valdez-presente-les-faits-saillants-du-budget-de-2025-lors-dun-evenement-du-pcfe-a-ottawa\/"},"wordCount":1352,"publisher":{"@id":"https:\/\/wekh.ca\/#organization"},"image":{"@id":"https:\/\/wekh.ca\/la-ministre-valdez-presente-les-faits-saillants-du-budget-de-2025-lors-dun-evenement-du-pcfe-a-ottawa\/#primaryimage"},"thumbnailUrl":"https:\/\/wekh.ca\/wp-content\/uploads\/2026\/01\/FXC23227-Recovered-1-scaled-1.jpg","articleSection":["\u00c9v\u00e9nements"],"inLanguage":"fr-FR"},{"@type":"WebPage","@id":"https:\/\/wekh.ca\/la-ministre-valdez-presente-les-faits-saillants-du-budget-de-2025-lors-dun-evenement-du-pcfe-a-ottawa\/","url":"https:\/\/wekh.ca\/la-ministre-valdez-presente-les-faits-saillants-du-budget-de-2025-lors-dun-evenement-du-pcfe-a-ottawa\/","name":"La ministre Valdez pr\u00e9sente les faits saillants du Budget de 2025 lors d\u2019un \u00e9v\u00e9nement du PCFE \u00e0 Ottawa - WEKH-PCFE","isPartOf":{"@id":"https:\/\/wekh.ca\/#website"},"primaryImageOfPage":{"@id":"https:\/\/wekh.ca\/la-ministre-valdez-presente-les-faits-saillants-du-budget-de-2025-lors-dun-evenement-du-pcfe-a-ottawa\/#primaryimage"},"image":{"@id":"https:\/\/wekh.ca\/la-ministre-valdez-presente-les-faits-saillants-du-budget-de-2025-lors-dun-evenement-du-pcfe-a-ottawa\/#primaryimage"},"thumbnailUrl":"https:\/\/wekh.ca\/wp-content\/uploads\/2026\/01\/FXC23227-Recovered-1-scaled-1.jpg","datePublished":"2025-12-09T05:00:00+00:00","dateModified":"2026-01-14T17:52:35+00:00","breadcrumb":{"@id":"https:\/\/wekh.ca\/la-ministre-valdez-presente-les-faits-saillants-du-budget-de-2025-lors-dun-evenement-du-pcfe-a-ottawa\/#breadcrumb"},"inLanguage":"fr-FR","potentialAction":[{"@type":"ReadAction","target":["https:\/\/wekh.ca\/la-ministre-valdez-presente-les-faits-saillants-du-budget-de-2025-lors-dun-evenement-du-pcfe-a-ottawa\/"]}]},{"@type":"ImageObject","inLanguage":"fr-FR","@id":"https:\/\/wekh.ca\/la-ministre-valdez-presente-les-faits-saillants-du-budget-de-2025-lors-dun-evenement-du-pcfe-a-ottawa\/#primaryimage","url":"https:\/\/wekh.ca\/wp-content\/uploads\/2026\/01\/FXC23227-Recovered-1-scaled-1.jpg","contentUrl":"https:\/\/wekh.ca\/wp-content\/uploads\/2026\/01\/FXC23227-Recovered-1-scaled-1.jpg","width":2560,"height":1440},{"@type":"BreadcrumbList","@id":"https:\/\/wekh.ca\/la-ministre-valdez-presente-les-faits-saillants-du-budget-de-2025-lors-dun-evenement-du-pcfe-a-ottawa\/#breadcrumb","itemListElement":[{"@type":"ListItem","position":1,"name":"Home","item":"https:\/\/wekh.ca\/"},{"@type":"ListItem","position":2,"name":"La ministre Valdez pr\u00e9sente les faits saillants du Budget de 2025 lors d\u2019un \u00e9v\u00e9nement du PCFE \u00e0 Ottawa"}]},{"@type":"WebSite","@id":"https:\/\/wekh.ca\/#website","url":"https:\/\/wekh.ca\/","name":"WEKH-PCFE","description":"Women Entrepreneurship Knowledge Hub","publisher":{"@id":"https:\/\/wekh.ca\/#organization"},"potentialAction":[{"@type":"SearchAction","target":{"@type":"EntryPoint","urlTemplate":"https:\/\/wekh.ca\/?s={search_term_string}"},"query-input":{"@type":"PropertyValueSpecification","valueRequired":true,"valueName":"search_term_string"}}],"inLanguage":"fr-FR"},{"@type":"Organization","@id":"https:\/\/wekh.ca\/#organization","name":"WEKH-PCFE","url":"https:\/\/wekh.ca\/","logo":{"@type":"ImageObject","inLanguage":"fr-FR","@id":"https:\/\/wekh.ca\/#\/schema\/logo\/image\/","url":"https:\/\/wekh.ca\/wp-content\/uploads\/2024\/09\/Wekh-PCFE-Logo.png","contentUrl":"https:\/\/wekh.ca\/wp-content\/uploads\/2024\/09\/Wekh-PCFE-Logo.png","width":917,"height":498,"caption":"WEKH-PCFE"},"image":{"@id":"https:\/\/wekh.ca\/#\/schema\/logo\/image\/"}},{"@type":"Person","@id":"https:\/\/wekh.ca\/#\/schema\/person\/0ef71c822bc3208949644604ff2b1bc3","name":"Deirdre O'Beirne-Rosaeg","image":{"@type":"ImageObject","inLanguage":"fr-FR","@id":"\/\/www.gravatar.com\/avatar\/98f91f9a9ad188875b736ec7873d9e41?s=96&#038;r=g&#038;d=mm","url":"\/\/www.gravatar.com\/avatar\/98f91f9a9ad188875b736ec7873d9e41?s=96&#038;r=g&#038;d=mm","contentUrl":"\/\/www.gravatar.com\/avatar\/98f91f9a9ad188875b736ec7873d9e41?s=96&#038;r=g&#038;d=mm","caption":"Deirdre O'Beirne-Rosaeg"},"url":"https:\/\/wekh.ca\/fr\/author\/deirdre\/"}]}},"_links":{"self":[{"href":"https:\/\/wekh.ca\/fr\/wp-json\/wp\/v2\/posts\/141278","targetHints":{"allow":["GET"]}}],"collection":[{"href":"https:\/\/wekh.ca\/fr\/wp-json\/wp\/v2\/posts"}],"about":[{"href":"https:\/\/wekh.ca\/fr\/wp-json\/wp\/v2\/types\/post"}],"author":[{"embeddable":true,"href":"https:\/\/wekh.ca\/fr\/wp-json\/wp\/v2\/users\/8230"}],"replies":[{"embeddable":true,"href":"https:\/\/wekh.ca\/fr\/wp-json\/wp\/v2\/comments?post=141278"}],"version-history":[{"count":1,"href":"https:\/\/wekh.ca\/fr\/wp-json\/wp\/v2\/posts\/141278\/revisions"}],"predecessor-version":[{"id":141280,"href":"https:\/\/wekh.ca\/fr\/wp-json\/wp\/v2\/posts\/141278\/revisions\/141280"}],"wp:featuredmedia":[{"embeddable":true,"href":"https:\/\/wekh.ca\/fr\/wp-json\/wp\/v2\/media\/141276"}],"wp:attachment":[{"href":"https:\/\/wekh.ca\/fr\/wp-json\/wp\/v2\/media?parent=141278"}],"wp:term":[{"taxonomy":"category","embeddable":true,"href":"https:\/\/wekh.ca\/fr\/wp-json\/wp\/v2\/categories?post=141278"},{"taxonomy":"post_tag","embeddable":true,"href":"https:\/\/wekh.ca\/fr\/wp-json\/wp\/v2\/tags?post=141278"}],"curies":[{"name":"wp","href":"https:\/\/api.w.org\/{rel}","templated":true}]}}