{"id":142223,"date":"2026-03-09T16:04:23","date_gmt":"2026-03-09T20:04:23","guid":{"rendered":"https:\/\/wekh.ca\/?p=142223"},"modified":"2026-03-09T16:10:59","modified_gmt":"2026-03-09T20:10:59","slug":"letat-des-lieux-de-lentrepreneuriat-feminin-au-canada-2026-inscrivez-vous-pour-etre-avise","status":"publish","type":"post","link":"https:\/\/wekh.ca\/fr\/letat-des-lieux-de-lentrepreneuriat-feminin-au-canada-2026-inscrivez-vous-pour-etre-avise\/","title":{"rendered":"L\u2019\u00c9tat des lieux de l\u2019entrepreneuriat f\u00e9minin au Canada 2026 : inscrivez-vous pour \u00eatre avis\u00e9"},"content":{"rendered":"<?xml encoding=\"utf-8\" ?><p role=\"heading\"><span style=\"font-weight: 400;\">Le rapport annuel L&rsquo;&Eacute;tat des lieux de l&rsquo;entrepreneuriat f&eacute;minin du PCFE constitue une ressource de r&eacute;f&eacute;rence offrant le portrait le plus complet de la recherche sur l&rsquo;entrepreneuriat f&eacute;minin au Canada. L&rsquo;&eacute;dition 2026 pr&eacute;sente de nouvelles recherches et donn&eacute;es sur les femmes entrepreneures, notamment des &eacute;clairages sur la croissance des entreprises, l&rsquo;acc&egrave;s au financement, les femmes entrepreneures aux profils diversifi&eacute;s et les contributions essentielles qu&rsquo;elles apportent &agrave; des secteurs cl&eacute;s de l&rsquo;&eacute;conomie canadienne.<\/span><\/p><p role=\"heading\"><strong>Remplissez le formulaire ci-dessous et nous vous aviserons lorsque le rapport L&rsquo;&Eacute;tat des lieux de l&rsquo;entrepreneuriat f&eacute;minin au Canada 2026 sera accessible.<\/strong><\/p><div data-tf-live=\"01KKA3687V5B7DD2ZQNPXGYHR1\"><\/div><p role=\"heading\"><script src=\"\/\/embed.typeform.com\/next\/embed.js\"><\/script><\/p><p role=\"heading\">&nbsp;<\/p>\n","protected":false},"excerpt":{"rendered":"<p>&hellip;<\/p>\n","protected":false},"author":8230,"featured_media":142225,"comment_status":"closed","ping_status":"closed","sticky":false,"template":"","format":"standard","meta":{"_acf_changed":false,"_bbp_topic_count":0,"_bbp_reply_count":0,"_bbp_total_topic_count":0,"_bbp_total_reply_count":0,"_bbp_voice_count":0,"_bbp_anonymous_reply_count":0,"_bbp_topic_count_hidden":0,"_bbp_reply_count_hidden":0,"_bbp_forum_subforum_count":0,"footnotes":""},"categories":[6337,6329],"tags":[],"class_list":["post-142223","post","type-post","status-publish","format-standard","has-post-thumbnail","hentry","category-annonce","category-femmes-entrepreneures"],"acf":[],"yoast_head":"<!-- This site is optimized with the Yoast SEO plugin v27.5 - https:\/\/yoast.com\/product\/yoast-seo-wordpress\/ -->\n<title>L\u2019\u00c9tat des lieux de l\u2019entrepreneuriat f\u00e9minin au Canada 2026 : inscrivez-vous pour \u00eatre avis\u00e9 - WEKH-PCFE<\/title>\n<meta name=\"robots\" content=\"index, follow, max-snippet:-1, max-image-preview:large, max-video-preview:-1\" \/>\n<link rel=\"canonical\" href=\"https:\/\/wekh.ca\/fr\/letat-des-lieux-de-lentrepreneuriat-feminin-au-canada-2026-inscrivez-vous-pour-etre-avise\/\" \/>\n<meta property=\"og:locale\" content=\"fr_FR\" \/>\n<meta property=\"og:type\" content=\"article\" \/>\n<meta property=\"og:title\" content=\"L\u2019\u00c9tat des lieux de l\u2019entrepreneuriat f\u00e9minin au Canada 2026 : inscrivez-vous pour \u00eatre avis\u00e9 - WEKH-PCFE\" \/>\n<meta property=\"og:description\" content=\"&hellip;\" \/>\n<meta property=\"og:url\" content=\"https:\/\/wekh.ca\/fr\/letat-des-lieux-de-lentrepreneuriat-feminin-au-canada-2026-inscrivez-vous-pour-etre-avise\/\" \/>\n<meta property=\"og:site_name\" content=\"WEKH-PCFE\" \/>\n<meta property=\"article:published_time\" content=\"2026-03-09T20:04:23+00:00\" \/>\n<meta property=\"article:modified_time\" content=\"2026-03-09T20:10:59+00:00\" \/>\n<meta property=\"og:image\" content=\"https:\/\/wekh.ca\/wp-content\/uploads\/2026\/03\/WEKH-featured-image-2.png\" \/>\n\t<meta property=\"og:image:width\" content=\"1920\" \/>\n\t<meta property=\"og:image:height\" content=\"1080\" \/>\n\t<meta property=\"og:image:type\" content=\"image\/png\" \/>\n<meta name=\"author\" content=\"Deirdre O&#039;Beirne-Rosaeg\" \/>\n<meta name=\"twitter:card\" content=\"summary_large_image\" \/>\n<meta name=\"twitter:label1\" content=\"\u00c9crit par\" \/>\n\t<meta name=\"twitter:data1\" content=\"Deirdre O&#039;Beirne-Rosaeg\" \/>\n\t<meta name=\"twitter:label2\" content=\"Dur\u00e9e de lecture estim\u00e9e\" \/>\n\t<meta name=\"twitter:data2\" content=\"1 minute\" \/>\n<script type=\"application\/ld+json\" class=\"yoast-schema-graph\">{\"@context\":\"https:\\\/\\\/schema.org\",\"@graph\":[{\"@type\":\"Article\",\"@id\":\"https:\\\/\\\/wekh.ca\\\/fr\\\/letat-des-lieux-de-lentrepreneuriat-feminin-au-canada-2026-inscrivez-vous-pour-etre-avise\\\/#article\",\"isPartOf\":{\"@id\":\"https:\\\/\\\/wekh.ca\\\/fr\\\/letat-des-lieux-de-lentrepreneuriat-feminin-au-canada-2026-inscrivez-vous-pour-etre-avise\\\/\"},\"author\":{\"name\":\"Deirdre O'Beirne-Rosaeg\",\"@id\":\"https:\\\/\\\/wekh.ca\\\/#\\\/schema\\\/person\\\/0ef71c822bc3208949644604ff2b1bc3\"},\"headline\":\"L\u2019\u00c9tat des lieux de l\u2019entrepreneuriat f\u00e9minin au Canada 2026 : inscrivez-vous pour \u00eatre avis\u00e9\",\"datePublished\":\"2026-03-09T20:04:23+00:00\",\"dateModified\":\"2026-03-09T20:10:59+00:00\",\"mainEntityOfPage\":{\"@id\":\"https:\\\/\\\/wekh.ca\\\/fr\\\/letat-des-lieux-de-lentrepreneuriat-feminin-au-canada-2026-inscrivez-vous-pour-etre-avise\\\/\"},\"wordCount\":126,\"publisher\":{\"@id\":\"https:\\\/\\\/wekh.ca\\\/#organization\"},\"image\":{\"@id\":\"https:\\\/\\\/wekh.ca\\\/fr\\\/letat-des-lieux-de-lentrepreneuriat-feminin-au-canada-2026-inscrivez-vous-pour-etre-avise\\\/#primaryimage\"},\"thumbnailUrl\":\"https:\\\/\\\/wekh.ca\\\/wp-content\\\/uploads\\\/2026\\\/03\\\/WEKH-featured-image-2.png\",\"articleSection\":[\"Annonce\",\"Femmes Entrepreneures\"],\"inLanguage\":\"fr-FR\"},{\"@type\":\"WebPage\",\"@id\":\"https:\\\/\\\/wekh.ca\\\/fr\\\/letat-des-lieux-de-lentrepreneuriat-feminin-au-canada-2026-inscrivez-vous-pour-etre-avise\\\/\",\"url\":\"https:\\\/\\\/wekh.ca\\\/fr\\\/letat-des-lieux-de-lentrepreneuriat-feminin-au-canada-2026-inscrivez-vous-pour-etre-avise\\\/\",\"name\":\"L\u2019\u00c9tat des lieux de l\u2019entrepreneuriat f\u00e9minin au Canada 2026 : inscrivez-vous pour \u00eatre avis\u00e9 - WEKH-PCFE\",\"isPartOf\":{\"@id\":\"https:\\\/\\\/wekh.ca\\\/#website\"},\"primaryImageOfPage\":{\"@id\":\"https:\\\/\\\/wekh.ca\\\/fr\\\/letat-des-lieux-de-lentrepreneuriat-feminin-au-canada-2026-inscrivez-vous-pour-etre-avise\\\/#primaryimage\"},\"image\":{\"@id\":\"https:\\\/\\\/wekh.ca\\\/fr\\\/letat-des-lieux-de-lentrepreneuriat-feminin-au-canada-2026-inscrivez-vous-pour-etre-avise\\\/#primaryimage\"},\"thumbnailUrl\":\"https:\\\/\\\/wekh.ca\\\/wp-content\\\/uploads\\\/2026\\\/03\\\/WEKH-featured-image-2.png\",\"datePublished\":\"2026-03-09T20:04:23+00:00\",\"dateModified\":\"2026-03-09T20:10:59+00:00\",\"breadcrumb\":{\"@id\":\"https:\\\/\\\/wekh.ca\\\/fr\\\/letat-des-lieux-de-lentrepreneuriat-feminin-au-canada-2026-inscrivez-vous-pour-etre-avise\\\/#breadcrumb\"},\"inLanguage\":\"fr-FR\",\"potentialAction\":[{\"@type\":\"ReadAction\",\"target\":[\"https:\\\/\\\/wekh.ca\\\/fr\\\/letat-des-lieux-de-lentrepreneuriat-feminin-au-canada-2026-inscrivez-vous-pour-etre-avise\\\/\"]}]},{\"@type\":\"ImageObject\",\"inLanguage\":\"fr-FR\",\"@id\":\"https:\\\/\\\/wekh.ca\\\/fr\\\/letat-des-lieux-de-lentrepreneuriat-feminin-au-canada-2026-inscrivez-vous-pour-etre-avise\\\/#primaryimage\",\"url\":\"https:\\\/\\\/wekh.ca\\\/wp-content\\\/uploads\\\/2026\\\/03\\\/WEKH-featured-image-2.png\",\"contentUrl\":\"https:\\\/\\\/wekh.ca\\\/wp-content\\\/uploads\\\/2026\\\/03\\\/WEKH-featured-image-2.png\",\"width\":1920,\"height\":1080,\"caption\":\"Wekh Featured Image (2)\"},{\"@type\":\"BreadcrumbList\",\"@id\":\"https:\\\/\\\/wekh.ca\\\/fr\\\/letat-des-lieux-de-lentrepreneuriat-feminin-au-canada-2026-inscrivez-vous-pour-etre-avise\\\/#breadcrumb\",\"itemListElement\":[{\"@type\":\"ListItem\",\"position\":1,\"name\":\"Home\",\"item\":\"https:\\\/\\\/wekh.ca\\\/\"},{\"@type\":\"ListItem\",\"position\":2,\"name\":\"L\u2019\u00c9tat des lieux de l\u2019entrepreneuriat f\u00e9minin au Canada 2026 : inscrivez-vous pour \u00eatre avis\u00e9\"}]},{\"@type\":\"WebSite\",\"@id\":\"https:\\\/\\\/wekh.ca\\\/#website\",\"url\":\"https:\\\/\\\/wekh.ca\\\/\",\"name\":\"WEKH-PCFE\",\"description\":\"Women Entrepreneurship Knowledge Hub\",\"publisher\":{\"@id\":\"https:\\\/\\\/wekh.ca\\\/#organization\"},\"potentialAction\":[{\"@type\":\"SearchAction\",\"target\":{\"@type\":\"EntryPoint\",\"urlTemplate\":\"https:\\\/\\\/wekh.ca\\\/?s={search_term_string}\"},\"query-input\":{\"@type\":\"PropertyValueSpecification\",\"valueRequired\":true,\"valueName\":\"search_term_string\"}}],\"inLanguage\":\"fr-FR\"},{\"@type\":\"Organization\",\"@id\":\"https:\\\/\\\/wekh.ca\\\/#organization\",\"name\":\"WEKH-PCFE\",\"url\":\"https:\\\/\\\/wekh.ca\\\/\",\"logo\":{\"@type\":\"ImageObject\",\"inLanguage\":\"fr-FR\",\"@id\":\"https:\\\/\\\/wekh.ca\\\/#\\\/schema\\\/logo\\\/image\\\/\",\"url\":\"https:\\\/\\\/wekh.ca\\\/wp-content\\\/uploads\\\/2024\\\/09\\\/Wekh-PCFE-Logo.png\",\"contentUrl\":\"https:\\\/\\\/wekh.ca\\\/wp-content\\\/uploads\\\/2024\\\/09\\\/Wekh-PCFE-Logo.png\",\"width\":917,\"height\":498,\"caption\":\"WEKH-PCFE\"},\"image\":{\"@id\":\"https:\\\/\\\/wekh.ca\\\/#\\\/schema\\\/logo\\\/image\\\/\"}},{\"@type\":\"Person\",\"@id\":\"https:\\\/\\\/wekh.ca\\\/#\\\/schema\\\/person\\\/0ef71c822bc3208949644604ff2b1bc3\",\"name\":\"Deirdre O'Beirne-Rosaeg\",\"image\":{\"@type\":\"ImageObject\",\"inLanguage\":\"fr-FR\",\"@id\":\"\\\/\\\/www.gravatar.com\\\/avatar\\\/98f91f9a9ad188875b736ec7873d9e41?s=96&#038;r=g&#038;d=mm\",\"url\":\"\\\/\\\/www.gravatar.com\\\/avatar\\\/98f91f9a9ad188875b736ec7873d9e41?s=96&#038;r=g&#038;d=mm\",\"contentUrl\":\"\\\/\\\/www.gravatar.com\\\/avatar\\\/98f91f9a9ad188875b736ec7873d9e41?s=96&#038;r=g&#038;d=mm\",\"caption\":\"Deirdre O'Beirne-Rosaeg\"},\"url\":\"https:\\\/\\\/wekh.ca\\\/fr\\\/author\\\/deirdre\\\/\"}]}<\/script>\n<!-- \/ Yoast SEO plugin. -->","yoast_head_json":{"title":"L\u2019\u00c9tat des lieux de l\u2019entrepreneuriat f\u00e9minin au Canada 2026 : inscrivez-vous pour \u00eatre avis\u00e9 - WEKH-PCFE","robots":{"index":"index","follow":"follow","max-snippet":"max-snippet:-1","max-image-preview":"max-image-preview:large","max-video-preview":"max-video-preview:-1"},"canonical":"https:\/\/wekh.ca\/fr\/letat-des-lieux-de-lentrepreneuriat-feminin-au-canada-2026-inscrivez-vous-pour-etre-avise\/","og_locale":"fr_FR","og_type":"article","og_title":"L\u2019\u00c9tat des lieux de l\u2019entrepreneuriat f\u00e9minin au Canada 2026 : inscrivez-vous pour \u00eatre avis\u00e9 - WEKH-PCFE","og_description":"&hellip;","og_url":"https:\/\/wekh.ca\/fr\/letat-des-lieux-de-lentrepreneuriat-feminin-au-canada-2026-inscrivez-vous-pour-etre-avise\/","og_site_name":"WEKH-PCFE","article_published_time":"2026-03-09T20:04:23+00:00","article_modified_time":"2026-03-09T20:10:59+00:00","og_image":[{"width":1920,"height":1080,"url":"https:\/\/wekh.ca\/wp-content\/uploads\/2026\/03\/WEKH-featured-image-2.png","type":"image\/png"}],"author":"Deirdre O'Beirne-Rosaeg","twitter_card":"summary_large_image","twitter_misc":{"\u00c9crit par":"Deirdre O'Beirne-Rosaeg","Dur\u00e9e de lecture estim\u00e9e":"1 minute"},"schema":{"@context":"https:\/\/schema.org","@graph":[{"@type":"Article","@id":"https:\/\/wekh.ca\/fr\/letat-des-lieux-de-lentrepreneuriat-feminin-au-canada-2026-inscrivez-vous-pour-etre-avise\/#article","isPartOf":{"@id":"https:\/\/wekh.ca\/fr\/letat-des-lieux-de-lentrepreneuriat-feminin-au-canada-2026-inscrivez-vous-pour-etre-avise\/"},"author":{"name":"Deirdre O'Beirne-Rosaeg","@id":"https:\/\/wekh.ca\/#\/schema\/person\/0ef71c822bc3208949644604ff2b1bc3"},"headline":"L\u2019\u00c9tat des lieux de l\u2019entrepreneuriat f\u00e9minin au Canada 2026 : inscrivez-vous pour \u00eatre avis\u00e9","datePublished":"2026-03-09T20:04:23+00:00","dateModified":"2026-03-09T20:10:59+00:00","mainEntityOfPage":{"@id":"https:\/\/wekh.ca\/fr\/letat-des-lieux-de-lentrepreneuriat-feminin-au-canada-2026-inscrivez-vous-pour-etre-avise\/"},"wordCount":126,"publisher":{"@id":"https:\/\/wekh.ca\/#organization"},"image":{"@id":"https:\/\/wekh.ca\/fr\/letat-des-lieux-de-lentrepreneuriat-feminin-au-canada-2026-inscrivez-vous-pour-etre-avise\/#primaryimage"},"thumbnailUrl":"https:\/\/wekh.ca\/wp-content\/uploads\/2026\/03\/WEKH-featured-image-2.png","articleSection":["Annonce","Femmes Entrepreneures"],"inLanguage":"fr-FR"},{"@type":"WebPage","@id":"https:\/\/wekh.ca\/fr\/letat-des-lieux-de-lentrepreneuriat-feminin-au-canada-2026-inscrivez-vous-pour-etre-avise\/","url":"https:\/\/wekh.ca\/fr\/letat-des-lieux-de-lentrepreneuriat-feminin-au-canada-2026-inscrivez-vous-pour-etre-avise\/","name":"L\u2019\u00c9tat des lieux de l\u2019entrepreneuriat f\u00e9minin au Canada 2026 : inscrivez-vous pour \u00eatre avis\u00e9 - WEKH-PCFE","isPartOf":{"@id":"https:\/\/wekh.ca\/#website"},"primaryImageOfPage":{"@id":"https:\/\/wekh.ca\/fr\/letat-des-lieux-de-lentrepreneuriat-feminin-au-canada-2026-inscrivez-vous-pour-etre-avise\/#primaryimage"},"image":{"@id":"https:\/\/wekh.ca\/fr\/letat-des-lieux-de-lentrepreneuriat-feminin-au-canada-2026-inscrivez-vous-pour-etre-avise\/#primaryimage"},"thumbnailUrl":"https:\/\/wekh.ca\/wp-content\/uploads\/2026\/03\/WEKH-featured-image-2.png","datePublished":"2026-03-09T20:04:23+00:00","dateModified":"2026-03-09T20:10:59+00:00","breadcrumb":{"@id":"https:\/\/wekh.ca\/fr\/letat-des-lieux-de-lentrepreneuriat-feminin-au-canada-2026-inscrivez-vous-pour-etre-avise\/#breadcrumb"},"inLanguage":"fr-FR","potentialAction":[{"@type":"ReadAction","target":["https:\/\/wekh.ca\/fr\/letat-des-lieux-de-lentrepreneuriat-feminin-au-canada-2026-inscrivez-vous-pour-etre-avise\/"]}]},{"@type":"ImageObject","inLanguage":"fr-FR","@id":"https:\/\/wekh.ca\/fr\/letat-des-lieux-de-lentrepreneuriat-feminin-au-canada-2026-inscrivez-vous-pour-etre-avise\/#primaryimage","url":"https:\/\/wekh.ca\/wp-content\/uploads\/2026\/03\/WEKH-featured-image-2.png","contentUrl":"https:\/\/wekh.ca\/wp-content\/uploads\/2026\/03\/WEKH-featured-image-2.png","width":1920,"height":1080,"caption":"Wekh Featured Image (2)"},{"@type":"BreadcrumbList","@id":"https:\/\/wekh.ca\/fr\/letat-des-lieux-de-lentrepreneuriat-feminin-au-canada-2026-inscrivez-vous-pour-etre-avise\/#breadcrumb","itemListElement":[{"@type":"ListItem","position":1,"name":"Home","item":"https:\/\/wekh.ca\/"},{"@type":"ListItem","position":2,"name":"L\u2019\u00c9tat des lieux de l\u2019entrepreneuriat f\u00e9minin au Canada 2026 : inscrivez-vous pour \u00eatre avis\u00e9"}]},{"@type":"WebSite","@id":"https:\/\/wekh.ca\/#website","url":"https:\/\/wekh.ca\/","name":"WEKH-PCFE","description":"Women Entrepreneurship Knowledge Hub","publisher":{"@id":"https:\/\/wekh.ca\/#organization"},"potentialAction":[{"@type":"SearchAction","target":{"@type":"EntryPoint","urlTemplate":"https:\/\/wekh.ca\/?s={search_term_string}"},"query-input":{"@type":"PropertyValueSpecification","valueRequired":true,"valueName":"search_term_string"}}],"inLanguage":"fr-FR"},{"@type":"Organization","@id":"https:\/\/wekh.ca\/#organization","name":"WEKH-PCFE","url":"https:\/\/wekh.ca\/","logo":{"@type":"ImageObject","inLanguage":"fr-FR","@id":"https:\/\/wekh.ca\/#\/schema\/logo\/image\/","url":"https:\/\/wekh.ca\/wp-content\/uploads\/2024\/09\/Wekh-PCFE-Logo.png","contentUrl":"https:\/\/wekh.ca\/wp-content\/uploads\/2024\/09\/Wekh-PCFE-Logo.png","width":917,"height":498,"caption":"WEKH-PCFE"},"image":{"@id":"https:\/\/wekh.ca\/#\/schema\/logo\/image\/"}},{"@type":"Person","@id":"https:\/\/wekh.ca\/#\/schema\/person\/0ef71c822bc3208949644604ff2b1bc3","name":"Deirdre O'Beirne-Rosaeg","image":{"@type":"ImageObject","inLanguage":"fr-FR","@id":"\/\/www.gravatar.com\/avatar\/98f91f9a9ad188875b736ec7873d9e41?s=96&#038;r=g&#038;d=mm","url":"\/\/www.gravatar.com\/avatar\/98f91f9a9ad188875b736ec7873d9e41?s=96&#038;r=g&#038;d=mm","contentUrl":"\/\/www.gravatar.com\/avatar\/98f91f9a9ad188875b736ec7873d9e41?s=96&#038;r=g&#038;d=mm","caption":"Deirdre O'Beirne-Rosaeg"},"url":"https:\/\/wekh.ca\/fr\/author\/deirdre\/"}]}},"_links":{"self":[{"href":"https:\/\/wekh.ca\/fr\/wp-json\/wp\/v2\/posts\/142223","targetHints":{"allow":["GET"]}}],"collection":[{"href":"https:\/\/wekh.ca\/fr\/wp-json\/wp\/v2\/posts"}],"about":[{"href":"https:\/\/wekh.ca\/fr\/wp-json\/wp\/v2\/types\/post"}],"author":[{"embeddable":true,"href":"https:\/\/wekh.ca\/fr\/wp-json\/wp\/v2\/users\/8230"}],"replies":[{"embeddable":true,"href":"https:\/\/wekh.ca\/fr\/wp-json\/wp\/v2\/comments?post=142223"}],"version-history":[{"count":3,"href":"https:\/\/wekh.ca\/fr\/wp-json\/wp\/v2\/posts\/142223\/revisions"}],"predecessor-version":[{"id":142229,"href":"https:\/\/wekh.ca\/fr\/wp-json\/wp\/v2\/posts\/142223\/revisions\/142229"}],"wp:featuredmedia":[{"embeddable":true,"href":"https:\/\/wekh.ca\/fr\/wp-json\/wp\/v2\/media\/142225"}],"wp:attachment":[{"href":"https:\/\/wekh.ca\/fr\/wp-json\/wp\/v2\/media?parent=142223"}],"wp:term":[{"taxonomy":"category","embeddable":true,"href":"https:\/\/wekh.ca\/fr\/wp-json\/wp\/v2\/categories?post=142223"},{"taxonomy":"post_tag","embeddable":true,"href":"https:\/\/wekh.ca\/fr\/wp-json\/wp\/v2\/tags?post=142223"}],"curies":[{"name":"wp","href":"https:\/\/api.w.org\/{rel}","templated":true}]}}