{"id":142231,"date":"2026-03-09T17:25:32","date_gmt":"2026-03-09T21:25:32","guid":{"rendered":"https:\/\/wekh.ca\/?p=142231"},"modified":"2026-03-10T14:53:41","modified_gmt":"2026-03-10T18:53:41","slug":"women-build-canada-reconnaitre-les-contributions-economiques-des-femmes","status":"publish","type":"post","link":"https:\/\/wekh.ca\/fr\/women-build-canada-reconnaitre-les-contributions-economiques-des-femmes\/","title":{"rendered":"Women Build Canada : reconna\u00eetre les contributions \u00e9conomiques des femmes \u00e0 l\u2019occasion de la Journ\u00e9e internationale des femmes et au-del\u00e0"},"content":{"rendered":"<?xml encoding=\"utf-8\" ?><p role=\"heading\"><b>De nouveaux rapports du PCFE et des recherches du Diversity Institute mettent en lumi&egrave;re le r&ocirc;le des femmes dans la croissance &eacute;conomique et la r&eacute;silience du Canada.<\/b><\/p><p role=\"heading\"><span style=\"font-weight: 400;\">Alors que le Canada c&eacute;l&egrave;bre la Journ&eacute;e internationale des femmes, le <\/span><a href=\"https:\/\/wekh.ca\/fr\/\"><span style=\"font-weight: 400;\">Portail de connaissances pour les femmes en entrepreneuriat (PCFE)<\/span><\/a><span style=\"font-weight: 400;\"> et le <\/span><a href=\"https:\/\/wekh.ca\/fr\/\"><span style=\"font-weight: 400;\">Diversity Institute<\/span><\/a><span style=\"font-weight: 400;\"> publient de nouvelles recherches qui montrent le r&ocirc;le croissant des femmes dans le renforcement de l&rsquo;&eacute;conomie et de l&rsquo;innovation au Canada.<\/span><\/p><p role=\"heading\"><span style=\"font-weight: 400;\">Ces recherches arrivent &agrave; un moment charni&egrave;re pour l&rsquo;&eacute;conomie canadienne. Alors que le pays cherche &agrave; renforcer les cha&icirc;nes d&rsquo;approvisionnement, &agrave; diversifier ses &eacute;changes commerciaux au-del&agrave; des &Eacute;tats-Unis et &agrave; acc&eacute;l&eacute;rer l&rsquo;innovation dans des secteurs comme <\/span><a href=\"https:\/\/www.torontomu.ca\/diversity\/reports\/bridging-the-ai-gap-in-smes-in-canada\/\" target=\"_blank\" rel=\"noopener noreferrer nofollow\"><span style=\"font-weight: 400;\">l&rsquo;intelligence artificielle (IA)<\/span><\/a><span style=\"font-weight: 400;\"> et les infrastructures, l&rsquo;aviation, l&rsquo;agriculture et plus encore, lib&eacute;rer le potentiel de croissance des dirigeantes et dirigeants et des personnes entrepreneures sera essentiel pour b&acirc;tir une &eacute;conomie plus r&eacute;siliente et plus comp&eacute;titive. Ensemble, ces recherches mettent en lumi&egrave;re &agrave; la fois les progr&egrave;s r&eacute;alis&eacute;s par les femmes dans l&rsquo;ensemble de l&rsquo;&eacute;conomie canadienne et les obstacles structurels qui continuent de freiner la croissance et l&rsquo;expansion.<\/span><\/p><h2><b>Journ&eacute;e internationale des femmes :&nbsp; la route est encore longue avant de pouvoir souffler<\/b><\/h2><p role=\"heading\"><span style=\"font-weight: 400;\">La Journ&eacute;e internationale des femmes de cette ann&eacute;e offre une occasion importante de faire le point sur les progr&egrave;s consid&eacute;rables r&eacute;alis&eacute;s enmati&egrave;re d&rsquo;&eacute;galit&eacute; des genres, ainsi que sur les &eacute;carts qui persistent. Bien que nous soulignions chaque ann&eacute;e la Journ&eacute;e internationale des femmes, le travail du Diversity Institute sur l&rsquo;&eacute;galit&eacute; des genres en milieu de travail, dans le d&eacute;veloppement des comp&eacute;tences et en entrepreneuriat se poursuit tout au long de l&rsquo;ann&eacute;e.<\/span><\/p><p role=\"heading\"><span style=\"font-weight: 400;\">&laquo; Si, pour certaines personnes, la Journ&eacute;e internationale des femmes est un rendez-vous annuel, chaque jour devrait &ecirc;tre la Journ&eacute;e internationale des femmes &raquo;, a d&eacute;clar&eacute; Wendy Cukier, fondatrice du Portail de connaissances pour les femmes en entrepreneuriat (PCFE) et du Diversity Institute. &laquo; Les femmes ont atteint une quasi-parit&eacute; sur le march&eacute; du travail, mais pas sur le plan des salaires, des postes de direction ni des milieux de travail sains et inclusifs. Les femmes prennent la majorit&eacute; des d&eacute;cisions d&rsquo;achat, mais leurs besoins ne sont souvent pas pris en compte dans la conception des produits, des services et des politiques, ce qui entra&icirc;ne parfois des cons&eacute;quences graves. Les femmes continuent d&rsquo;assumer la plus grande part du travail de soins non r&eacute;mun&eacute;r&eacute;, mais leurs besoins ne sont souvent pas pleinement pris en compte en milieu de travail. L&rsquo;acc&egrave;s &agrave; des services de garde abordables change la donne, mais des d&eacute;fis persistent quant &agrave; leur mise en &oelig;uvre. M&ecirc;me si les femmes progressent dans des secteurs non traditionnels, elles demeurent soumises &agrave; des exigences plus &eacute;lev&eacute;es et se heurtent &agrave; bien davantage d&rsquo;obstacles, en particulier lorsqu&rsquo;elles sont autochtones, racis&eacute;es, handicap&eacute;es ou membres de la communaut&eacute; LGBTQ2S+. &raquo;<\/span><\/p><p role=\"heading\"><span style=\"font-weight: 400;\">Elle ajoute : &laquo; Les st&eacute;r&eacute;otypes et les pr&eacute;jug&eacute;s demeurent profond&eacute;ment ancr&eacute;s, et la r&eacute;action n&eacute;gative est bien r&eacute;elle. Dans toute l&rsquo;histoire du monde, jamais un homme n&rsquo;a &eacute;t&eacute; qualifi&eacute; d&rsquo;autoritaire parce qu&rsquo;il faisait preuve de leadership. Notre culture part du principe que les hommes sont les patrons. Les femmes qui s&rsquo;affirment, qui ont confiance en elles ou qui font preuve de leadership sont marginalis&eacute;es parce qu&rsquo;elles ne correspondent pas aux st&eacute;r&eacute;otypes f&eacute;minins. Mais les femmes qui se conforment &agrave; ces st&eacute;r&eacute;otypes de genre ne sont pas prises au s&eacute;rieux comme dirigeantes. &raquo;<\/span><\/p><p role=\"heading\"><span style=\"font-weight: 400;\">La r&eacute;action n&eacute;gative est bien r&eacute;elle et ne peut &ecirc;tre ignor&eacute;e. Certaines personnes semblent croire que &laquo; l&rsquo;&eacute;galit&eacute; entre les genres est acquise &raquo;, mais ce n&rsquo;est pas le cas. Bien que la plupart des organisations reconnaissent la valeur de l&rsquo;&eacute;quit&eacute;, de la diversit&eacute; et de l&rsquo;inclusion (EDI), et que <\/span><a href=\"https:\/\/www.torontomu.ca\/diversity\/reports\/edi-backlash-what-canadian-workers-really-think\/\" target=\"_blank\" rel=\"noopener noreferrer nofollow\"><span style=\"font-weight: 400;\">les Canadiennes et Canadiens qui appuient l&rsquo;EDI en milieu de travail soient trois fois plus nombreux que ceux qui ne l&rsquo;appuient pas<\/span><\/a><span style=\"font-weight: 400;\">, on observe des signes pr&eacute;occupants de recul et d&rsquo;essoufflement. En m&ecirc;me temps, il existe des preuves de r&eacute;ussites remarquables. Nous devons redoubler d&rsquo;efforts, particuli&egrave;rement dans le contexte actuel, pour examiner les donn&eacute;es probantes de pr&egrave;s, valider les exp&eacute;riences des femmes et, surtout, reconna&icirc;tre et c&eacute;l&eacute;brer leurs r&eacute;ussites et leurs contributions, tout en veillant &agrave; ce qu&rsquo;elles aient leur place &agrave; la table des d&eacute;cisions.<\/span><\/p><p role=\"heading\"><span style=\"font-weight: 400;\">&laquo; Soutenir les femmes entrepreneures ne consiste pas seulement &agrave; faire progresser l&rsquo;&eacute;galit&eacute; entre les genres, c&rsquo;est aussi miser sur le potentiel des femmes qui sont propri&eacute;taires de 20 % des entreprises et associ&eacute;es dans 17 % suppl&eacute;mentaires &raquo;, a d&eacute;clar&eacute; Cukier. &laquo; Dans un contexte marqu&eacute; par l&rsquo;incertitude g&eacute;opolitique et l&rsquo;&eacute;volution des relations commerciales, les femmes entrepreneures d&eacute;montrent une grande r&eacute;silience et une forte capacit&eacute; d&rsquo;adaptation. Bien que les femmes entrepreneures soient g&eacute;n&eacute;ralement concentr&eacute;es dans les secteurs des services, qui sont souvent n&eacute;glig&eacute;s, elles gagnent du terrain dans des secteurs prioritaires comme la technologie, les infrastructures, l&rsquo;agriculture, les soins de sant&eacute; et la croissance propre. Soutenir les femmes entrepreneures est essentiel pour diversifier les cha&icirc;nes d&rsquo;approvisionnement, renforcer les industries nationales et accro&icirc;tre les exportations vers de nouveaux march&eacute;s. &raquo;<\/span><\/p><p role=\"heading\"><span style=\"font-weight: 400;\">Plusieurs <\/span><a href=\"https:\/\/www.torontomu.ca\/diversity\/reports\/\" target=\"_blank\" rel=\"noopener noreferrer nofollow\"><span style=\"font-weight: 400;\">rapports r&eacute;cents du Diversity Institute<\/span><\/a><span style=\"font-weight: 400;\"> mettent en lumi&egrave;re les progr&egrave;s accomplis en mati&egrave;re d&rsquo;avancement des femmes en milieu de travail, ainsi que le travail restant &agrave; accomplir. Le rapport Au-del&agrave; des chiffres : bilan actualis&eacute; des progr&egrave;s des femmes en g&eacute;nie depuis 1992 (<\/span><a href=\"https:\/\/www.torontomu.ca\/diversity\/reports\/more_than_just_numbers\/\" target=\"_blank\" rel=\"noopener noreferrer nofollow\"><span style=\"font-weight: 400;\">The <\/span><i><span style=\"font-weight: 400;\">More Than Just Numbers Revisited: Progress on Women in Engineering Since 1992<\/span><\/i><\/a><i><span style=\"font-weight: 400;\">)<\/span><\/i><span style=\"font-weight: 400;\">, publi&eacute; en collaboration avec la Soci&eacute;t&eacute; ontarienne des ing&eacute;nieurs professionnels, montre &agrave; quel point les progr&egrave;s ont &eacute;t&eacute; lents : en 2022, les femmes repr&eacute;sentaient 25,2 % des inscriptions au premier cycle en g&eacute;nie, mais seulement 15 % des professionnelles et professionnels du g&eacute;nie au Canada.<\/span><\/p><p role=\"heading\"><span style=\"font-weight: 400;\">Notre rapport sur <\/span><a href=\"https:\/\/www.torontomu.ca\/diversity\/reports\/women-in-trades\/\" target=\"_blank\" rel=\"noopener noreferrer nofollow\"><span style=\"font-weight: 400;\">les femmes dans les m&eacute;tiers<\/span><\/a><span style=\"font-weight: 400;\"> montre que les femmes n&rsquo;occupent que 8,3 % des postes dans les m&eacute;tiers, le transport et l&rsquo;&eacute;quipement. Dans les principaux m&eacute;tiers Sceau rouge, comme l&rsquo;&eacute;lectricit&eacute;, la charpenterie, la plomberie et le service automobile, les femmes ne repr&eacute;sentent que de 4,1 % &agrave; 6,3 % des inscriptions en apprentissage.&nbsp;<\/span><\/p><p role=\"heading\"><span style=\"font-weight: 400;\">Notre rapport sur <\/span><a href=\"https:\/\/www.torontomu.ca\/diversity\/reports\/cognitive-differences-and-mental-health-in-the-workplace\/\" target=\"_blank\" rel=\"noopener noreferrer nofollow\"><span style=\"font-weight: 400;\">la sant&eacute; mentale en milieu de travail, r&eacute;alis&eacute; avec l&rsquo;Environics Institute<\/span><\/a> <span style=\"font-weight: 400;\">et appuy&eacute; par le CCF, adopte une perspective intersectionnelle sur les exp&eacute;riences des femmes handicap&eacute;es, en particulier celles ayant des probl&egrave;mes de sant&eacute; mentale et des diff&eacute;rences cognitives. Le rapport montre des &eacute;carts importants entre les hommes et les femmes dans la d&eacute;claration des handicaps et de leurs r&eacute;percussions en milieu de travail. Chez les jeunes femmes de 15 &agrave; 24 ans, les probl&egrave;mes de sant&eacute; mentale repr&eacute;sentaient 77 % des handicaps d&eacute;clar&eacute;s, soit la proportion la plus &eacute;lev&eacute;e parmi les sous-groupes fond&eacute;s sur le genre ou l&rsquo;&acirc;ge. Les femmes ayant un probl&egrave;me de sant&eacute; mentale d&eacute;clarent un taux de satisfaction au travail l&eacute;g&egrave;rement sup&eacute;rieur &agrave; celui des hommes (69 % contre 62 %), bien que ce taux demeure globalement inf&eacute;rieur &agrave; celui observ&eacute; chez les groupes pr&eacute;sentant des diff&eacute;rences cognitives (85 % contre 87 % chez les hommes) et chez les groupes ne pr&eacute;sentant aucune condition (77 % contre 80 % chez les hommes).<\/span><\/p><p role=\"heading\"><span style=\"font-weight: 400;\">Nos rapports issus du sondage sur l&rsquo;emploi et les comp&eacute;tences, r&eacute;alis&eacute;s avec l&rsquo;Environics Institute et appuy&eacute;s par le CCF, soit<\/span><a href=\"https:\/\/www.torontomu.ca\/diversity\/reports\/artificial_intelligence_at_work\/\" target=\"_blank\" rel=\"noopener noreferrer nofollow\"> <i><span style=\"font-weight: 400;\">L&rsquo;intelligence artificielle au travail<\/span><\/i><\/a><span style=\"font-weight: 400;\"> et <\/span><a href=\"https:\/\/www.torontomu.ca\/diversity\/reports\/rising-concerns-about-the-impact-of-new-technologies-on-employment\/\" target=\"_blank\" rel=\"noopener noreferrer nofollow\"><i><span style=\"font-weight: 400;\">Pr&eacute;occupations croissantes quant &agrave; l&rsquo;incidence des nouvelles technologies sur l&rsquo;emploi<\/span><\/i><\/a><span style=\"font-weight: 400;\">, montrent que l&rsquo;IA g&eacute;n&eacute;rative pourrait soit r&eacute;duire, soit accentuer la fracture num&eacute;rique. Par exemple, 47 % des femmes adoptent l&rsquo;IA, contre 53 % des hommes, ce qui repr&eacute;sente un &eacute;cart beaucoup moins important que pour d&rsquo;autres technologies.<\/span><\/p><p role=\"heading\"><span style=\"font-weight: 400;\">Notre rapport sur les Autochtones en milieu de travail : examen de l&rsquo;emploi, de la formation et de l&rsquo;IA (<\/span><a href=\"https:\/\/www.torontomu.ca\/diversity\/reports\/indigenous-peoples-in-the-workplace\/\" target=\"_blank\" rel=\"noopener noreferrer nofollow\"><span style=\"font-weight: 400;\"> Indigenous Peoples in the Workplace: Examining Employment, Training and AI<\/span><\/a><span style=\"font-weight: 400;\">) met en lumi&egrave;re des tendances distinctes chez les femmes autochtones dans leurs exp&eacute;riences en milieu de travail, notamment en ce qui concerne les conditions d&rsquo;emploi, le bien-&ecirc;tre, la participation &agrave; la formation et l&rsquo;utilisation des technologies. Par exemple, les autochtones ont indiqu&eacute; que leur formation avait men&eacute; &agrave; une promotion dans une proportion presque deux fois plus &eacute;lev&eacute;e que dans la population non autochtone (51 % contre 27 %). Une plus forte proportion de femmes autochtones que d&rsquo;hommes autochtones ont d&eacute;clar&eacute; avoir obtenu une promotion &agrave; la suite d&rsquo;une formation (55 % contre 48 %). Par ailleurs, lorsqu&rsquo;on leur a demand&eacute; comment elles percevaient leur situation financi&egrave;re au cours des six prochains mois, les hommes autochtones se montraient beaucoup plus optimistes que les femmes autochtones, en d&eacute;clarant que leur situation financi&egrave;re serait meilleure dans six mois dans une proportion presque deux fois plus &eacute;lev&eacute;e (58 % contre 31 %).<\/span><\/p><p role=\"heading\"><span style=\"font-weight: 400;\">Le <\/span><i><span style=\"font-weight: 400;\">Rapport sur l&rsquo;&eacute;tat des lieux de l&rsquo;&eacute;conomie des communaut&eacute;s noires<\/span><\/i><span style=\"font-weight: 400;\"> (<\/span><a href=\"https:\/\/www.torontomu.ca\/diversity\/reports\/state_of_black_economics_canada-2026\/\" target=\"_blank\" rel=\"noopener noreferrer nofollow\"><span style=\"font-weight: 400;\">The State of Black Economics Report (SOBER)<\/span><\/a><span style=\"font-weight: 400;\">) met en lumi&egrave;re la contribution essentielle des personnes travailleuses et des personnes entrepreneures noires &agrave; l&rsquo;&eacute;conomie canadienne, tout en faisant ressortir les &eacute;carts structurels persistants dans les parcours de formation et les r&eacute;sultats sur le march&eacute; du travail. Les femmes noires sont deux fois plus nombreuses que les hommes d&rsquo;ascendance africaine &agrave; si&eacute;ger aux conseils d&rsquo;administration des 25 plus grandes soci&eacute;t&eacute;s inscrites &agrave; la Bourse de Toronto (TSX), selon leur capitalisation boursi&egrave;re. Dans l&rsquo;ensemble, les femmes d&rsquo;ascendance africaine &eacute;taient mieux repr&eacute;sent&eacute;es au sein des conseils d&rsquo;administration que dans les postes de haute direction.<\/span><\/p><p role=\"heading\"><span style=\"font-weight: 400;\">Les recherches pr&eacute;sent&eacute;es dans le rapport <\/span><i><span style=\"font-weight: 400;\">Au-del&agrave; de l&rsquo;ACS+<\/span><\/i><span style=\"font-weight: 400;\"> mettent en lumi&egrave;re l&rsquo;application in&eacute;gale de l&rsquo;ACS+ dans une perspective d&rsquo;EDI et de r&eacute;conciliation, ainsi que le caract&egrave;re in&eacute;gal de la conformit&eacute; &agrave; l&rsquo;ACS+. Le rapport a &eacute;galement soulign&eacute; l&rsquo;importance de placer au centre la v&eacute;rit&eacute; et la r&eacute;conciliation, ainsi que les enjeux li&eacute;s &agrave; la race et au handicap, plut&ocirc;t que de les traiter comme des &eacute;l&eacute;ments accessoires. Enfin, le rapport a mis en &eacute;vidence l&rsquo;importance cruciale de consid&eacute;rer l&rsquo;EDI comme un &eacute;l&eacute;ment central pour r&eacute;pondre aux besoins d&rsquo;une population de plus en plus diversifi&eacute;e et pour soutenir le rendement organisationnel, plut&ocirc;t que comme une simple exigence de conformit&eacute; ou une case &agrave; cocher.<\/span><\/p><h2><b>De la recherche &agrave; l&rsquo;impact &agrave; l&rsquo;&eacute;chelle mondiale<\/b><\/h2><p role=\"heading\"><span style=\"font-weight: 400;\">La Dre Wendy Cukier a pr&eacute;sent&eacute; les principaux constats du rapport et d&rsquo;autres travaux de recherche lorsqu&rsquo;elle a r&eacute;cemment <\/span><a href=\"https:\/\/sencanada.ca\/en\/committees\/RIDR\/noticeofmeeting\/683201\/45-1\" target=\"_blank\" rel=\"noopener noreferrer nofollow\"><span style=\"font-weight: 400;\">t&eacute;moign&eacute;<\/span><\/a><span style=\"font-weight: 400;\"> devant le Comit&eacute; s&eacute;natorial permanent des droits de la personne du Canada, dans le cadre de son &eacute;tude sur l&rsquo;&eacute;quit&eacute; en mati&egrave;re d&rsquo;emploi, en soulignant l&rsquo;importance de poursuivre les efforts visant &agrave; moderniser la Loi sur l&rsquo;&eacute;quit&eacute; en mati&egrave;re d&rsquo;emploi. Malgr&eacute; le discours ambiant et la r&eacute;action n&eacute;gative, le lien entre l&rsquo;EDI et le rendement organisationnel demeure solide, tout comme l&rsquo;appui du public. <\/span><a href=\"https:\/\/www.torontomu.ca\/diversity\/reports\/edi-backlash-what-canadian-workers-really-think\/\" target=\"_blank\" rel=\"noopener noreferrer nofollow\"><span style=\"font-weight: 400;\">Les recherches du Diversity Institute<\/span><\/a><span style=\"font-weight: 400;\"> montrent que 54 % des Canadiennes et Canadiens ont une opinion positive de l&rsquo;EDI, contre 16 % qui en ont une opinion n&eacute;gative, et que les femmes sont plus nombreuses (57 %) que les hommes (50 %) &agrave; percevoir l&rsquo;EDI favorablement. Bien qu&rsquo;il soit clairement &eacute;tabli que &ldquo;ce qui est mesur&eacute; est fait&rdquo;, et que les secteurs sous r&eacute;glementation f&eacute;d&eacute;rale affichent g&eacute;n&eacute;ralement de meilleurs r&eacute;sultats que les autres sur le plan de la repr&eacute;sentation des femmes et des autres groupes d&eacute;sign&eacute;s, la Loi sur l&rsquo;&eacute;quit&eacute; en mati&egrave;re d&rsquo;emploi du Canada ne s&rsquo;applique actuellement qu&rsquo;&agrave; moins de 8 % de l&rsquo;effectif canadien, soit environ 1,54 million de membres du personnel en 2020, et des lacunes importantes persistent dans sa mise en &oelig;uvre.<\/span><\/p><p role=\"heading\"><span style=\"font-weight: 400;\">Le Diversity Institute et ses carrefours r&eacute;gionaux participent activement &agrave; des &eacute;v&eacute;nements organis&eacute;s partout dans le monde &agrave; l&rsquo;occasion de la Journ&eacute;e internationale des femmes, tout en appuyant une s&eacute;rie d&rsquo;activit&eacute;s partout au Canada, notamment <\/span><i><span style=\"font-weight: 400;\">IWD on the Hill<\/span><\/i><span style=\"font-weight: 400;\">, <\/span><i><span style=\"font-weight: 400;\">Women Inspire<\/span><\/i><span style=\"font-weight: 400;\"> avec la Casa Foundation for International Business, le gala <\/span><i><span style=\"font-weight: 400;\">YWCA Women of Distinction<\/span><\/i><span style=\"font-weight: 400;\">, la c&eacute;l&eacute;bration de la Journ&eacute;e internationale des femmes de PARO, et bien d&rsquo;autres encore.<\/span><\/p><p role=\"heading\"><span style=\"font-weight: 400;\">Mais le travail du Diversity Institute, du CCF et du PCFE s&rsquo;&eacute;tend au-del&agrave; des fronti&egrave;res du Canada. Ce mois-ci, des membres de l&rsquo;&eacute;quipe de recherche participent &agrave; la Commission de la condition de la femme des Nations Unies (<\/span><a href=\"https:\/\/www.unwomen.org\/en\/how-we-work\/commission-on-the-status-of-women\" target=\"_blank\" rel=\"noopener noreferrer nofollow\"><span style=\"font-weight: 400;\">UN Commission on the Status of Women<\/span><\/a><span style=\"font-weight: 400;\">), &agrave; New York, dans le cadre d&rsquo;un panel sur le th&egrave;me <\/span><i><span style=\"font-weight: 400;\">Justice pour les femmes dans un contexte de virage des politiques d&rsquo;immigration en Am&eacute;rique du Nord<\/span><\/i><span style=\"font-weight: 400;\"> (<\/span><i><span style=\"font-weight: 400;\">Justice for Women Amid North America&rsquo;s Immigration Policy Shift<\/span><\/i><span style=\"font-weight: 400;\">), organis&eacute; par ONU Femmes, la CAMEUS, soit l&rsquo;alliance nord-am&eacute;ricaine regroupant la F&eacute;d&eacute;ration canadienne des femmes dipl&ocirc;m&eacute;es des universit&eacute;s (the North American alliance of <\/span><a href=\"https:\/\/www.cfuw.org\/\" target=\"_blank\" rel=\"noopener noreferrer nofollow\"><span style=\"font-weight: 400;\">Canadian Federation of University Women<\/span><\/a><span style=\"font-weight: 400;\"> (CFUW)), <\/span><a href=\"https:\/\/wg-usa.org\/\" target=\"_blank\" rel=\"noopener noreferrer nofollow\"><span style=\"font-weight: 400;\">Women Graduates&ndash;USA<\/span><\/a><span style=\"font-weight: 400;\"> (WG-USA) et la F&eacute;d&eacute;ration mexicaine des femmes dipl&ocirc;m&eacute;es des universit&eacute;s (<\/span><a href=\"https:\/\/femumex.org\/en\/\" target=\"_blank\" rel=\"noopener noreferrer nofollow\"><span style=\"font-weight: 400;\">The Mexican Federation of University Women<\/span><\/a><span style=\"font-weight: 400;\"> (FEMU)). Parmi les autres personnes intervenantes figurent Kathleen Bush-Joseph, du Migration Policy Institute (MPI), la Dre Elisa Ortega-Vel&aacute;zquez, de l&rsquo;Institut de recherche juridique (<\/span><i><span style=\"font-weight: 400;\">Institute of Legal Research<\/span><\/i><span style=\"font-weight: 400;\">) de l&rsquo;Universidad Nacional Aut&oacute;noma de M&eacute;xico (Universidad Nacional Aut&oacute;noma de M&eacute;xico&rsquo;s (UNAM)), ainsi que la Dre Nirshila Chand, DrPH, MPH, sp&eacute;cialiste de la sant&eacute; publique guid&eacute;e par une mission sociale. Le Diversity Institute mettra particuli&egrave;rement l&rsquo;accent sur ce que Wendy Cukier d&eacute;crit comme l&rsquo;avantage concurrentiel mondial du Canada : sa diaspora immigrante.<\/span><\/p><p role=\"heading\"><span style=\"font-weight: 400;\">Le Diversity Institute est &eacute;galement bien repr&eacute;sent&eacute; au W20, Wendy Cukier se joignant &agrave; Tania Saba, copr&eacute;sidente de la d&eacute;l&eacute;gation canadienne du W20 et titulaire de la Chaire BMO sur la diversit&eacute; et la gouvernance &agrave; l&rsquo;Universit&eacute; de Montr&eacute;al, ainsi qu&rsquo;&agrave; Tamara Thermitus, chercheuse principale distingu&eacute;e Boulton &agrave; l&rsquo;Universit&eacute; McGill et d&eacute;l&eacute;gu&eacute;e canadienne du W20, dans le cadre de la r&eacute;union inaugurale. Tania Saba copr&eacute;side le groupe de travail sur l&rsquo;&eacute;conomie du soin et l&rsquo;autonomisation &eacute;conomique des femmes, tandis que Wendy Cukier participe au groupe de travail sur l&rsquo;entrepreneuriat, reconnu &agrave; l&rsquo;&eacute;chelle mondiale pour son r&ocirc;le moteur dans la croissance &eacute;conomique inclusive, l&rsquo;innovation et la cr&eacute;ation d&rsquo;emplois. La <\/span><a href=\"https:\/\/www.unwomen.org\/en\/how-we-work\/commission-on-the-status-of-women\/csw70-2026\/official-meetings\" target=\"_blank\" rel=\"noopener noreferrer nofollow\"><span style=\"font-weight: 400;\">r&eacute;union<\/span><\/a><span style=\"font-weight: 400;\"> inaugurale se tiendra &agrave; New York le vendredi 13 mars, en parall&egrave;le de la CSW.<\/span><\/p><p role=\"heading\"><span style=\"font-weight: 400;\">Cette ann&eacute;e encore, le Diversity Institute sera &eacute;galement bien repr&eacute;sent&eacute; au prochain Forum permanent des Nations Unies pour les personnes d&rsquo;ascendance africaine (<\/span><a href=\"https:\/\/www.ohchr.org\/en\/events\/sessions\/2026\/fifth-session-permanent-forum-people-african-descent\" target=\"_blank\" rel=\"noopener noreferrer nofollow\"><span style=\"font-weight: 400;\">UN Permanent Forum for People of African Descent in Geneva<\/span><\/a><span style=\"font-weight: 400;\">), &agrave; Gen&egrave;ve, en apportant une perspective de genre et intersectionnelle aux &eacute;changes. Nancy Mitchell, directrice des services-conseils au Diversity Institute, le Dr Mohamed Elmi, directeur g&eacute;n&eacute;ral du Diversity Institute, et Tamara Thermitus, chercheuse principale au Centre pour les droits de la personne et le pluralisme juridique de l&rsquo;Universit&eacute; McGill, se joindront &agrave; Gaynel Curry, experte ind&eacute;pendante membre du Forum permanent des Nations Unies pour les personnes d&rsquo;ascendance africaine, dans le cadre d&rsquo;une activit&eacute; parall&egrave;le portant sur de nouvelles recherches mondiales sur la repr&eacute;sentation intersectionnelle des personnes noires, et mettront en lumi&egrave;re les exp&eacute;riences diff&eacute;renci&eacute;es des femmes noires dans les domaines de l&rsquo;&eacute;ducation, de l&rsquo;emploi, du leadership et de l&rsquo;entrepreneuriat.<\/span><\/p>\n","protected":false},"excerpt":{"rendered":"<p>&hellip;<\/p>\n","protected":false},"author":8230,"featured_media":142242,"comment_status":"closed","ping_status":"closed","sticky":false,"template":"","format":"standard","meta":{"_acf_changed":false,"_bbp_topic_count":0,"_bbp_reply_count":0,"_bbp_total_topic_count":0,"_bbp_total_reply_count":0,"_bbp_voice_count":0,"_bbp_anonymous_reply_count":0,"_bbp_topic_count_hidden":0,"_bbp_reply_count_hidden":0,"_bbp_forum_subforum_count":0,"footnotes":""},"categories":[6337,6339,6329,6347],"tags":[],"class_list":["post-142231","post","type-post","status-publish","format-standard","has-post-thumbnail","hentry","category-annonce","category-communiques-de-presse","category-femmes-entrepreneures","category-nouvelles"],"acf":[],"yoast_head":"<!-- This site is optimized with the Yoast SEO plugin v27.5 - https:\/\/yoast.com\/product\/yoast-seo-wordpress\/ -->\n<title>Women Build Canada : reconna\u00eetre les contributions \u00e9conomiques des femmes \u00e0 l\u2019occasion de la Journ\u00e9e internationale des femmes et au-del\u00e0 - WEKH-PCFE<\/title>\n<meta name=\"robots\" content=\"index, follow, max-snippet:-1, max-image-preview:large, max-video-preview:-1\" \/>\n<link rel=\"canonical\" href=\"https:\/\/wekh.ca\/fr\/women-build-canada-reconnaitre-les-contributions-economiques-des-femmes\/\" \/>\n<meta property=\"og:locale\" content=\"fr_FR\" \/>\n<meta property=\"og:type\" content=\"article\" \/>\n<meta property=\"og:title\" content=\"Women Build Canada : reconna\u00eetre les contributions \u00e9conomiques des femmes \u00e0 l\u2019occasion de la Journ\u00e9e internationale des femmes et au-del\u00e0 - WEKH-PCFE\" \/>\n<meta property=\"og:description\" content=\"&hellip;\" \/>\n<meta property=\"og:url\" content=\"https:\/\/wekh.ca\/fr\/women-build-canada-reconnaitre-les-contributions-economiques-des-femmes\/\" \/>\n<meta property=\"og:site_name\" content=\"WEKH-PCFE\" \/>\n<meta property=\"article:published_time\" content=\"2026-03-09T21:25:32+00:00\" \/>\n<meta property=\"article:modified_time\" content=\"2026-03-10T18:53:41+00:00\" \/>\n<meta property=\"og:image\" content=\"https:\/\/wekh.ca\/wp-content\/uploads\/2026\/03\/iStock-2260905654.jpg\" \/>\n\t<meta property=\"og:image:width\" content=\"1411\" \/>\n\t<meta property=\"og:image:height\" content=\"744\" \/>\n\t<meta property=\"og:image:type\" content=\"image\/jpeg\" \/>\n<meta name=\"author\" content=\"Deirdre O&#039;Beirne-Rosaeg\" \/>\n<meta name=\"twitter:card\" content=\"summary_large_image\" \/>\n<meta name=\"twitter:label1\" content=\"\u00c9crit par\" \/>\n\t<meta name=\"twitter:data1\" content=\"Deirdre O&#039;Beirne-Rosaeg\" \/>\n\t<meta name=\"twitter:label2\" content=\"Dur\u00e9e de lecture estim\u00e9e\" \/>\n\t<meta name=\"twitter:data2\" content=\"11 minutes\" \/>\n<script type=\"application\/ld+json\" class=\"yoast-schema-graph\">{\"@context\":\"https:\\\/\\\/schema.org\",\"@graph\":[{\"@type\":\"Article\",\"@id\":\"https:\\\/\\\/wekh.ca\\\/fr\\\/women-build-canada-reconnaitre-les-contributions-economiques-des-femmes\\\/#article\",\"isPartOf\":{\"@id\":\"https:\\\/\\\/wekh.ca\\\/fr\\\/women-build-canada-reconnaitre-les-contributions-economiques-des-femmes\\\/\"},\"author\":{\"name\":\"Deirdre O'Beirne-Rosaeg\",\"@id\":\"https:\\\/\\\/wekh.ca\\\/#\\\/schema\\\/person\\\/0ef71c822bc3208949644604ff2b1bc3\"},\"headline\":\"Women Build Canada : reconna\u00eetre les contributions \u00e9conomiques des femmes \u00e0 l\u2019occasion de la Journ\u00e9e internationale des femmes et au-del\u00e0\",\"datePublished\":\"2026-03-09T21:25:32+00:00\",\"dateModified\":\"2026-03-10T18:53:41+00:00\",\"mainEntityOfPage\":{\"@id\":\"https:\\\/\\\/wekh.ca\\\/fr\\\/women-build-canada-reconnaitre-les-contributions-economiques-des-femmes\\\/\"},\"wordCount\":2654,\"publisher\":{\"@id\":\"https:\\\/\\\/wekh.ca\\\/#organization\"},\"image\":{\"@id\":\"https:\\\/\\\/wekh.ca\\\/fr\\\/women-build-canada-reconnaitre-les-contributions-economiques-des-femmes\\\/#primaryimage\"},\"thumbnailUrl\":\"https:\\\/\\\/wekh.ca\\\/wp-content\\\/uploads\\\/2026\\\/03\\\/iStock-2260905654.jpg\",\"articleSection\":[\"Annonce\",\"Communiqu\u00e9s de presse\",\"Femmes Entrepreneures\",\"Nouvelles\"],\"inLanguage\":\"fr-FR\"},{\"@type\":\"WebPage\",\"@id\":\"https:\\\/\\\/wekh.ca\\\/fr\\\/women-build-canada-reconnaitre-les-contributions-economiques-des-femmes\\\/\",\"url\":\"https:\\\/\\\/wekh.ca\\\/fr\\\/women-build-canada-reconnaitre-les-contributions-economiques-des-femmes\\\/\",\"name\":\"Women Build Canada : reconna\u00eetre les contributions \u00e9conomiques des femmes \u00e0 l\u2019occasion de la Journ\u00e9e internationale des femmes et au-del\u00e0 - WEKH-PCFE\",\"isPartOf\":{\"@id\":\"https:\\\/\\\/wekh.ca\\\/#website\"},\"primaryImageOfPage\":{\"@id\":\"https:\\\/\\\/wekh.ca\\\/fr\\\/women-build-canada-reconnaitre-les-contributions-economiques-des-femmes\\\/#primaryimage\"},\"image\":{\"@id\":\"https:\\\/\\\/wekh.ca\\\/fr\\\/women-build-canada-reconnaitre-les-contributions-economiques-des-femmes\\\/#primaryimage\"},\"thumbnailUrl\":\"https:\\\/\\\/wekh.ca\\\/wp-content\\\/uploads\\\/2026\\\/03\\\/iStock-2260905654.jpg\",\"datePublished\":\"2026-03-09T21:25:32+00:00\",\"dateModified\":\"2026-03-10T18:53:41+00:00\",\"breadcrumb\":{\"@id\":\"https:\\\/\\\/wekh.ca\\\/fr\\\/women-build-canada-reconnaitre-les-contributions-economiques-des-femmes\\\/#breadcrumb\"},\"inLanguage\":\"fr-FR\",\"potentialAction\":[{\"@type\":\"ReadAction\",\"target\":[\"https:\\\/\\\/wekh.ca\\\/fr\\\/women-build-canada-reconnaitre-les-contributions-economiques-des-femmes\\\/\"]}]},{\"@type\":\"ImageObject\",\"inLanguage\":\"fr-FR\",\"@id\":\"https:\\\/\\\/wekh.ca\\\/fr\\\/women-build-canada-reconnaitre-les-contributions-economiques-des-femmes\\\/#primaryimage\",\"url\":\"https:\\\/\\\/wekh.ca\\\/wp-content\\\/uploads\\\/2026\\\/03\\\/iStock-2260905654.jpg\",\"contentUrl\":\"https:\\\/\\\/wekh.ca\\\/wp-content\\\/uploads\\\/2026\\\/03\\\/iStock-2260905654.jpg\",\"width\":1411,\"height\":744,\"caption\":\"Two women engineers working at a computer.\"},{\"@type\":\"BreadcrumbList\",\"@id\":\"https:\\\/\\\/wekh.ca\\\/fr\\\/women-build-canada-reconnaitre-les-contributions-economiques-des-femmes\\\/#breadcrumb\",\"itemListElement\":[{\"@type\":\"ListItem\",\"position\":1,\"name\":\"Home\",\"item\":\"https:\\\/\\\/wekh.ca\\\/\"},{\"@type\":\"ListItem\",\"position\":2,\"name\":\"Women Build Canada : reconna\u00eetre les contributions \u00e9conomiques des femmes \u00e0 l\u2019occasion de la Journ\u00e9e internationale des femmes et au-del\u00e0\"}]},{\"@type\":\"WebSite\",\"@id\":\"https:\\\/\\\/wekh.ca\\\/#website\",\"url\":\"https:\\\/\\\/wekh.ca\\\/\",\"name\":\"WEKH-PCFE\",\"description\":\"Women Entrepreneurship Knowledge Hub\",\"publisher\":{\"@id\":\"https:\\\/\\\/wekh.ca\\\/#organization\"},\"potentialAction\":[{\"@type\":\"SearchAction\",\"target\":{\"@type\":\"EntryPoint\",\"urlTemplate\":\"https:\\\/\\\/wekh.ca\\\/?s={search_term_string}\"},\"query-input\":{\"@type\":\"PropertyValueSpecification\",\"valueRequired\":true,\"valueName\":\"search_term_string\"}}],\"inLanguage\":\"fr-FR\"},{\"@type\":\"Organization\",\"@id\":\"https:\\\/\\\/wekh.ca\\\/#organization\",\"name\":\"WEKH-PCFE\",\"url\":\"https:\\\/\\\/wekh.ca\\\/\",\"logo\":{\"@type\":\"ImageObject\",\"inLanguage\":\"fr-FR\",\"@id\":\"https:\\\/\\\/wekh.ca\\\/#\\\/schema\\\/logo\\\/image\\\/\",\"url\":\"https:\\\/\\\/wekh.ca\\\/wp-content\\\/uploads\\\/2024\\\/09\\\/Wekh-PCFE-Logo.png\",\"contentUrl\":\"https:\\\/\\\/wekh.ca\\\/wp-content\\\/uploads\\\/2024\\\/09\\\/Wekh-PCFE-Logo.png\",\"width\":917,\"height\":498,\"caption\":\"WEKH-PCFE\"},\"image\":{\"@id\":\"https:\\\/\\\/wekh.ca\\\/#\\\/schema\\\/logo\\\/image\\\/\"}},{\"@type\":\"Person\",\"@id\":\"https:\\\/\\\/wekh.ca\\\/#\\\/schema\\\/person\\\/0ef71c822bc3208949644604ff2b1bc3\",\"name\":\"Deirdre O'Beirne-Rosaeg\",\"image\":{\"@type\":\"ImageObject\",\"inLanguage\":\"fr-FR\",\"@id\":\"\\\/\\\/www.gravatar.com\\\/avatar\\\/98f91f9a9ad188875b736ec7873d9e41?s=96&#038;r=g&#038;d=mm\",\"url\":\"\\\/\\\/www.gravatar.com\\\/avatar\\\/98f91f9a9ad188875b736ec7873d9e41?s=96&#038;r=g&#038;d=mm\",\"contentUrl\":\"\\\/\\\/www.gravatar.com\\\/avatar\\\/98f91f9a9ad188875b736ec7873d9e41?s=96&#038;r=g&#038;d=mm\",\"caption\":\"Deirdre O'Beirne-Rosaeg\"},\"url\":\"https:\\\/\\\/wekh.ca\\\/fr\\\/author\\\/deirdre\\\/\"}]}<\/script>\n<!-- \/ Yoast SEO plugin. -->","yoast_head_json":{"title":"Women Build Canada : reconna\u00eetre les contributions \u00e9conomiques des femmes \u00e0 l\u2019occasion de la Journ\u00e9e internationale des femmes et au-del\u00e0 - WEKH-PCFE","robots":{"index":"index","follow":"follow","max-snippet":"max-snippet:-1","max-image-preview":"max-image-preview:large","max-video-preview":"max-video-preview:-1"},"canonical":"https:\/\/wekh.ca\/fr\/women-build-canada-reconnaitre-les-contributions-economiques-des-femmes\/","og_locale":"fr_FR","og_type":"article","og_title":"Women Build Canada : reconna\u00eetre les contributions \u00e9conomiques des femmes \u00e0 l\u2019occasion de la Journ\u00e9e internationale des femmes et au-del\u00e0 - WEKH-PCFE","og_description":"&hellip;","og_url":"https:\/\/wekh.ca\/fr\/women-build-canada-reconnaitre-les-contributions-economiques-des-femmes\/","og_site_name":"WEKH-PCFE","article_published_time":"2026-03-09T21:25:32+00:00","article_modified_time":"2026-03-10T18:53:41+00:00","og_image":[{"width":1411,"height":744,"url":"https:\/\/wekh.ca\/wp-content\/uploads\/2026\/03\/iStock-2260905654.jpg","type":"image\/jpeg"}],"author":"Deirdre O'Beirne-Rosaeg","twitter_card":"summary_large_image","twitter_misc":{"\u00c9crit par":"Deirdre O'Beirne-Rosaeg","Dur\u00e9e de lecture estim\u00e9e":"11 minutes"},"schema":{"@context":"https:\/\/schema.org","@graph":[{"@type":"Article","@id":"https:\/\/wekh.ca\/fr\/women-build-canada-reconnaitre-les-contributions-economiques-des-femmes\/#article","isPartOf":{"@id":"https:\/\/wekh.ca\/fr\/women-build-canada-reconnaitre-les-contributions-economiques-des-femmes\/"},"author":{"name":"Deirdre O'Beirne-Rosaeg","@id":"https:\/\/wekh.ca\/#\/schema\/person\/0ef71c822bc3208949644604ff2b1bc3"},"headline":"Women Build Canada : reconna\u00eetre les contributions \u00e9conomiques des femmes \u00e0 l\u2019occasion de la Journ\u00e9e internationale des femmes et au-del\u00e0","datePublished":"2026-03-09T21:25:32+00:00","dateModified":"2026-03-10T18:53:41+00:00","mainEntityOfPage":{"@id":"https:\/\/wekh.ca\/fr\/women-build-canada-reconnaitre-les-contributions-economiques-des-femmes\/"},"wordCount":2654,"publisher":{"@id":"https:\/\/wekh.ca\/#organization"},"image":{"@id":"https:\/\/wekh.ca\/fr\/women-build-canada-reconnaitre-les-contributions-economiques-des-femmes\/#primaryimage"},"thumbnailUrl":"https:\/\/wekh.ca\/wp-content\/uploads\/2026\/03\/iStock-2260905654.jpg","articleSection":["Annonce","Communiqu\u00e9s de presse","Femmes Entrepreneures","Nouvelles"],"inLanguage":"fr-FR"},{"@type":"WebPage","@id":"https:\/\/wekh.ca\/fr\/women-build-canada-reconnaitre-les-contributions-economiques-des-femmes\/","url":"https:\/\/wekh.ca\/fr\/women-build-canada-reconnaitre-les-contributions-economiques-des-femmes\/","name":"Women Build Canada : reconna\u00eetre les contributions \u00e9conomiques des femmes \u00e0 l\u2019occasion de la Journ\u00e9e internationale des femmes et au-del\u00e0 - WEKH-PCFE","isPartOf":{"@id":"https:\/\/wekh.ca\/#website"},"primaryImageOfPage":{"@id":"https:\/\/wekh.ca\/fr\/women-build-canada-reconnaitre-les-contributions-economiques-des-femmes\/#primaryimage"},"image":{"@id":"https:\/\/wekh.ca\/fr\/women-build-canada-reconnaitre-les-contributions-economiques-des-femmes\/#primaryimage"},"thumbnailUrl":"https:\/\/wekh.ca\/wp-content\/uploads\/2026\/03\/iStock-2260905654.jpg","datePublished":"2026-03-09T21:25:32+00:00","dateModified":"2026-03-10T18:53:41+00:00","breadcrumb":{"@id":"https:\/\/wekh.ca\/fr\/women-build-canada-reconnaitre-les-contributions-economiques-des-femmes\/#breadcrumb"},"inLanguage":"fr-FR","potentialAction":[{"@type":"ReadAction","target":["https:\/\/wekh.ca\/fr\/women-build-canada-reconnaitre-les-contributions-economiques-des-femmes\/"]}]},{"@type":"ImageObject","inLanguage":"fr-FR","@id":"https:\/\/wekh.ca\/fr\/women-build-canada-reconnaitre-les-contributions-economiques-des-femmes\/#primaryimage","url":"https:\/\/wekh.ca\/wp-content\/uploads\/2026\/03\/iStock-2260905654.jpg","contentUrl":"https:\/\/wekh.ca\/wp-content\/uploads\/2026\/03\/iStock-2260905654.jpg","width":1411,"height":744,"caption":"Two women engineers working at a computer."},{"@type":"BreadcrumbList","@id":"https:\/\/wekh.ca\/fr\/women-build-canada-reconnaitre-les-contributions-economiques-des-femmes\/#breadcrumb","itemListElement":[{"@type":"ListItem","position":1,"name":"Home","item":"https:\/\/wekh.ca\/"},{"@type":"ListItem","position":2,"name":"Women Build Canada : reconna\u00eetre les contributions \u00e9conomiques des femmes \u00e0 l\u2019occasion de la Journ\u00e9e internationale des femmes et au-del\u00e0"}]},{"@type":"WebSite","@id":"https:\/\/wekh.ca\/#website","url":"https:\/\/wekh.ca\/","name":"WEKH-PCFE","description":"Women Entrepreneurship Knowledge Hub","publisher":{"@id":"https:\/\/wekh.ca\/#organization"},"potentialAction":[{"@type":"SearchAction","target":{"@type":"EntryPoint","urlTemplate":"https:\/\/wekh.ca\/?s={search_term_string}"},"query-input":{"@type":"PropertyValueSpecification","valueRequired":true,"valueName":"search_term_string"}}],"inLanguage":"fr-FR"},{"@type":"Organization","@id":"https:\/\/wekh.ca\/#organization","name":"WEKH-PCFE","url":"https:\/\/wekh.ca\/","logo":{"@type":"ImageObject","inLanguage":"fr-FR","@id":"https:\/\/wekh.ca\/#\/schema\/logo\/image\/","url":"https:\/\/wekh.ca\/wp-content\/uploads\/2024\/09\/Wekh-PCFE-Logo.png","contentUrl":"https:\/\/wekh.ca\/wp-content\/uploads\/2024\/09\/Wekh-PCFE-Logo.png","width":917,"height":498,"caption":"WEKH-PCFE"},"image":{"@id":"https:\/\/wekh.ca\/#\/schema\/logo\/image\/"}},{"@type":"Person","@id":"https:\/\/wekh.ca\/#\/schema\/person\/0ef71c822bc3208949644604ff2b1bc3","name":"Deirdre O'Beirne-Rosaeg","image":{"@type":"ImageObject","inLanguage":"fr-FR","@id":"\/\/www.gravatar.com\/avatar\/98f91f9a9ad188875b736ec7873d9e41?s=96&#038;r=g&#038;d=mm","url":"\/\/www.gravatar.com\/avatar\/98f91f9a9ad188875b736ec7873d9e41?s=96&#038;r=g&#038;d=mm","contentUrl":"\/\/www.gravatar.com\/avatar\/98f91f9a9ad188875b736ec7873d9e41?s=96&#038;r=g&#038;d=mm","caption":"Deirdre O'Beirne-Rosaeg"},"url":"https:\/\/wekh.ca\/fr\/author\/deirdre\/"}]}},"_links":{"self":[{"href":"https:\/\/wekh.ca\/fr\/wp-json\/wp\/v2\/posts\/142231","targetHints":{"allow":["GET"]}}],"collection":[{"href":"https:\/\/wekh.ca\/fr\/wp-json\/wp\/v2\/posts"}],"about":[{"href":"https:\/\/wekh.ca\/fr\/wp-json\/wp\/v2\/types\/post"}],"author":[{"embeddable":true,"href":"https:\/\/wekh.ca\/fr\/wp-json\/wp\/v2\/users\/8230"}],"replies":[{"embeddable":true,"href":"https:\/\/wekh.ca\/fr\/wp-json\/wp\/v2\/comments?post=142231"}],"version-history":[{"count":5,"href":"https:\/\/wekh.ca\/fr\/wp-json\/wp\/v2\/posts\/142231\/revisions"}],"predecessor-version":[{"id":142248,"href":"https:\/\/wekh.ca\/fr\/wp-json\/wp\/v2\/posts\/142231\/revisions\/142248"}],"wp:featuredmedia":[{"embeddable":true,"href":"https:\/\/wekh.ca\/fr\/wp-json\/wp\/v2\/media\/142242"}],"wp:attachment":[{"href":"https:\/\/wekh.ca\/fr\/wp-json\/wp\/v2\/media?parent=142231"}],"wp:term":[{"taxonomy":"category","embeddable":true,"href":"https:\/\/wekh.ca\/fr\/wp-json\/wp\/v2\/categories?post=142231"},{"taxonomy":"post_tag","embeddable":true,"href":"https:\/\/wekh.ca\/fr\/wp-json\/wp\/v2\/tags?post=142231"}],"curies":[{"name":"wp","href":"https:\/\/api.w.org\/{rel}","templated":true}]}}